{"id":14892,"date":"2024-01-02T18:41:07","date_gmt":"2024-01-02T18:41:07","guid":{"rendered":"https:\/\/www.valadascoriel.com\/?p=14892"},"modified":"2024-02-09T18:20:05","modified_gmt":"2024-02-09T18:20:05","slug":"joao-coriel-e-sofia-quental-contribuem-para-o-guia-de-planeamento-de-herancas-internacionais-da-iba-foco-em-portugal","status":"publish","type":"post","link":"https:\/\/www.valadascoriel.com\/pt-pt\/joao-coriel-e-sofia-quental-contribuem-para-o-guia-de-planeamento-de-herancas-internacionais-da-iba-foco-em-portugal\/","title":{"rendered":"Jo\u00e3o Coriel e Sofia Quental Contribuem para o Guia de Planeamento de Heran\u00e7as Internacionais da IBA: Foco em Portugal"},"content":{"rendered":"\n<h4 class=\"wp-block-heading has-primary-color has-text-color has-link-color wp-elements-248e2c1984898b4592c046d3b4d2621a\" id=\"h-o-nosso-managing-partner-joao-coriel-e-a-nossa-socia-de-fiscal-sofia-quental-fizeram-recentemente-uma-contribuicao-significativa-para-os-guias-de-planeamento-de-herancas-internacionais-da-associacao-internacional-de-advogados-iba-estes-guias-preparados-pelo-comite-de-fiscalidade-e-clientes-privados-da-iba-refletem-um-esforco-coletivo-de-especialistas-na-area\">O nosso <em>managing partner<\/em>, Jo\u00e3o Coriel, e a nossa s\u00f3cia de Fiscal, Sofia Quental, fizeram recentemente uma contribui\u00e7\u00e3o significativa para os Guias de Planeamento de Heran\u00e7as Internacionais da Associa\u00e7\u00e3o Internacional de Advogados (IBA). Estes guias, preparados pelo Comit\u00e9 de Fiscalidade e Clientes Privados da IBA, refletem um esfor\u00e7o coletivo de especialistas na \u00e1rea.<\/h4>\n\n\n\n<p>Os Guias de Planeamento de Heran\u00e7as Internacionais da IBA s\u00e3o um recurso abrangente destinado a auxiliar os profissionais na complexa \u00e1rea de planeamento de heran\u00e7as a n\u00edvel internacional. Funcionam como uma refer\u00eancia essencial para entender as nuances do planeamento de heran\u00e7as em diferentes jurisdi\u00e7\u00f5es, oferecendo insights valiosos e orienta\u00e7\u00f5es para profissionais jur\u00eddicos em todo o mundo.<\/p>\n\n\n\n<p>A contribui\u00e7\u00e3o de Jo\u00e3o Coriel e Sofia Quental para estes guias foca-se especificamente no \u00e2mbito do <a href=\"https:\/\/www.ibanet.org\/document?id=estate-planning-guides-Portugal-Sept-23\" target=\"_blank\" rel=\"noreferrer noopener\"><strong>planeamento de heran\u00e7as em Portugal<\/strong><\/a>. A sua participa\u00e7\u00e3o fornece uma an\u00e1lise aprofundada do quadro legal portugu\u00eas, incluindo aspetos cr\u00edticos como implica\u00e7\u00f5es fiscais, leis de heran\u00e7a e considera\u00e7\u00f5es de planeamento de heran\u00e7as transfronteiri\u00e7as. Esta contribui\u00e7\u00e3o visa oferecer orienta\u00e7\u00f5es pr\u00e1ticas e informa\u00e7\u00f5es atualizadas para aqueles que lidam com quest\u00f5es de planeamento de heran\u00e7as no contexto portugu\u00eas.<\/p>\n\n\n\n<p>A sua participa\u00e7\u00e3o neste projeto \u00e9 um testemunho da sua experi\u00eancia e profundo entendimento da paisagem legal em Portugal. Sublinha tamb\u00e9m a dedica\u00e7\u00e3o do nosso escrit\u00f3rio em contribuir para o conhecimento jur\u00eddico global e em estar na vanguarda dos desenvolvimentos legais internacionais.<\/p>\n\n\n\n<p>Os Guias de Planeamento de Heran\u00e7as Internacionais da IBA, incluindo a sec\u00e7\u00e3o sobre Portugal, est\u00e3o acess\u00edveis <a href=\"https:\/\/www.ibanet.org\/internationalestateplanningguides\" target=\"_blank\" rel=\"noreferrer noopener\">atrav\u00e9s do site da IBA<\/a>. Este recurso \u00e9 inestim\u00e1vel para profissionais, clientes e estudantes, oferecendo um entendimento completo sobre o planeamento de heran\u00e7as em v\u00e1rias jurisdi\u00e7\u00f5es, incluindo Portugal.<\/p>\n\n\n\n<div style=\"height:10px\" aria-hidden=\"true\" class=\"wp-block-spacer\"><\/div>\n\n\n<div class=\"odin-buttons inherit\">\n\t<a href=\"https:\/\/www.ibanet.org\/document?id=estate-planning-guides-Portugal-Sept-23\" class=\"odin-button odin-button-primary\">\n\t<span>\n\t\t<span class=\"odin-button-anchor\">Leia o Guia de Portugal aqui<\/span>\n\t<\/span>\n<\/a><\/div>\n\n<div class=\"odin-buttons justify-content-end\">\n\t<a href=\"https:\/\/www.valadascoriel.com\/pt-pt\/contato\/\" class=\"odin-button odin-button-link\">\n\t<span>\n\t\t<span class=\"odin-button-anchor\">Contacte-nos para apoio jur\u00eddico<\/span>\n\t\t<span class=\"odin-icon odin-icon--font-awesome\"><svg xmlns=\"http:\/\/www.w3.org\/2000\/svg\" viewBox=\"0 0 448 512\"><!--! Font Awesome Pro 6.2.0 by @fontawesome - https:\/\/fontawesome.com License - https:\/\/fontawesome.com\/license (Commercial License) Copyright 2022 Fonticons, Inc. --><path d=\"M438.6 278.6c12.5-12.5 12.5-32.8 0-45.3l-160-160c-12.5-12.5-32.8-12.5-45.3 0s-12.5 32.8 0 45.3L338.8 224 32 224c-17.7 0-32 14.3-32 32s14.3 32 32 32l306.7 0L233.4 393.4c-12.5 12.5-12.5 32.8 0 45.3s32.8 12.5 45.3 0l160-160z\"><\/path><\/svg><\/span>\t<\/span>\n<\/a><\/div>\n\n\n<h4 class=\"wp-block-heading has-text-align-left\" id=\"h-departamento-de-private-wealth\"><a href=\"https:\/\/www.valadascoriel.com\/pt-pt\/areas-de-pratica\/riqueza-privada\/\"><strong>Departamento <\/strong>de Private Wealth<\/a><\/h4>\n\n\n\n<p class=\"has-text-align-left has-dark-color has-text-color\"><strong><a href=\"https:\/\/www.valadascoriel.com\/pt-pt\/sociedade\/equipa\/joao-valadas-coriel\/\" target=\"_blank\" rel=\"noreferrer noopener\">Jo\u00e3o Valadas Coriel<\/a><\/strong> <strong>|<\/strong> <a href=\"https:\/\/www.valadascoriel.com\/pt-pt\/sociedade\/equipa\/sofia-quental\/\" target=\"_blank\" rel=\"noreferrer noopener\"><strong>Sofia Quental<\/strong><\/a><\/p>\n","protected":false},"excerpt":{"rendered":"<p>O nosso managing partner, Jo\u00e3o Coriel, e a nossa s\u00f3cia de Fiscal, Sofia Quental, fizeram recentemente uma contribui\u00e7\u00e3o significativa para os Guias de Planeamento de Heran\u00e7as Internacionais da Associa\u00e7\u00e3o Internacional de Advogados (IBA). Estes guias, preparados pelo Comit\u00e9 de Fiscalidade e Clientes Privados da IBA, refletem um esfor\u00e7o coletivo de especialistas na \u00e1rea. Os Guias [&hellip;]<\/p>\n","protected":false},"author":3,"featured_media":12694,"comment_status":"closed","ping_status":"closed","sticky":false,"template":"","format":"standard","meta":{"content-type":"","footnotes":""},"categories":[24,26,31],"tags":[],"class_list":["post-14892","post","type-post","status-publish","format-standard","has-post-thumbnail","hentry","category-noticias-e-insights","category-a-sociedade","category-publicacoes"],"yoast_head":"<!-- This site is optimized with the Yoast SEO Premium plugin v21.3 (Yoast SEO v26.1.1) - https:\/\/yoast.com\/wordpress\/plugins\/seo\/ -->\n<title>Jo\u00e3o Coriel e Sofia Quental Contribuem para o Guia de Planeamento de Heran\u00e7as Internacionais da IBA: Foco em Portugal - VCA - Valadas Coriel e Associados<\/title>\n<meta name=\"robots\" content=\"index, follow, max-snippet:-1, max-image-preview:large, max-video-preview:-1\" \/>\n<link rel=\"canonical\" href=\"https:\/\/www.valadascoriel.com\/pt-pt\/joao-coriel-e-sofia-quental-contribuem-para-o-guia-de-planeamento-de-herancas-internacionais-da-iba-foco-em-portugal\/\" \/>\n<meta property=\"og:locale\" content=\"pt_PT\" \/>\n<meta property=\"og:type\" content=\"article\" \/>\n<meta property=\"og:title\" content=\"Jo\u00e3o Coriel e Sofia Quental Contribuem para o Guia de Planeamento de Heran\u00e7as Internacionais da IBA: Foco em Portugal\" \/>\n<meta property=\"og:description\" content=\"O nosso managing partner, Jo\u00e3o Coriel, e a nossa s\u00f3cia de Fiscal, Sofia Quental, fizeram recentemente uma contribui\u00e7\u00e3o significativa para os Guias de Planeamento de Heran\u00e7as Internacionais da Associa\u00e7\u00e3o Internacional de Advogados (IBA). Estes guias, preparados pelo Comit\u00e9 de Fiscalidade e Clientes Privados da IBA, refletem um esfor\u00e7o coletivo de especialistas na \u00e1rea. Os Guias [&hellip;]\" \/>\n<meta property=\"og:url\" content=\"https:\/\/www.valadascoriel.com\/pt-pt\/joao-coriel-e-sofia-quental-contribuem-para-o-guia-de-planeamento-de-herancas-internacionais-da-iba-foco-em-portugal\/\" \/>\n<meta property=\"og:site_name\" content=\"VCA - Valadas Coriel e Associados\" \/>\n<meta property=\"article:publisher\" content=\"https:\/\/www.facebook.com\/ValadasCoriel\/\" \/>\n<meta property=\"article:published_time\" content=\"2024-01-02T18:41:07+00:00\" \/>\n<meta property=\"article:modified_time\" content=\"2024-02-09T18:20:05+00:00\" \/>\n<meta property=\"og:image\" content=\"https:\/\/www.valadascoriel.com\/wp-content\/uploads\/2023\/08\/VCA-PUBLICATIONS_PULICACOES-VCA-scaled.jpg\" \/>\n\t<meta property=\"og:image:width\" content=\"1707\" \/>\n\t<meta property=\"og:image:height\" content=\"2560\" \/>\n\t<meta property=\"og:image:type\" content=\"image\/jpeg\" \/>\n<meta name=\"author\" content=\"Sara\" \/>\n<meta name=\"twitter:card\" content=\"summary_large_image\" \/>\n<meta name=\"twitter:creator\" content=\"@valadascoriel\" \/>\n<meta name=\"twitter:site\" content=\"@valadascoriel\" \/>\n<meta name=\"twitter:label1\" content=\"Escrito por\" \/>\n\t<meta name=\"twitter:data1\" content=\"Sara\" \/>\n\t<meta name=\"twitter:label2\" content=\"Tempo estimado de leitura\" \/>\n\t<meta name=\"twitter:data2\" content=\"2 minutos\" \/>\n<script type=\"application\/ld+json\" class=\"yoast-schema-graph\">{\"@context\":\"https:\/\/schema.org\",\"@graph\":[{\"@type\":\"Article\",\"@id\":\"https:\/\/www.valadascoriel.com\/pt-pt\/joao-coriel-e-sofia-quental-contribuem-para-o-guia-de-planeamento-de-herancas-internacionais-da-iba-foco-em-portugal\/#article\",\"isPartOf\":{\"@id\":\"https:\/\/www.valadascoriel.com\/pt-pt\/joao-coriel-e-sofia-quental-contribuem-para-o-guia-de-planeamento-de-herancas-internacionais-da-iba-foco-em-portugal\/\"},\"author\":{\"name\":\"Sara\",\"@id\":\"https:\/\/www.valadascoriel.com\/#\/schema\/person\/f7d3f00820a57775972b8a17ee05a974\"},\"headline\":\"Jo\u00e3o Coriel e Sofia Quental Contribuem para o Guia de Planeamento de Heran\u00e7as Internacionais da IBA: Foco em Portugal\",\"datePublished\":\"2024-01-02T18:41:07+00:00\",\"dateModified\":\"2024-02-09T18:20:05+00:00\",\"mainEntityOfPage\":{\"@id\":\"https:\/\/www.valadascoriel.com\/pt-pt\/joao-coriel-e-sofia-quental-contribuem-para-o-guia-de-planeamento-de-herancas-internacionais-da-iba-foco-em-portugal\/\"},\"wordCount\":343,\"publisher\":{\"@id\":\"https:\/\/www.valadascoriel.com\/#organization\"},\"image\":{\"@id\":\"https:\/\/www.valadascoriel.com\/pt-pt\/joao-coriel-e-sofia-quental-contribuem-para-o-guia-de-planeamento-de-herancas-internacionais-da-iba-foco-em-portugal\/#primaryimage\"},\"thumbnailUrl\":\"https:\/\/www.valadascoriel.com\/wp-content\/uploads\/2023\/08\/VCA-PUBLICATIONS_PULICACOES-VCA-scaled.jpg\",\"articleSection\":[\"Not\u00edcias &amp; Insights\",\"A Sociedade\",\"Publica\u00e7\u00f5es\"],\"inLanguage\":\"pt-PT\"},{\"@type\":\"WebPage\",\"@id\":\"https:\/\/www.valadascoriel.com\/pt-pt\/joao-coriel-e-sofia-quental-contribuem-para-o-guia-de-planeamento-de-herancas-internacionais-da-iba-foco-em-portugal\/\",\"url\":\"https:\/\/www.valadascoriel.com\/pt-pt\/joao-coriel-e-sofia-quental-contribuem-para-o-guia-de-planeamento-de-herancas-internacionais-da-iba-foco-em-portugal\/\",\"name\":\"Jo\u00e3o Coriel e Sofia Quental Contribuem para o Guia de Planeamento de Heran\u00e7as Internacionais da IBA: Foco em Portugal - VCA - Valadas Coriel e Associados\",\"isPartOf\":{\"@id\":\"https:\/\/www.valadascoriel.com\/#website\"},\"primaryImageOfPage\":{\"@id\":\"https:\/\/www.valadascoriel.com\/pt-pt\/joao-coriel-e-sofia-quental-contribuem-para-o-guia-de-planeamento-de-herancas-internacionais-da-iba-foco-em-portugal\/#primaryimage\"},\"image\":{\"@id\":\"https:\/\/www.valadascoriel.com\/pt-pt\/joao-coriel-e-sofia-quental-contribuem-para-o-guia-de-planeamento-de-herancas-internacionais-da-iba-foco-em-portugal\/#primaryimage\"},\"thumbnailUrl\":\"https:\/\/www.valadascoriel.com\/wp-content\/uploads\/2023\/08\/VCA-PUBLICATIONS_PULICACOES-VCA-scaled.jpg\",\"datePublished\":\"2024-01-02T18:41:07+00:00\",\"dateModified\":\"2024-02-09T18:20:05+00:00\",\"breadcrumb\":{\"@id\":\"https:\/\/www.valadascoriel.com\/pt-pt\/joao-coriel-e-sofia-quental-contribuem-para-o-guia-de-planeamento-de-herancas-internacionais-da-iba-foco-em-portugal\/#breadcrumb\"},\"inLanguage\":\"pt-PT\",\"potentialAction\":[{\"@type\":\"ReadAction\",\"target\":[\"https:\/\/www.valadascoriel.com\/pt-pt\/joao-coriel-e-sofia-quental-contribuem-para-o-guia-de-planeamento-de-herancas-internacionais-da-iba-foco-em-portugal\/\"]}]},{\"@type\":\"ImageObject\",\"inLanguage\":\"pt-PT\",\"@id\":\"https:\/\/www.valadascoriel.com\/pt-pt\/joao-coriel-e-sofia-quental-contribuem-para-o-guia-de-planeamento-de-herancas-internacionais-da-iba-foco-em-portugal\/#primaryimage\",\"url\":\"https:\/\/www.valadascoriel.com\/wp-content\/uploads\/2023\/08\/VCA-PUBLICATIONS_PULICACOES-VCA-scaled.jpg\",\"contentUrl\":\"https:\/\/www.valadascoriel.com\/wp-content\/uploads\/2023\/08\/VCA-PUBLICATIONS_PULICACOES-VCA-scaled.jpg\",\"width\":1707,\"height\":2560},{\"@type\":\"BreadcrumbList\",\"@id\":\"https:\/\/www.valadascoriel.com\/pt-pt\/joao-coriel-e-sofia-quental-contribuem-para-o-guia-de-planeamento-de-herancas-internacionais-da-iba-foco-em-portugal\/#breadcrumb\",\"itemListElement\":[{\"@type\":\"ListItem\",\"position\":1,\"name\":\"In\u00edcio\",\"item\":\"https:\/\/www.valadascoriel.com\/pt-pt\/\"},{\"@type\":\"ListItem\",\"position\":2,\"name\":\"Jo\u00e3o Coriel e Sofia Quental Contribuem para o Guia de Planeamento de Heran\u00e7as Internacionais da IBA: Foco em Portugal\"}]},{\"@type\":\"WebSite\",\"@id\":\"https:\/\/www.valadascoriel.com\/#website\",\"url\":\"https:\/\/www.valadascoriel.com\/\",\"name\":\"Valadas Coriel & Associados\",\"description\":\"A versatile legal firm combining experience, expertise &amp; creativity.\",\"publisher\":{\"@id\":\"https:\/\/www.valadascoriel.com\/#organization\"},\"potentialAction\":[{\"@type\":\"SearchAction\",\"target\":{\"@type\":\"EntryPoint\",\"urlTemplate\":\"https:\/\/www.valadascoriel.com\/?s={search_term_string}\"},\"query-input\":{\"@type\":\"PropertyValueSpecification\",\"valueRequired\":true,\"valueName\":\"search_term_string\"}}],\"inLanguage\":\"pt-PT\"},{\"@type\":\"Organization\",\"@id\":\"https:\/\/www.valadascoriel.com\/#organization\",\"name\":\"Valadas Coriel & Associados\",\"alternateName\":\"VCA\",\"url\":\"https:\/\/www.valadascoriel.com\/\",\"logo\":{\"@type\":\"ImageObject\",\"inLanguage\":\"pt-PT\",\"@id\":\"https:\/\/www.valadascoriel.com\/#\/schema\/logo\/image\/\",\"url\":\"https:\/\/www.valadascoriel.com\/wp-content\/uploads\/2023\/03\/cropped-favicon-1.png\",\"contentUrl\":\"https:\/\/www.valadascoriel.com\/wp-content\/uploads\/2023\/03\/cropped-favicon-1.png\",\"width\":512,\"height\":512,\"caption\":\"Valadas Coriel & Associados\"},\"image\":{\"@id\":\"https:\/\/www.valadascoriel.com\/#\/schema\/logo\/image\/\"},\"sameAs\":[\"https:\/\/www.facebook.com\/ValadasCoriel\/\",\"https:\/\/x.com\/valadascoriel\",\"https:\/\/pt.linkedin.com\/company\/vca-valadas-coriel-associados\",\"https:\/\/www.youtube.com\/channel\/UCic8dCFjoTtH5u890aEcW5Q\"]},{\"@type\":\"Person\",\"@id\":\"https:\/\/www.valadascoriel.com\/#\/schema\/person\/f7d3f00820a57775972b8a17ee05a974\",\"name\":\"Sara\",\"image\":{\"@type\":\"ImageObject\",\"inLanguage\":\"pt-PT\",\"@id\":\"https:\/\/www.valadascoriel.com\/#\/schema\/person\/image\/\",\"url\":\"https:\/\/secure.gravatar.com\/avatar\/338bebcf0839148bab7ee3a75f9859eecb0f27aa8e8efaf188e1b46e442b5669?s=96&d=mm&r=g\",\"contentUrl\":\"https:\/\/secure.gravatar.com\/avatar\/338bebcf0839148bab7ee3a75f9859eecb0f27aa8e8efaf188e1b46e442b5669?s=96&d=mm&r=g\",\"caption\":\"Sara\"},\"url\":\"https:\/\/www.valadascoriel.com\/pt-pt\/author\/saraalcobia\/\"}]}<\/script>\n<!-- \/ Yoast SEO Premium plugin. -->","yoast_head_json":{"title":"Jo\u00e3o Coriel e Sofia Quental Contribuem para o Guia de Planeamento de Heran\u00e7as Internacionais da IBA: Foco em Portugal - VCA - Valadas Coriel e Associados","robots":{"index":"index","follow":"follow","max-snippet":"max-snippet:-1","max-image-preview":"max-image-preview:large","max-video-preview":"max-video-preview:-1"},"canonical":"https:\/\/www.valadascoriel.com\/pt-pt\/joao-coriel-e-sofia-quental-contribuem-para-o-guia-de-planeamento-de-herancas-internacionais-da-iba-foco-em-portugal\/","og_locale":"pt_PT","og_type":"article","og_title":"Jo\u00e3o Coriel e Sofia Quental Contribuem para o Guia de Planeamento de Heran\u00e7as Internacionais da IBA: Foco em Portugal","og_description":"O nosso managing partner, Jo\u00e3o Coriel, e a nossa s\u00f3cia de Fiscal, Sofia Quental, fizeram recentemente uma contribui\u00e7\u00e3o significativa para os Guias de Planeamento de Heran\u00e7as Internacionais da Associa\u00e7\u00e3o Internacional de Advogados (IBA). Estes guias, preparados pelo Comit\u00e9 de Fiscalidade e Clientes Privados da IBA, refletem um esfor\u00e7o coletivo de especialistas na \u00e1rea. Os Guias [&hellip;]","og_url":"https:\/\/www.valadascoriel.com\/pt-pt\/joao-coriel-e-sofia-quental-contribuem-para-o-guia-de-planeamento-de-herancas-internacionais-da-iba-foco-em-portugal\/","og_site_name":"VCA - Valadas Coriel e Associados","article_publisher":"https:\/\/www.facebook.com\/ValadasCoriel\/","article_published_time":"2024-01-02T18:41:07+00:00","article_modified_time":"2024-02-09T18:20:05+00:00","og_image":[{"width":1707,"height":2560,"url":"https:\/\/www.valadascoriel.com\/wp-content\/uploads\/2023\/08\/VCA-PUBLICATIONS_PULICACOES-VCA-scaled.jpg","type":"image\/jpeg"}],"author":"Sara","twitter_card":"summary_large_image","twitter_creator":"@valadascoriel","twitter_site":"@valadascoriel","twitter_misc":{"Escrito por":"Sara","Tempo estimado de leitura":"2 minutos"},"schema":{"@context":"https:\/\/schema.org","@graph":[{"@type":"Article","@id":"https:\/\/www.valadascoriel.com\/pt-pt\/joao-coriel-e-sofia-quental-contribuem-para-o-guia-de-planeamento-de-herancas-internacionais-da-iba-foco-em-portugal\/#article","isPartOf":{"@id":"https:\/\/www.valadascoriel.com\/pt-pt\/joao-coriel-e-sofia-quental-contribuem-para-o-guia-de-planeamento-de-herancas-internacionais-da-iba-foco-em-portugal\/"},"author":{"name":"Sara","@id":"https:\/\/www.valadascoriel.com\/#\/schema\/person\/f7d3f00820a57775972b8a17ee05a974"},"headline":"Jo\u00e3o Coriel e Sofia Quental Contribuem para o Guia de Planeamento de Heran\u00e7as Internacionais da IBA: Foco em Portugal","datePublished":"2024-01-02T18:41:07+00:00","dateModified":"2024-02-09T18:20:05+00:00","mainEntityOfPage":{"@id":"https:\/\/www.valadascoriel.com\/pt-pt\/joao-coriel-e-sofia-quental-contribuem-para-o-guia-de-planeamento-de-herancas-internacionais-da-iba-foco-em-portugal\/"},"wordCount":343,"publisher":{"@id":"https:\/\/www.valadascoriel.com\/#organization"},"image":{"@id":"https:\/\/www.valadascoriel.com\/pt-pt\/joao-coriel-e-sofia-quental-contribuem-para-o-guia-de-planeamento-de-herancas-internacionais-da-iba-foco-em-portugal\/#primaryimage"},"thumbnailUrl":"https:\/\/www.valadascoriel.com\/wp-content\/uploads\/2023\/08\/VCA-PUBLICATIONS_PULICACOES-VCA-scaled.jpg","articleSection":["Not\u00edcias &amp; Insights","A Sociedade","Publica\u00e7\u00f5es"],"inLanguage":"pt-PT"},{"@type":"WebPage","@id":"https:\/\/www.valadascoriel.com\/pt-pt\/joao-coriel-e-sofia-quental-contribuem-para-o-guia-de-planeamento-de-herancas-internacionais-da-iba-foco-em-portugal\/","url":"https:\/\/www.valadascoriel.com\/pt-pt\/joao-coriel-e-sofia-quental-contribuem-para-o-guia-de-planeamento-de-herancas-internacionais-da-iba-foco-em-portugal\/","name":"Jo\u00e3o Coriel e Sofia Quental Contribuem para o Guia de Planeamento de Heran\u00e7as Internacionais da IBA: Foco em Portugal - VCA - Valadas Coriel e Associados","isPartOf":{"@id":"https:\/\/www.valadascoriel.com\/#website"},"primaryImageOfPage":{"@id":"https:\/\/www.valadascoriel.com\/pt-pt\/joao-coriel-e-sofia-quental-contribuem-para-o-guia-de-planeamento-de-herancas-internacionais-da-iba-foco-em-portugal\/#primaryimage"},"image":{"@id":"https:\/\/www.valadascoriel.com\/pt-pt\/joao-coriel-e-sofia-quental-contribuem-para-o-guia-de-planeamento-de-herancas-internacionais-da-iba-foco-em-portugal\/#primaryimage"},"thumbnailUrl":"https:\/\/www.valadascoriel.com\/wp-content\/uploads\/2023\/08\/VCA-PUBLICATIONS_PULICACOES-VCA-scaled.jpg","datePublished":"2024-01-02T18:41:07+00:00","dateModified":"2024-02-09T18:20:05+00:00","breadcrumb":{"@id":"https:\/\/www.valadascoriel.com\/pt-pt\/joao-coriel-e-sofia-quental-contribuem-para-o-guia-de-planeamento-de-herancas-internacionais-da-iba-foco-em-portugal\/#breadcrumb"},"inLanguage":"pt-PT","potentialAction":[{"@type":"ReadAction","target":["https:\/\/www.valadascoriel.com\/pt-pt\/joao-coriel-e-sofia-quental-contribuem-para-o-guia-de-planeamento-de-herancas-internacionais-da-iba-foco-em-portugal\/"]}]},{"@type":"ImageObject","inLanguage":"pt-PT","@id":"https:\/\/www.valadascoriel.com\/pt-pt\/joao-coriel-e-sofia-quental-contribuem-para-o-guia-de-planeamento-de-herancas-internacionais-da-iba-foco-em-portugal\/#primaryimage","url":"https:\/\/www.valadascoriel.com\/wp-content\/uploads\/2023\/08\/VCA-PUBLICATIONS_PULICACOES-VCA-scaled.jpg","contentUrl":"https:\/\/www.valadascoriel.com\/wp-content\/uploads\/2023\/08\/VCA-PUBLICATIONS_PULICACOES-VCA-scaled.jpg","width":1707,"height":2560},{"@type":"BreadcrumbList","@id":"https:\/\/www.valadascoriel.com\/pt-pt\/joao-coriel-e-sofia-quental-contribuem-para-o-guia-de-planeamento-de-herancas-internacionais-da-iba-foco-em-portugal\/#breadcrumb","itemListElement":[{"@type":"ListItem","position":1,"name":"In\u00edcio","item":"https:\/\/www.valadascoriel.com\/pt-pt\/"},{"@type":"ListItem","position":2,"name":"Jo\u00e3o Coriel e Sofia Quental Contribuem para o Guia de Planeamento de Heran\u00e7as Internacionais da IBA: Foco em Portugal"}]},{"@type":"WebSite","@id":"https:\/\/www.valadascoriel.com\/#website","url":"https:\/\/www.valadascoriel.com\/","name":"Valadas Coriel & Associados","description":"A versatile legal firm combining experience, expertise &amp; creativity.","publisher":{"@id":"https:\/\/www.valadascoriel.com\/#organization"},"potentialAction":[{"@type":"SearchAction","target":{"@type":"EntryPoint","urlTemplate":"https:\/\/www.valadascoriel.com\/?s={search_term_string}"},"query-input":{"@type":"PropertyValueSpecification","valueRequired":true,"valueName":"search_term_string"}}],"inLanguage":"pt-PT"},{"@type":"Organization","@id":"https:\/\/www.valadascoriel.com\/#organization","name":"Valadas Coriel & Associados","alternateName":"VCA","url":"https:\/\/www.valadascoriel.com\/","logo":{"@type":"ImageObject","inLanguage":"pt-PT","@id":"https:\/\/www.valadascoriel.com\/#\/schema\/logo\/image\/","url":"https:\/\/www.valadascoriel.com\/wp-content\/uploads\/2023\/03\/cropped-favicon-1.png","contentUrl":"https:\/\/www.valadascoriel.com\/wp-content\/uploads\/2023\/03\/cropped-favicon-1.png","width":512,"height":512,"caption":"Valadas Coriel & Associados"},"image":{"@id":"https:\/\/www.valadascoriel.com\/#\/schema\/logo\/image\/"},"sameAs":["https:\/\/www.facebook.com\/ValadasCoriel\/","https:\/\/x.com\/valadascoriel","https:\/\/pt.linkedin.com\/company\/vca-valadas-coriel-associados","https:\/\/www.youtube.com\/channel\/UCic8dCFjoTtH5u890aEcW5Q"]},{"@type":"Person","@id":"https:\/\/www.valadascoriel.com\/#\/schema\/person\/f7d3f00820a57775972b8a17ee05a974","name":"Sara","image":{"@type":"ImageObject","inLanguage":"pt-PT","@id":"https:\/\/www.valadascoriel.com\/#\/schema\/person\/image\/","url":"https:\/\/secure.gravatar.com\/avatar\/338bebcf0839148bab7ee3a75f9859eecb0f27aa8e8efaf188e1b46e442b5669?s=96&d=mm&r=g","contentUrl":"https:\/\/secure.gravatar.com\/avatar\/338bebcf0839148bab7ee3a75f9859eecb0f27aa8e8efaf188e1b46e442b5669?s=96&d=mm&r=g","caption":"Sara"},"url":"https:\/\/www.valadascoriel.com\/pt-pt\/author\/saraalcobia\/"}]}},"_links":{"self":[{"href":"https:\/\/www.valadascoriel.com\/pt-pt\/wp-json\/wp\/v2\/posts\/14892","targetHints":{"allow":["GET"]}}],"collection":[{"href":"https:\/\/www.valadascoriel.com\/pt-pt\/wp-json\/wp\/v2\/posts"}],"about":[{"href":"https:\/\/www.valadascoriel.com\/pt-pt\/wp-json\/wp\/v2\/types\/post"}],"author":[{"embeddable":true,"href":"https:\/\/www.valadascoriel.com\/pt-pt\/wp-json\/wp\/v2\/users\/3"}],"replies":[{"embeddable":true,"href":"https:\/\/www.valadascoriel.com\/pt-pt\/wp-json\/wp\/v2\/comments?post=14892"}],"version-history":[{"count":3,"href":"https:\/\/www.valadascoriel.com\/pt-pt\/wp-json\/wp\/v2\/posts\/14892\/revisions"}],"predecessor-version":[{"id":14898,"href":"https:\/\/www.valadascoriel.com\/pt-pt\/wp-json\/wp\/v2\/posts\/14892\/revisions\/14898"}],"wp:featuredmedia":[{"embeddable":true,"href":"https:\/\/www.valadascoriel.com\/pt-pt\/wp-json\/wp\/v2\/media\/12694"}],"wp:attachment":[{"href":"https:\/\/www.valadascoriel.com\/pt-pt\/wp-json\/wp\/v2\/media?parent=14892"}],"wp:term":[{"taxonomy":"category","embeddable":true,"href":"https:\/\/www.valadascoriel.com\/pt-pt\/wp-json\/wp\/v2\/categories?post=14892"},{"taxonomy":"post_tag","embeddable":true,"href":"https:\/\/www.valadascoriel.com\/pt-pt\/wp-json\/wp\/v2\/tags?post=14892"}],"curies":[{"name":"wp","href":"https:\/\/api.w.org\/{rel}","templated":true}]}}