{"id":15360,"date":"2024-01-31T16:16:46","date_gmt":"2024-01-31T16:16:46","guid":{"rendered":"https:\/\/www.valadascoriel.com\/?p=15360"},"modified":"2024-02-12T11:45:53","modified_gmt":"2024-02-12T11:45:53","slug":"presidente-da-republica-promulga-lei-que-reforca-a-protecao-de-metadados-e-privacidade-na-investigacao-criminal","status":"publish","type":"post","link":"https:\/\/www.valadascoriel.com\/pt-pt\/presidente-da-republica-promulga-lei-que-reforca-a-protecao-de-metadados-e-privacidade-na-investigacao-criminal\/","title":{"rendered":"Presidente da Rep\u00fablica promulga lei que refor\u00e7a a Prote\u00e7\u00e3o de Metadados e Privacidade na Investiga\u00e7\u00e3o\u00a0Criminal"},"content":{"rendered":"\n<h6 class=\"wp-block-heading has-primary-color has-text-color has-link-color wp-elements-24ed4777b4f982d3ab2ea22c411297c1\" id=\"h-o-decreto-lei-promulgado-em-29-de-janeiro-de-2024-pelo-presidente-da-republica-marcelo-rebelo-de-sousa-introduz-uma-nova-abordagem-na-regulamentacao-do-acesso-a-metadados-em-comunicacoes-eletronicas-para-fins-de-investigacao-criminal-em-portugal-esta-legislacao-traz-uma-mudanca-significativa-ao-exigir-autorizacao-judicial-para-a-conservacao-de-dados-de-trafego-e-localizacao-diferindo-da-pratica-anterior-de-conservacao-generalizada-e-sem-supervisao-judicial\"><strong>O decreto-lei promulgado em 29 de Janeiro de 2024 pelo Presidente da Rep\u00fablica, Marcelo Rebelo de Sousa, introduz uma nova abordagem na regulamenta\u00e7\u00e3o do acesso a metadados em comunica\u00e7\u00f5es eletr\u00f3nicas para fins de investiga\u00e7\u00e3o criminal em Portugal. Esta legisla\u00e7\u00e3o traz uma mudan\u00e7a significativa ao exigir autoriza\u00e7\u00e3o judicial para a conserva\u00e7\u00e3o de dados de tr\u00e1fego e localiza\u00e7\u00e3o, diferindo da pr\u00e1tica anterior de conserva\u00e7\u00e3o generalizada e sem supervis\u00e3o judicial.<\/strong><\/h6>\n\n\n\n<div style=\"height:20px\" aria-hidden=\"true\" class=\"wp-block-spacer\"><\/div>\n\n\n\n<p>Os <strong>metadados<\/strong>, que englobam informa\u00e7\u00f5es como a <strong>hora, data, dura\u00e7\u00e3o de chamadas telef\u00f4nicas e a localiza\u00e7\u00e3o das torres de celular<\/strong>, s\u00e3o essenciais em v\u00e1rias aplica\u00e7\u00f5es, incluindo seguran\u00e7a e investiga\u00e7\u00e3o criminal. Por\u00e9m, eles tamb\u00e9m levantam preocupa\u00e7\u00f5es significativas sobre a privacidade, pois podem revelar padr\u00f5es de comportamento, relacionamentos e h\u00e1bitos pessoais.<\/p>\n\n\n\n<p>A nova legisla\u00e7\u00e3o reflete o esfor\u00e7o do governo portugu\u00eas para equilibrar a <strong>necessidade de seguran\u00e7a com a prote\u00e7\u00e3o da privacidade dos indiv\u00edduos<\/strong>, exigindo uma fiscaliza\u00e7\u00e3o judicial mais rigorosa para o acesso e conserva\u00e7\u00e3o dos metadados. Esta medida insere-se numa tend\u00eancia crescente na legisla\u00e7\u00e3o europeia e global de refor\u00e7ar a prote\u00e7\u00e3o dos dados pessoais e da privacidade dos cidad\u00e3os, em resposta \u00e0s preocupa\u00e7\u00f5es sobre o uso e abuso de informa\u00e7\u00f5es pessoais na era digital.<\/p>\n\n\n\n<p>Adicionalmente, esta legisla\u00e7\u00e3o modifica a Lei n.\u00ba 32\/2008, em conformidade com a Diretiva 2006\/24\/CE do Parlamento Europeu e do Conselho, e est\u00e1 alinhada com as decis\u00f5es dos Ac\u00f3rd\u00e3os do Tribunal Constitucional n.\u00bas 268\/2022 e 800\/2023, bem como com a Lei da Organiza\u00e7\u00e3o do Sistema Judici\u00e1rio.<\/p>\n\n\n<div class=\"odin-buttons justify-content-end\">\n\t<a href=\"https:\/\/www.valadascoriel.com\/pt-pt\/contato\/\" class=\"odin-button odin-button-primary\">\n\t<span>\n\t\t<span class=\"odin-button-anchor\">Contacte-nos para apoio jur\u00eddico<\/span>\n\t<\/span>\n<\/a><\/div>\n\n\n<h4 class=\"wp-block-heading\" id=\"h-departamento-de-rgpd\">Departamento de RGPD<\/h4>\n\n\n\n<p><strong><a href=\"https:\/\/www.valadascoriel.com\/pt-pt\/sociedade\/equipa\/marta-valadas-coriel\/\" target=\"_blank\" rel=\"noreferrer noopener\">Marta Valadas Coriel<\/a> | <a href=\"https:\/\/www.valadascoriel.com\/pt-pt\/sociedade\/equipa\/sofia-batista-linguica\/\">Sofia Batista Lingui\u00e7a<\/a><\/strong><\/p>\n\n\n\n<div style=\"height:40px\" aria-hidden=\"true\" class=\"wp-block-spacer\"><\/div>\n","protected":false},"excerpt":{"rendered":"<p>O decreto-lei promulgado em 29 de Janeiro de 2024 pelo Presidente da Rep\u00fablica, Marcelo Rebelo de Sousa, introduz uma nova abordagem na regulamenta\u00e7\u00e3o do acesso a metadados em comunica\u00e7\u00f5es eletr\u00f3nicas para fins de investiga\u00e7\u00e3o criminal em Portugal. Esta legisla\u00e7\u00e3o traz uma mudan\u00e7a significativa ao exigir autoriza\u00e7\u00e3o judicial para a conserva\u00e7\u00e3o de dados de tr\u00e1fego e [&hellip;]<\/p>\n","protected":false},"author":3,"featured_media":13053,"comment_status":"closed","ping_status":"closed","sticky":false,"template":"","format":"standard","meta":{"content-type":"","footnotes":""},"categories":[24,47,1],"tags":[],"class_list":["post-15360","post","type-post","status-publish","format-standard","has-post-thumbnail","hentry","category-noticias-e-insights","category-noticias-legais","category-the-firm"],"yoast_head":"<!-- This site is optimized with the Yoast SEO Premium plugin v21.3 (Yoast SEO v26.1.1) - https:\/\/yoast.com\/wordpress\/plugins\/seo\/ -->\n<title>Presidente da Rep\u00fablica promulga lei que refor\u00e7a a Prote\u00e7\u00e3o de Metadados e Privacidade na Investiga\u00e7\u00e3o\u00a0Criminal - VCA - Valadas Coriel e Associados<\/title>\n<meta name=\"robots\" content=\"index, follow, max-snippet:-1, max-image-preview:large, max-video-preview:-1\" \/>\n<link rel=\"canonical\" href=\"https:\/\/www.valadascoriel.com\/pt-pt\/presidente-da-republica-promulga-lei-que-reforca-a-protecao-de-metadados-e-privacidade-na-investigacao-criminal\/\" \/>\n<meta property=\"og:locale\" content=\"pt_PT\" \/>\n<meta property=\"og:type\" content=\"article\" \/>\n<meta property=\"og:title\" content=\"Presidente da Rep\u00fablica promulga lei que refor\u00e7a a Prote\u00e7\u00e3o de Metadados e Privacidade na Investiga\u00e7\u00e3o\u00a0Criminal\" \/>\n<meta property=\"og:description\" content=\"O decreto-lei promulgado em 29 de Janeiro de 2024 pelo Presidente da Rep\u00fablica, Marcelo Rebelo de Sousa, introduz uma nova abordagem na regulamenta\u00e7\u00e3o do acesso a metadados em comunica\u00e7\u00f5es eletr\u00f3nicas para fins de investiga\u00e7\u00e3o criminal em Portugal. Esta legisla\u00e7\u00e3o traz uma mudan\u00e7a significativa ao exigir autoriza\u00e7\u00e3o judicial para a conserva\u00e7\u00e3o de dados de tr\u00e1fego e [&hellip;]\" \/>\n<meta property=\"og:url\" content=\"https:\/\/www.valadascoriel.com\/pt-pt\/presidente-da-republica-promulga-lei-que-reforca-a-protecao-de-metadados-e-privacidade-na-investigacao-criminal\/\" \/>\n<meta property=\"og:site_name\" content=\"VCA - Valadas Coriel e Associados\" \/>\n<meta property=\"article:publisher\" content=\"https:\/\/www.facebook.com\/ValadasCoriel\/\" \/>\n<meta property=\"article:published_time\" content=\"2024-01-31T16:16:46+00:00\" \/>\n<meta property=\"article:modified_time\" content=\"2024-02-12T11:45:53+00:00\" \/>\n<meta property=\"og:image\" content=\"https:\/\/www.valadascoriel.com\/wp-content\/uploads\/2024\/01\/Metadados_Valadas-Coriel.png\" \/>\n\t<meta property=\"og:image:width\" content=\"1200\" \/>\n\t<meta property=\"og:image:height\" content=\"627\" \/>\n\t<meta property=\"og:image:type\" content=\"image\/png\" \/>\n<meta name=\"author\" content=\"Sara\" \/>\n<meta name=\"twitter:card\" content=\"summary_large_image\" \/>\n<meta name=\"twitter:creator\" content=\"@valadascoriel\" \/>\n<meta name=\"twitter:site\" content=\"@valadascoriel\" \/>\n<meta name=\"twitter:label1\" content=\"Escrito por\" \/>\n\t<meta name=\"twitter:data1\" content=\"Sara\" \/>\n\t<meta name=\"twitter:label2\" content=\"Tempo estimado de leitura\" \/>\n\t<meta name=\"twitter:data2\" content=\"2 minutos\" \/>\n<script type=\"application\/ld+json\" class=\"yoast-schema-graph\">{\"@context\":\"https:\/\/schema.org\",\"@graph\":[{\"@type\":\"Article\",\"@id\":\"https:\/\/www.valadascoriel.com\/pt-pt\/presidente-da-republica-promulga-lei-que-reforca-a-protecao-de-metadados-e-privacidade-na-investigacao-criminal\/#article\",\"isPartOf\":{\"@id\":\"https:\/\/www.valadascoriel.com\/pt-pt\/presidente-da-republica-promulga-lei-que-reforca-a-protecao-de-metadados-e-privacidade-na-investigacao-criminal\/\"},\"author\":{\"name\":\"Sara\",\"@id\":\"https:\/\/www.valadascoriel.com\/#\/schema\/person\/f7d3f00820a57775972b8a17ee05a974\"},\"headline\":\"Presidente da Rep\u00fablica promulga lei que refor\u00e7a a Prote\u00e7\u00e3o de Metadados e Privacidade na Investiga\u00e7\u00e3o\u00a0Criminal\",\"datePublished\":\"2024-01-31T16:16:46+00:00\",\"dateModified\":\"2024-02-12T11:45:53+00:00\",\"mainEntityOfPage\":{\"@id\":\"https:\/\/www.valadascoriel.com\/pt-pt\/presidente-da-republica-promulga-lei-que-reforca-a-protecao-de-metadados-e-privacidade-na-investigacao-criminal\/\"},\"wordCount\":309,\"publisher\":{\"@id\":\"https:\/\/www.valadascoriel.com\/#organization\"},\"image\":{\"@id\":\"https:\/\/www.valadascoriel.com\/pt-pt\/presidente-da-republica-promulga-lei-que-reforca-a-protecao-de-metadados-e-privacidade-na-investigacao-criminal\/#primaryimage\"},\"thumbnailUrl\":\"https:\/\/www.valadascoriel.com\/wp-content\/uploads\/2023\/08\/VCA-ALERTA-LEGAL_VCA-LEGAL-ALERT_2-scaled.jpg\",\"articleSection\":[\"Not\u00edcias &amp; Insights\",\"Not\u00edcias Legais\",\"The Firm\"],\"inLanguage\":\"pt-PT\"},{\"@type\":\"WebPage\",\"@id\":\"https:\/\/www.valadascoriel.com\/pt-pt\/presidente-da-republica-promulga-lei-que-reforca-a-protecao-de-metadados-e-privacidade-na-investigacao-criminal\/\",\"url\":\"https:\/\/www.valadascoriel.com\/pt-pt\/presidente-da-republica-promulga-lei-que-reforca-a-protecao-de-metadados-e-privacidade-na-investigacao-criminal\/\",\"name\":\"Presidente da Rep\u00fablica promulga lei que refor\u00e7a a Prote\u00e7\u00e3o de Metadados e Privacidade na Investiga\u00e7\u00e3o\u00a0Criminal - VCA - Valadas Coriel e Associados\",\"isPartOf\":{\"@id\":\"https:\/\/www.valadascoriel.com\/#website\"},\"primaryImageOfPage\":{\"@id\":\"https:\/\/www.valadascoriel.com\/pt-pt\/presidente-da-republica-promulga-lei-que-reforca-a-protecao-de-metadados-e-privacidade-na-investigacao-criminal\/#primaryimage\"},\"image\":{\"@id\":\"https:\/\/www.valadascoriel.com\/pt-pt\/presidente-da-republica-promulga-lei-que-reforca-a-protecao-de-metadados-e-privacidade-na-investigacao-criminal\/#primaryimage\"},\"thumbnailUrl\":\"https:\/\/www.valadascoriel.com\/wp-content\/uploads\/2023\/08\/VCA-ALERTA-LEGAL_VCA-LEGAL-ALERT_2-scaled.jpg\",\"datePublished\":\"2024-01-31T16:16:46+00:00\",\"dateModified\":\"2024-02-12T11:45:53+00:00\",\"breadcrumb\":{\"@id\":\"https:\/\/www.valadascoriel.com\/pt-pt\/presidente-da-republica-promulga-lei-que-reforca-a-protecao-de-metadados-e-privacidade-na-investigacao-criminal\/#breadcrumb\"},\"inLanguage\":\"pt-PT\",\"potentialAction\":[{\"@type\":\"ReadAction\",\"target\":[\"https:\/\/www.valadascoriel.com\/pt-pt\/presidente-da-republica-promulga-lei-que-reforca-a-protecao-de-metadados-e-privacidade-na-investigacao-criminal\/\"]}]},{\"@type\":\"ImageObject\",\"inLanguage\":\"pt-PT\",\"@id\":\"https:\/\/www.valadascoriel.com\/pt-pt\/presidente-da-republica-promulga-lei-que-reforca-a-protecao-de-metadados-e-privacidade-na-investigacao-criminal\/#primaryimage\",\"url\":\"https:\/\/www.valadascoriel.com\/wp-content\/uploads\/2023\/08\/VCA-ALERTA-LEGAL_VCA-LEGAL-ALERT_2-scaled.jpg\",\"contentUrl\":\"https:\/\/www.valadascoriel.com\/wp-content\/uploads\/2023\/08\/VCA-ALERTA-LEGAL_VCA-LEGAL-ALERT_2-scaled.jpg\",\"width\":2560,\"height\":1707},{\"@type\":\"BreadcrumbList\",\"@id\":\"https:\/\/www.valadascoriel.com\/pt-pt\/presidente-da-republica-promulga-lei-que-reforca-a-protecao-de-metadados-e-privacidade-na-investigacao-criminal\/#breadcrumb\",\"itemListElement\":[{\"@type\":\"ListItem\",\"position\":1,\"name\":\"In\u00edcio\",\"item\":\"https:\/\/www.valadascoriel.com\/pt-pt\/\"},{\"@type\":\"ListItem\",\"position\":2,\"name\":\"Presidente da Rep\u00fablica promulga lei que refor\u00e7a a Prote\u00e7\u00e3o de Metadados e Privacidade na Investiga\u00e7\u00e3o\u00a0Criminal\"}]},{\"@type\":\"WebSite\",\"@id\":\"https:\/\/www.valadascoriel.com\/#website\",\"url\":\"https:\/\/www.valadascoriel.com\/\",\"name\":\"Valadas Coriel & Associados\",\"description\":\"A versatile legal firm combining experience, expertise &amp; creativity.\",\"publisher\":{\"@id\":\"https:\/\/www.valadascoriel.com\/#organization\"},\"potentialAction\":[{\"@type\":\"SearchAction\",\"target\":{\"@type\":\"EntryPoint\",\"urlTemplate\":\"https:\/\/www.valadascoriel.com\/?s={search_term_string}\"},\"query-input\":{\"@type\":\"PropertyValueSpecification\",\"valueRequired\":true,\"valueName\":\"search_term_string\"}}],\"inLanguage\":\"pt-PT\"},{\"@type\":\"Organization\",\"@id\":\"https:\/\/www.valadascoriel.com\/#organization\",\"name\":\"Valadas Coriel & Associados\",\"alternateName\":\"VCA\",\"url\":\"https:\/\/www.valadascoriel.com\/\",\"logo\":{\"@type\":\"ImageObject\",\"inLanguage\":\"pt-PT\",\"@id\":\"https:\/\/www.valadascoriel.com\/#\/schema\/logo\/image\/\",\"url\":\"https:\/\/www.valadascoriel.com\/wp-content\/uploads\/2023\/03\/cropped-favicon-1.png\",\"contentUrl\":\"https:\/\/www.valadascoriel.com\/wp-content\/uploads\/2023\/03\/cropped-favicon-1.png\",\"width\":512,\"height\":512,\"caption\":\"Valadas Coriel & Associados\"},\"image\":{\"@id\":\"https:\/\/www.valadascoriel.com\/#\/schema\/logo\/image\/\"},\"sameAs\":[\"https:\/\/www.facebook.com\/ValadasCoriel\/\",\"https:\/\/x.com\/valadascoriel\",\"https:\/\/pt.linkedin.com\/company\/vca-valadas-coriel-associados\",\"https:\/\/www.youtube.com\/channel\/UCic8dCFjoTtH5u890aEcW5Q\"]},{\"@type\":\"Person\",\"@id\":\"https:\/\/www.valadascoriel.com\/#\/schema\/person\/f7d3f00820a57775972b8a17ee05a974\",\"name\":\"Sara\",\"image\":{\"@type\":\"ImageObject\",\"inLanguage\":\"pt-PT\",\"@id\":\"https:\/\/www.valadascoriel.com\/#\/schema\/person\/image\/\",\"url\":\"https:\/\/secure.gravatar.com\/avatar\/338bebcf0839148bab7ee3a75f9859eecb0f27aa8e8efaf188e1b46e442b5669?s=96&d=mm&r=g\",\"contentUrl\":\"https:\/\/secure.gravatar.com\/avatar\/338bebcf0839148bab7ee3a75f9859eecb0f27aa8e8efaf188e1b46e442b5669?s=96&d=mm&r=g\",\"caption\":\"Sara\"},\"url\":\"https:\/\/www.valadascoriel.com\/pt-pt\/author\/saraalcobia\/\"}]}<\/script>\n<!-- \/ Yoast SEO Premium plugin. -->","yoast_head_json":{"title":"Presidente da Rep\u00fablica promulga lei que refor\u00e7a a Prote\u00e7\u00e3o de Metadados e Privacidade na Investiga\u00e7\u00e3o\u00a0Criminal - VCA - Valadas Coriel e Associados","robots":{"index":"index","follow":"follow","max-snippet":"max-snippet:-1","max-image-preview":"max-image-preview:large","max-video-preview":"max-video-preview:-1"},"canonical":"https:\/\/www.valadascoriel.com\/pt-pt\/presidente-da-republica-promulga-lei-que-reforca-a-protecao-de-metadados-e-privacidade-na-investigacao-criminal\/","og_locale":"pt_PT","og_type":"article","og_title":"Presidente da Rep\u00fablica promulga lei que refor\u00e7a a Prote\u00e7\u00e3o de Metadados e Privacidade na Investiga\u00e7\u00e3o\u00a0Criminal","og_description":"O decreto-lei promulgado em 29 de Janeiro de 2024 pelo Presidente da Rep\u00fablica, Marcelo Rebelo de Sousa, introduz uma nova abordagem na regulamenta\u00e7\u00e3o do acesso a metadados em comunica\u00e7\u00f5es eletr\u00f3nicas para fins de investiga\u00e7\u00e3o criminal em Portugal. Esta legisla\u00e7\u00e3o traz uma mudan\u00e7a significativa ao exigir autoriza\u00e7\u00e3o judicial para a conserva\u00e7\u00e3o de dados de tr\u00e1fego e [&hellip;]","og_url":"https:\/\/www.valadascoriel.com\/pt-pt\/presidente-da-republica-promulga-lei-que-reforca-a-protecao-de-metadados-e-privacidade-na-investigacao-criminal\/","og_site_name":"VCA - Valadas Coriel e Associados","article_publisher":"https:\/\/www.facebook.com\/ValadasCoriel\/","article_published_time":"2024-01-31T16:16:46+00:00","article_modified_time":"2024-02-12T11:45:53+00:00","og_image":[{"width":1200,"height":627,"url":"https:\/\/www.valadascoriel.com\/wp-content\/uploads\/2024\/01\/Metadados_Valadas-Coriel.png","type":"image\/png"}],"author":"Sara","twitter_card":"summary_large_image","twitter_creator":"@valadascoriel","twitter_site":"@valadascoriel","twitter_misc":{"Escrito por":"Sara","Tempo estimado de leitura":"2 minutos"},"schema":{"@context":"https:\/\/schema.org","@graph":[{"@type":"Article","@id":"https:\/\/www.valadascoriel.com\/pt-pt\/presidente-da-republica-promulga-lei-que-reforca-a-protecao-de-metadados-e-privacidade-na-investigacao-criminal\/#article","isPartOf":{"@id":"https:\/\/www.valadascoriel.com\/pt-pt\/presidente-da-republica-promulga-lei-que-reforca-a-protecao-de-metadados-e-privacidade-na-investigacao-criminal\/"},"author":{"name":"Sara","@id":"https:\/\/www.valadascoriel.com\/#\/schema\/person\/f7d3f00820a57775972b8a17ee05a974"},"headline":"Presidente da Rep\u00fablica promulga lei que refor\u00e7a a Prote\u00e7\u00e3o de Metadados e Privacidade na Investiga\u00e7\u00e3o\u00a0Criminal","datePublished":"2024-01-31T16:16:46+00:00","dateModified":"2024-02-12T11:45:53+00:00","mainEntityOfPage":{"@id":"https:\/\/www.valadascoriel.com\/pt-pt\/presidente-da-republica-promulga-lei-que-reforca-a-protecao-de-metadados-e-privacidade-na-investigacao-criminal\/"},"wordCount":309,"publisher":{"@id":"https:\/\/www.valadascoriel.com\/#organization"},"image":{"@id":"https:\/\/www.valadascoriel.com\/pt-pt\/presidente-da-republica-promulga-lei-que-reforca-a-protecao-de-metadados-e-privacidade-na-investigacao-criminal\/#primaryimage"},"thumbnailUrl":"https:\/\/www.valadascoriel.com\/wp-content\/uploads\/2023\/08\/VCA-ALERTA-LEGAL_VCA-LEGAL-ALERT_2-scaled.jpg","articleSection":["Not\u00edcias &amp; Insights","Not\u00edcias Legais","The Firm"],"inLanguage":"pt-PT"},{"@type":"WebPage","@id":"https:\/\/www.valadascoriel.com\/pt-pt\/presidente-da-republica-promulga-lei-que-reforca-a-protecao-de-metadados-e-privacidade-na-investigacao-criminal\/","url":"https:\/\/www.valadascoriel.com\/pt-pt\/presidente-da-republica-promulga-lei-que-reforca-a-protecao-de-metadados-e-privacidade-na-investigacao-criminal\/","name":"Presidente da Rep\u00fablica promulga lei que refor\u00e7a a Prote\u00e7\u00e3o de Metadados e Privacidade na Investiga\u00e7\u00e3o\u00a0Criminal - VCA - Valadas Coriel e Associados","isPartOf":{"@id":"https:\/\/www.valadascoriel.com\/#website"},"primaryImageOfPage":{"@id":"https:\/\/www.valadascoriel.com\/pt-pt\/presidente-da-republica-promulga-lei-que-reforca-a-protecao-de-metadados-e-privacidade-na-investigacao-criminal\/#primaryimage"},"image":{"@id":"https:\/\/www.valadascoriel.com\/pt-pt\/presidente-da-republica-promulga-lei-que-reforca-a-protecao-de-metadados-e-privacidade-na-investigacao-criminal\/#primaryimage"},"thumbnailUrl":"https:\/\/www.valadascoriel.com\/wp-content\/uploads\/2023\/08\/VCA-ALERTA-LEGAL_VCA-LEGAL-ALERT_2-scaled.jpg","datePublished":"2024-01-31T16:16:46+00:00","dateModified":"2024-02-12T11:45:53+00:00","breadcrumb":{"@id":"https:\/\/www.valadascoriel.com\/pt-pt\/presidente-da-republica-promulga-lei-que-reforca-a-protecao-de-metadados-e-privacidade-na-investigacao-criminal\/#breadcrumb"},"inLanguage":"pt-PT","potentialAction":[{"@type":"ReadAction","target":["https:\/\/www.valadascoriel.com\/pt-pt\/presidente-da-republica-promulga-lei-que-reforca-a-protecao-de-metadados-e-privacidade-na-investigacao-criminal\/"]}]},{"@type":"ImageObject","inLanguage":"pt-PT","@id":"https:\/\/www.valadascoriel.com\/pt-pt\/presidente-da-republica-promulga-lei-que-reforca-a-protecao-de-metadados-e-privacidade-na-investigacao-criminal\/#primaryimage","url":"https:\/\/www.valadascoriel.com\/wp-content\/uploads\/2023\/08\/VCA-ALERTA-LEGAL_VCA-LEGAL-ALERT_2-scaled.jpg","contentUrl":"https:\/\/www.valadascoriel.com\/wp-content\/uploads\/2023\/08\/VCA-ALERTA-LEGAL_VCA-LEGAL-ALERT_2-scaled.jpg","width":2560,"height":1707},{"@type":"BreadcrumbList","@id":"https:\/\/www.valadascoriel.com\/pt-pt\/presidente-da-republica-promulga-lei-que-reforca-a-protecao-de-metadados-e-privacidade-na-investigacao-criminal\/#breadcrumb","itemListElement":[{"@type":"ListItem","position":1,"name":"In\u00edcio","item":"https:\/\/www.valadascoriel.com\/pt-pt\/"},{"@type":"ListItem","position":2,"name":"Presidente da Rep\u00fablica promulga lei que refor\u00e7a a Prote\u00e7\u00e3o de Metadados e Privacidade na Investiga\u00e7\u00e3o\u00a0Criminal"}]},{"@type":"WebSite","@id":"https:\/\/www.valadascoriel.com\/#website","url":"https:\/\/www.valadascoriel.com\/","name":"Valadas Coriel & Associados","description":"A versatile legal firm combining experience, expertise &amp; creativity.","publisher":{"@id":"https:\/\/www.valadascoriel.com\/#organization"},"potentialAction":[{"@type":"SearchAction","target":{"@type":"EntryPoint","urlTemplate":"https:\/\/www.valadascoriel.com\/?s={search_term_string}"},"query-input":{"@type":"PropertyValueSpecification","valueRequired":true,"valueName":"search_term_string"}}],"inLanguage":"pt-PT"},{"@type":"Organization","@id":"https:\/\/www.valadascoriel.com\/#organization","name":"Valadas Coriel & Associados","alternateName":"VCA","url":"https:\/\/www.valadascoriel.com\/","logo":{"@type":"ImageObject","inLanguage":"pt-PT","@id":"https:\/\/www.valadascoriel.com\/#\/schema\/logo\/image\/","url":"https:\/\/www.valadascoriel.com\/wp-content\/uploads\/2023\/03\/cropped-favicon-1.png","contentUrl":"https:\/\/www.valadascoriel.com\/wp-content\/uploads\/2023\/03\/cropped-favicon-1.png","width":512,"height":512,"caption":"Valadas Coriel & Associados"},"image":{"@id":"https:\/\/www.valadascoriel.com\/#\/schema\/logo\/image\/"},"sameAs":["https:\/\/www.facebook.com\/ValadasCoriel\/","https:\/\/x.com\/valadascoriel","https:\/\/pt.linkedin.com\/company\/vca-valadas-coriel-associados","https:\/\/www.youtube.com\/channel\/UCic8dCFjoTtH5u890aEcW5Q"]},{"@type":"Person","@id":"https:\/\/www.valadascoriel.com\/#\/schema\/person\/f7d3f00820a57775972b8a17ee05a974","name":"Sara","image":{"@type":"ImageObject","inLanguage":"pt-PT","@id":"https:\/\/www.valadascoriel.com\/#\/schema\/person\/image\/","url":"https:\/\/secure.gravatar.com\/avatar\/338bebcf0839148bab7ee3a75f9859eecb0f27aa8e8efaf188e1b46e442b5669?s=96&d=mm&r=g","contentUrl":"https:\/\/secure.gravatar.com\/avatar\/338bebcf0839148bab7ee3a75f9859eecb0f27aa8e8efaf188e1b46e442b5669?s=96&d=mm&r=g","caption":"Sara"},"url":"https:\/\/www.valadascoriel.com\/pt-pt\/author\/saraalcobia\/"}]}},"_links":{"self":[{"href":"https:\/\/www.valadascoriel.com\/pt-pt\/wp-json\/wp\/v2\/posts\/15360","targetHints":{"allow":["GET"]}}],"collection":[{"href":"https:\/\/www.valadascoriel.com\/pt-pt\/wp-json\/wp\/v2\/posts"}],"about":[{"href":"https:\/\/www.valadascoriel.com\/pt-pt\/wp-json\/wp\/v2\/types\/post"}],"author":[{"embeddable":true,"href":"https:\/\/www.valadascoriel.com\/pt-pt\/wp-json\/wp\/v2\/users\/3"}],"replies":[{"embeddable":true,"href":"https:\/\/www.valadascoriel.com\/pt-pt\/wp-json\/wp\/v2\/comments?post=15360"}],"version-history":[{"count":6,"href":"https:\/\/www.valadascoriel.com\/pt-pt\/wp-json\/wp\/v2\/posts\/15360\/revisions"}],"predecessor-version":[{"id":15514,"href":"https:\/\/www.valadascoriel.com\/pt-pt\/wp-json\/wp\/v2\/posts\/15360\/revisions\/15514"}],"wp:featuredmedia":[{"embeddable":true,"href":"https:\/\/www.valadascoriel.com\/pt-pt\/wp-json\/wp\/v2\/media\/13053"}],"wp:attachment":[{"href":"https:\/\/www.valadascoriel.com\/pt-pt\/wp-json\/wp\/v2\/media?parent=15360"}],"wp:term":[{"taxonomy":"category","embeddable":true,"href":"https:\/\/www.valadascoriel.com\/pt-pt\/wp-json\/wp\/v2\/categories?post=15360"},{"taxonomy":"post_tag","embeddable":true,"href":"https:\/\/www.valadascoriel.com\/pt-pt\/wp-json\/wp\/v2\/tags?post=15360"}],"curies":[{"name":"wp","href":"https:\/\/api.w.org\/{rel}","templated":true}]}}