{"id":16504,"date":"2024-11-18T18:58:53","date_gmt":"2024-11-18T18:58:53","guid":{"rendered":"https:\/\/www.valadascoriel.com\/?p=16504"},"modified":"2024-11-18T19:06:17","modified_gmt":"2024-11-18T19:06:17","slug":"vca-celebra-excelencia-multigeracional-na-15a-edicao-do-best-lawyers-em-portugal","status":"publish","type":"post","link":"https:\/\/www.valadascoriel.com\/pt-pt\/vca-celebra-excelencia-multigeracional-na-15a-edicao-do-best-lawyers-em-portugal\/","title":{"rendered":"VCA Celebra Excel\u00eancia Multigeracional na 15\u00aa Edi\u00e7\u00e3o do Best Lawyers em Portugal"},"content":{"rendered":"\n<h4 class=\"wp-block-heading has-primary-color has-text-color has-link-color wp-elements-28b566ca85cf44d878ab9a4845a5dbf0\">\u00c9 com grande satisfa\u00e7\u00e3o que anunciamos que quatro dos nossos advogados foram reconhecidos na 15\u00aa edi\u00e7\u00e3o do&nbsp;<em>The Best Lawyers em Portugal\u2122<\/em>&nbsp;e na 3\u00aa edi\u00e7\u00e3o do&nbsp;<em>Best Lawyers: Ones to Watch em Portugal\u2122<\/em>.<\/h4>\n\n\n\n<p>O nosso Managing Partner,&nbsp;<strong><a href=\"https:\/\/www.valadascoriel.com\/pt-pt\/sociedade\/equipa\/joao-valadas-coriel\/\" target=\"_blank\" rel=\"noreferrer noopener\">Jo\u00e3o Valadas Coriel<\/a><\/strong>, e o S\u00f3cio,&nbsp;<strong><a href=\"https:\/\/www.valadascoriel.com\/pt-pt\/sociedade\/equipa\/hugo-martins-braz\/\" target=\"_blank\" rel=\"noreferrer noopener\">Hugo Martins Braz<\/a><\/strong>, continuam a destacar-se pela sua excel\u00eancia e lideran\u00e7a. Jo\u00e3o foi reconhecido pela quarta vez consecutiva, reafirmando a sua posi\u00e7\u00e3o como um dos advogados mais prestigiados em Portugal. Hugo, reconhecido pelo segundo ano consecutivo, mant\u00e9m-se como um pilar na reputa\u00e7\u00e3o de excel\u00eancia jur\u00eddica da nossa sociedade.<\/p>\n\n\n\n<p class=\"has-primary-color has-text-color has-link-color wp-elements-49db65898b03280671dfe1ee1746eb8b\">Este ano, temos um motivo adicional de orgulho com o reconhecimento de duas das nossas talentosas advogadas,&nbsp;<strong><a href=\"https:\/\/www.valadascoriel.com\/pt-pt\/sociedade\/equipa\/ines-gracio\/\" target=\"_blank\" rel=\"noreferrer noopener\">In\u00eas Gr\u00e1cio<\/a><\/strong> e <strong><a href=\"https:\/\/www.valadascoriel.com\/pt-pt\/rita-cortes-maia\/\" target=\"_blank\" rel=\"noreferrer noopener\">Rita Cortes Maia<\/a><\/strong>, na categoria&nbsp;<em>Ones to Watch<\/em>. Este reconhecimento reflete o seu talento excepcional, dedica\u00e7\u00e3o e futuros promissores na advocacia. Al\u00e9m disso, destaca o compromisso da VCA em criar um ambiente onde os jovens profissionais possam crescer, serem valorizados e verem o seu m\u00e9rito reconhecido.<\/p>\n\n\n\n<p>Acreditamos no desenvolvimento de talento em todas as etapas da carreira, e estas distin\u00e7\u00f5es comprovam a nossa dedica\u00e7\u00e3o ao crescimento profissional e \u00e0 presta\u00e7\u00e3o de um servi\u00e7o de excel\u00eancia aos nossos clientes. Estamos extremamente orgulhosos dos nossos advogados, que representam os valores de excel\u00eancia, inova\u00e7\u00e3o e integridade que definem a nossa sociedade.<\/p>\n\n\n\n<div style=\"height:20px\" aria-hidden=\"true\" class=\"wp-block-spacer\"><\/div>\n\n\n<div class=\"wp-bootstrap-blocks-row row\">\n\t\n\n<div class=\"col-12 col-md-6\">\n\t\t\t<div class=\"h-100 d-flex flex-column justify-content-center\">\n\t\t\t\n\n<figure class=\"wp-block-image size-large\"><a href=\"https:\/\/www.bestlawyers.com\/firms\/valadas-coriel-associados\/85451\/PT\" target=\"_blank\" rel=\" noreferrer noopener\"><img loading=\"lazy\" decoding=\"async\" width=\"1024\" height=\"310\" src=\"https:\/\/www.valadascoriel.com\/wp-content\/uploads\/2024\/11\/Best-Lawyers-Firm-Logo-2025-1024x310.png\" alt=\"\" class=\"wp-image-16501\" srcset=\"https:\/\/www.valadascoriel.com\/wp-content\/uploads\/2024\/11\/Best-Lawyers-Firm-Logo-2025-1024x310.png 1024w, https:\/\/www.valadascoriel.com\/wp-content\/uploads\/2024\/11\/Best-Lawyers-Firm-Logo-2025-300x91.png 300w, https:\/\/www.valadascoriel.com\/wp-content\/uploads\/2024\/11\/Best-Lawyers-Firm-Logo-2025-768x232.png 768w, https:\/\/www.valadascoriel.com\/wp-content\/uploads\/2024\/11\/Best-Lawyers-Firm-Logo-2025-1536x465.png 1536w, https:\/\/www.valadascoriel.com\/wp-content\/uploads\/2024\/11\/Best-Lawyers-Firm-Logo-2025-2048x620.png 2048w, https:\/\/www.valadascoriel.com\/wp-content\/uploads\/2024\/11\/Best-Lawyers-Firm-Logo-2025-180x54.png 180w\" sizes=\"auto, (max-width: 1024px) 100vw, 1024px\" \/><\/a><\/figure>\n\n\t\t<\/div>\n\t<\/div>\n\n\n\n<div class=\"col-12 col-md-6\">\n\t\t\t<div class=\"h-100 d-flex flex-column justify-content-end\">\n\t\t\t\t\t<\/div>\n\t<\/div>\n\n<\/div>\n\n\n<div class=\"wp-bootstrap-blocks-row row\">\n\t\n\n<div class=\"col-12 col-md-6\">\n\t\t\t<div class=\"h-100 d-flex flex-column justify-content-end\">\n\t\t\t\n<div class=\"odin-buttons justify-content-start\">\n\t<a href=\"https:\/\/www.bestlawyers.com\/firms\/valadas-coriel-associados\/85451\/PT\" class=\"odin-button odin-button-link\">\n\t<span>\n\t\t<span class=\"odin-button-anchor\">Visite o nosso perfil do Best Lawyers<\/span>\n\t\t<span class=\"odin-icon odin-icon--font-awesome\"><svg xmlns=\"http:\/\/www.w3.org\/2000\/svg\" viewBox=\"0 0 448 512\"><!--! Font Awesome Pro 6.2.0 by @fontawesome - https:\/\/fontawesome.com License - https:\/\/fontawesome.com\/license (Commercial License) Copyright 2022 Fonticons, Inc. --><path d=\"M438.6 278.6c12.5-12.5 12.5-32.8 0-45.3l-160-160c-12.5-12.5-32.8-12.5-45.3 0s-12.5 32.8 0 45.3L338.8 224 32 224c-17.7 0-32 14.3-32 32s14.3 32 32 32l306.7 0L233.4 393.4c-12.5 12.5-12.5 32.8 0 45.3s32.8 12.5 45.3 0l160-160z\"><\/path><\/svg><\/span>\t<\/span>\n<\/a><\/div>\n\t\t<\/div>\n\t<\/div>\n\n\n\n<div class=\"col-12 col-md-6\">\n\t\t\t<div class=\"h-100 d-flex flex-column justify-content-end\">\n\t\t\t\n<div class=\"odin-buttons justify-content-end\">\n\t<a href=\"https:\/\/www.valadascoriel.com\/contato\/\" class=\"odin-button odin-button-primary\">\n\t<span>\n\t\t<span class=\"odin-button-anchor\">Contacte-nos para apoio jur\u00eddico<\/span>\n\t<\/span>\n<\/a><\/div>\n\t\t<\/div>\n\t<\/div>\n\n<\/div>\n\n\n\n<div style=\"height:40px\" aria-hidden=\"true\" class=\"wp-block-spacer\"><\/div>\n","protected":false},"excerpt":{"rendered":"<p>\u00c9 com grande satisfa\u00e7\u00e3o que anunciamos que quatro dos nossos advogados foram reconhecidos na 15\u00aa edi\u00e7\u00e3o do&nbsp;The Best Lawyers em Portugal\u2122&nbsp;e na 3\u00aa edi\u00e7\u00e3o do&nbsp;Best Lawyers: Ones to Watch em Portugal\u2122. O nosso Managing Partner,&nbsp;Jo\u00e3o Valadas Coriel, e o S\u00f3cio,&nbsp;Hugo Martins Braz, continuam a destacar-se pela sua excel\u00eancia e lideran\u00e7a. Jo\u00e3o foi reconhecido pela quarta [&hellip;]<\/p>\n","protected":false},"author":3,"featured_media":16445,"comment_status":"closed","ping_status":"closed","sticky":false,"template":"","format":"standard","meta":{"content-type":"","footnotes":""},"categories":[24,26],"tags":[],"class_list":["post-16504","post","type-post","status-publish","format-standard","has-post-thumbnail","hentry","category-noticias-e-insights","category-a-sociedade"],"yoast_head":"<!-- This site is optimized with the Yoast SEO Premium plugin v21.3 (Yoast SEO v26.1.1) - https:\/\/yoast.com\/wordpress\/plugins\/seo\/ -->\n<title>VCA Celebra Excel\u00eancia Multigeracional na 15\u00aa Edi\u00e7\u00e3o do Best Lawyers em Portugal - VCA - Valadas Coriel e Associados<\/title>\n<meta name=\"robots\" content=\"index, follow, max-snippet:-1, max-image-preview:large, max-video-preview:-1\" \/>\n<link rel=\"canonical\" href=\"https:\/\/www.valadascoriel.com\/pt-pt\/vca-celebra-excelencia-multigeracional-na-15a-edicao-do-best-lawyers-em-portugal\/\" \/>\n<meta property=\"og:locale\" content=\"pt_PT\" \/>\n<meta property=\"og:type\" content=\"article\" \/>\n<meta property=\"og:title\" content=\"VCA Celebra Excel\u00eancia Multigeracional na 15\u00aa Edi\u00e7\u00e3o do Best Lawyers em Portugal\" \/>\n<meta property=\"og:description\" content=\"\u00c9 com grande satisfa\u00e7\u00e3o que anunciamos que quatro dos nossos advogados foram reconhecidos na 15\u00aa edi\u00e7\u00e3o do&nbsp;The Best Lawyers em Portugal\u2122&nbsp;e na 3\u00aa edi\u00e7\u00e3o do&nbsp;Best Lawyers: Ones to Watch em Portugal\u2122. O nosso Managing Partner,&nbsp;Jo\u00e3o Valadas Coriel, e o S\u00f3cio,&nbsp;Hugo Martins Braz, continuam a destacar-se pela sua excel\u00eancia e lideran\u00e7a. Jo\u00e3o foi reconhecido pela quarta [&hellip;]\" \/>\n<meta property=\"og:url\" content=\"https:\/\/www.valadascoriel.com\/pt-pt\/vca-celebra-excelencia-multigeracional-na-15a-edicao-do-best-lawyers-em-portugal\/\" \/>\n<meta property=\"og:site_name\" content=\"VCA - Valadas Coriel e Associados\" \/>\n<meta property=\"article:publisher\" content=\"https:\/\/www.facebook.com\/ValadasCoriel\/\" \/>\n<meta property=\"article:published_time\" content=\"2024-11-18T18:58:53+00:00\" \/>\n<meta property=\"article:modified_time\" content=\"2024-11-18T19:06:17+00:00\" \/>\n<meta property=\"og:image\" content=\"https:\/\/www.valadascoriel.com\/wp-content\/uploads\/2024\/10\/VALADAS-CORIEL-14-2.jpg\" \/>\n\t<meta property=\"og:image:width\" content=\"2560\" \/>\n\t<meta property=\"og:image:height\" content=\"1707\" \/>\n\t<meta property=\"og:image:type\" content=\"image\/jpeg\" \/>\n<meta name=\"author\" content=\"Sara\" \/>\n<meta name=\"twitter:card\" content=\"summary_large_image\" \/>\n<meta name=\"twitter:creator\" content=\"@valadascoriel\" \/>\n<meta name=\"twitter:site\" content=\"@valadascoriel\" \/>\n<meta name=\"twitter:label1\" content=\"Escrito por\" \/>\n\t<meta name=\"twitter:data1\" content=\"Sara\" \/>\n\t<meta name=\"twitter:label2\" content=\"Tempo estimado de leitura\" \/>\n\t<meta name=\"twitter:data2\" content=\"2 minutos\" \/>\n<script type=\"application\/ld+json\" class=\"yoast-schema-graph\">{\"@context\":\"https:\/\/schema.org\",\"@graph\":[{\"@type\":\"Article\",\"@id\":\"https:\/\/www.valadascoriel.com\/pt-pt\/vca-celebra-excelencia-multigeracional-na-15a-edicao-do-best-lawyers-em-portugal\/#article\",\"isPartOf\":{\"@id\":\"https:\/\/www.valadascoriel.com\/pt-pt\/vca-celebra-excelencia-multigeracional-na-15a-edicao-do-best-lawyers-em-portugal\/\"},\"author\":{\"name\":\"Sara\",\"@id\":\"https:\/\/www.valadascoriel.com\/#\/schema\/person\/f7d3f00820a57775972b8a17ee05a974\"},\"headline\":\"VCA Celebra Excel\u00eancia Multigeracional na 15\u00aa Edi\u00e7\u00e3o do Best Lawyers em Portugal\",\"datePublished\":\"2024-11-18T18:58:53+00:00\",\"dateModified\":\"2024-11-18T19:06:17+00:00\",\"mainEntityOfPage\":{\"@id\":\"https:\/\/www.valadascoriel.com\/pt-pt\/vca-celebra-excelencia-multigeracional-na-15a-edicao-do-best-lawyers-em-portugal\/\"},\"wordCount\":251,\"publisher\":{\"@id\":\"https:\/\/www.valadascoriel.com\/#organization\"},\"image\":{\"@id\":\"https:\/\/www.valadascoriel.com\/pt-pt\/vca-celebra-excelencia-multigeracional-na-15a-edicao-do-best-lawyers-em-portugal\/#primaryimage\"},\"thumbnailUrl\":\"https:\/\/www.valadascoriel.com\/wp-content\/uploads\/2024\/10\/VALADAS-CORIEL-14-2.jpg\",\"articleSection\":[\"Not\u00edcias &amp; Insights\",\"A Sociedade\"],\"inLanguage\":\"pt-PT\"},{\"@type\":\"WebPage\",\"@id\":\"https:\/\/www.valadascoriel.com\/pt-pt\/vca-celebra-excelencia-multigeracional-na-15a-edicao-do-best-lawyers-em-portugal\/\",\"url\":\"https:\/\/www.valadascoriel.com\/pt-pt\/vca-celebra-excelencia-multigeracional-na-15a-edicao-do-best-lawyers-em-portugal\/\",\"name\":\"VCA Celebra Excel\u00eancia Multigeracional na 15\u00aa Edi\u00e7\u00e3o do Best Lawyers em Portugal - VCA - Valadas Coriel e Associados\",\"isPartOf\":{\"@id\":\"https:\/\/www.valadascoriel.com\/#website\"},\"primaryImageOfPage\":{\"@id\":\"https:\/\/www.valadascoriel.com\/pt-pt\/vca-celebra-excelencia-multigeracional-na-15a-edicao-do-best-lawyers-em-portugal\/#primaryimage\"},\"image\":{\"@id\":\"https:\/\/www.valadascoriel.com\/pt-pt\/vca-celebra-excelencia-multigeracional-na-15a-edicao-do-best-lawyers-em-portugal\/#primaryimage\"},\"thumbnailUrl\":\"https:\/\/www.valadascoriel.com\/wp-content\/uploads\/2024\/10\/VALADAS-CORIEL-14-2.jpg\",\"datePublished\":\"2024-11-18T18:58:53+00:00\",\"dateModified\":\"2024-11-18T19:06:17+00:00\",\"breadcrumb\":{\"@id\":\"https:\/\/www.valadascoriel.com\/pt-pt\/vca-celebra-excelencia-multigeracional-na-15a-edicao-do-best-lawyers-em-portugal\/#breadcrumb\"},\"inLanguage\":\"pt-PT\",\"potentialAction\":[{\"@type\":\"ReadAction\",\"target\":[\"https:\/\/www.valadascoriel.com\/pt-pt\/vca-celebra-excelencia-multigeracional-na-15a-edicao-do-best-lawyers-em-portugal\/\"]}]},{\"@type\":\"ImageObject\",\"inLanguage\":\"pt-PT\",\"@id\":\"https:\/\/www.valadascoriel.com\/pt-pt\/vca-celebra-excelencia-multigeracional-na-15a-edicao-do-best-lawyers-em-portugal\/#primaryimage\",\"url\":\"https:\/\/www.valadascoriel.com\/wp-content\/uploads\/2024\/10\/VALADAS-CORIEL-14-2.jpg\",\"contentUrl\":\"https:\/\/www.valadascoriel.com\/wp-content\/uploads\/2024\/10\/VALADAS-CORIEL-14-2.jpg\",\"width\":2560,\"height\":1707},{\"@type\":\"BreadcrumbList\",\"@id\":\"https:\/\/www.valadascoriel.com\/pt-pt\/vca-celebra-excelencia-multigeracional-na-15a-edicao-do-best-lawyers-em-portugal\/#breadcrumb\",\"itemListElement\":[{\"@type\":\"ListItem\",\"position\":1,\"name\":\"In\u00edcio\",\"item\":\"https:\/\/www.valadascoriel.com\/pt-pt\/\"},{\"@type\":\"ListItem\",\"position\":2,\"name\":\"VCA Celebra Excel\u00eancia Multigeracional na 15\u00aa Edi\u00e7\u00e3o do Best Lawyers em Portugal\"}]},{\"@type\":\"WebSite\",\"@id\":\"https:\/\/www.valadascoriel.com\/#website\",\"url\":\"https:\/\/www.valadascoriel.com\/\",\"name\":\"Valadas Coriel & Associados\",\"description\":\"A versatile legal firm combining experience, expertise &amp; creativity.\",\"publisher\":{\"@id\":\"https:\/\/www.valadascoriel.com\/#organization\"},\"potentialAction\":[{\"@type\":\"SearchAction\",\"target\":{\"@type\":\"EntryPoint\",\"urlTemplate\":\"https:\/\/www.valadascoriel.com\/?s={search_term_string}\"},\"query-input\":{\"@type\":\"PropertyValueSpecification\",\"valueRequired\":true,\"valueName\":\"search_term_string\"}}],\"inLanguage\":\"pt-PT\"},{\"@type\":\"Organization\",\"@id\":\"https:\/\/www.valadascoriel.com\/#organization\",\"name\":\"Valadas Coriel & Associados\",\"alternateName\":\"VCA\",\"url\":\"https:\/\/www.valadascoriel.com\/\",\"logo\":{\"@type\":\"ImageObject\",\"inLanguage\":\"pt-PT\",\"@id\":\"https:\/\/www.valadascoriel.com\/#\/schema\/logo\/image\/\",\"url\":\"https:\/\/www.valadascoriel.com\/wp-content\/uploads\/2023\/03\/cropped-favicon-1.png\",\"contentUrl\":\"https:\/\/www.valadascoriel.com\/wp-content\/uploads\/2023\/03\/cropped-favicon-1.png\",\"width\":512,\"height\":512,\"caption\":\"Valadas Coriel & Associados\"},\"image\":{\"@id\":\"https:\/\/www.valadascoriel.com\/#\/schema\/logo\/image\/\"},\"sameAs\":[\"https:\/\/www.facebook.com\/ValadasCoriel\/\",\"https:\/\/x.com\/valadascoriel\",\"https:\/\/pt.linkedin.com\/company\/vca-valadas-coriel-associados\",\"https:\/\/www.youtube.com\/channel\/UCic8dCFjoTtH5u890aEcW5Q\"]},{\"@type\":\"Person\",\"@id\":\"https:\/\/www.valadascoriel.com\/#\/schema\/person\/f7d3f00820a57775972b8a17ee05a974\",\"name\":\"Sara\",\"image\":{\"@type\":\"ImageObject\",\"inLanguage\":\"pt-PT\",\"@id\":\"https:\/\/www.valadascoriel.com\/#\/schema\/person\/image\/\",\"url\":\"https:\/\/secure.gravatar.com\/avatar\/338bebcf0839148bab7ee3a75f9859eecb0f27aa8e8efaf188e1b46e442b5669?s=96&d=mm&r=g\",\"contentUrl\":\"https:\/\/secure.gravatar.com\/avatar\/338bebcf0839148bab7ee3a75f9859eecb0f27aa8e8efaf188e1b46e442b5669?s=96&d=mm&r=g\",\"caption\":\"Sara\"},\"url\":\"https:\/\/www.valadascoriel.com\/pt-pt\/author\/saraalcobia\/\"}]}<\/script>\n<!-- \/ Yoast SEO Premium plugin. -->","yoast_head_json":{"title":"VCA Celebra Excel\u00eancia Multigeracional na 15\u00aa Edi\u00e7\u00e3o do Best Lawyers em Portugal - VCA - Valadas Coriel e Associados","robots":{"index":"index","follow":"follow","max-snippet":"max-snippet:-1","max-image-preview":"max-image-preview:large","max-video-preview":"max-video-preview:-1"},"canonical":"https:\/\/www.valadascoriel.com\/pt-pt\/vca-celebra-excelencia-multigeracional-na-15a-edicao-do-best-lawyers-em-portugal\/","og_locale":"pt_PT","og_type":"article","og_title":"VCA Celebra Excel\u00eancia Multigeracional na 15\u00aa Edi\u00e7\u00e3o do Best Lawyers em Portugal","og_description":"\u00c9 com grande satisfa\u00e7\u00e3o que anunciamos que quatro dos nossos advogados foram reconhecidos na 15\u00aa edi\u00e7\u00e3o do&nbsp;The Best Lawyers em Portugal\u2122&nbsp;e na 3\u00aa edi\u00e7\u00e3o do&nbsp;Best Lawyers: Ones to Watch em Portugal\u2122. O nosso Managing Partner,&nbsp;Jo\u00e3o Valadas Coriel, e o S\u00f3cio,&nbsp;Hugo Martins Braz, continuam a destacar-se pela sua excel\u00eancia e lideran\u00e7a. Jo\u00e3o foi reconhecido pela quarta [&hellip;]","og_url":"https:\/\/www.valadascoriel.com\/pt-pt\/vca-celebra-excelencia-multigeracional-na-15a-edicao-do-best-lawyers-em-portugal\/","og_site_name":"VCA - Valadas Coriel e Associados","article_publisher":"https:\/\/www.facebook.com\/ValadasCoriel\/","article_published_time":"2024-11-18T18:58:53+00:00","article_modified_time":"2024-11-18T19:06:17+00:00","og_image":[{"width":2560,"height":1707,"url":"https:\/\/www.valadascoriel.com\/wp-content\/uploads\/2024\/10\/VALADAS-CORIEL-14-2.jpg","type":"image\/jpeg"}],"author":"Sara","twitter_card":"summary_large_image","twitter_creator":"@valadascoriel","twitter_site":"@valadascoriel","twitter_misc":{"Escrito por":"Sara","Tempo estimado de leitura":"2 minutos"},"schema":{"@context":"https:\/\/schema.org","@graph":[{"@type":"Article","@id":"https:\/\/www.valadascoriel.com\/pt-pt\/vca-celebra-excelencia-multigeracional-na-15a-edicao-do-best-lawyers-em-portugal\/#article","isPartOf":{"@id":"https:\/\/www.valadascoriel.com\/pt-pt\/vca-celebra-excelencia-multigeracional-na-15a-edicao-do-best-lawyers-em-portugal\/"},"author":{"name":"Sara","@id":"https:\/\/www.valadascoriel.com\/#\/schema\/person\/f7d3f00820a57775972b8a17ee05a974"},"headline":"VCA Celebra Excel\u00eancia Multigeracional na 15\u00aa Edi\u00e7\u00e3o do Best Lawyers em Portugal","datePublished":"2024-11-18T18:58:53+00:00","dateModified":"2024-11-18T19:06:17+00:00","mainEntityOfPage":{"@id":"https:\/\/www.valadascoriel.com\/pt-pt\/vca-celebra-excelencia-multigeracional-na-15a-edicao-do-best-lawyers-em-portugal\/"},"wordCount":251,"publisher":{"@id":"https:\/\/www.valadascoriel.com\/#organization"},"image":{"@id":"https:\/\/www.valadascoriel.com\/pt-pt\/vca-celebra-excelencia-multigeracional-na-15a-edicao-do-best-lawyers-em-portugal\/#primaryimage"},"thumbnailUrl":"https:\/\/www.valadascoriel.com\/wp-content\/uploads\/2024\/10\/VALADAS-CORIEL-14-2.jpg","articleSection":["Not\u00edcias &amp; Insights","A Sociedade"],"inLanguage":"pt-PT"},{"@type":"WebPage","@id":"https:\/\/www.valadascoriel.com\/pt-pt\/vca-celebra-excelencia-multigeracional-na-15a-edicao-do-best-lawyers-em-portugal\/","url":"https:\/\/www.valadascoriel.com\/pt-pt\/vca-celebra-excelencia-multigeracional-na-15a-edicao-do-best-lawyers-em-portugal\/","name":"VCA Celebra Excel\u00eancia Multigeracional na 15\u00aa Edi\u00e7\u00e3o do Best Lawyers em Portugal - VCA - Valadas Coriel e Associados","isPartOf":{"@id":"https:\/\/www.valadascoriel.com\/#website"},"primaryImageOfPage":{"@id":"https:\/\/www.valadascoriel.com\/pt-pt\/vca-celebra-excelencia-multigeracional-na-15a-edicao-do-best-lawyers-em-portugal\/#primaryimage"},"image":{"@id":"https:\/\/www.valadascoriel.com\/pt-pt\/vca-celebra-excelencia-multigeracional-na-15a-edicao-do-best-lawyers-em-portugal\/#primaryimage"},"thumbnailUrl":"https:\/\/www.valadascoriel.com\/wp-content\/uploads\/2024\/10\/VALADAS-CORIEL-14-2.jpg","datePublished":"2024-11-18T18:58:53+00:00","dateModified":"2024-11-18T19:06:17+00:00","breadcrumb":{"@id":"https:\/\/www.valadascoriel.com\/pt-pt\/vca-celebra-excelencia-multigeracional-na-15a-edicao-do-best-lawyers-em-portugal\/#breadcrumb"},"inLanguage":"pt-PT","potentialAction":[{"@type":"ReadAction","target":["https:\/\/www.valadascoriel.com\/pt-pt\/vca-celebra-excelencia-multigeracional-na-15a-edicao-do-best-lawyers-em-portugal\/"]}]},{"@type":"ImageObject","inLanguage":"pt-PT","@id":"https:\/\/www.valadascoriel.com\/pt-pt\/vca-celebra-excelencia-multigeracional-na-15a-edicao-do-best-lawyers-em-portugal\/#primaryimage","url":"https:\/\/www.valadascoriel.com\/wp-content\/uploads\/2024\/10\/VALADAS-CORIEL-14-2.jpg","contentUrl":"https:\/\/www.valadascoriel.com\/wp-content\/uploads\/2024\/10\/VALADAS-CORIEL-14-2.jpg","width":2560,"height":1707},{"@type":"BreadcrumbList","@id":"https:\/\/www.valadascoriel.com\/pt-pt\/vca-celebra-excelencia-multigeracional-na-15a-edicao-do-best-lawyers-em-portugal\/#breadcrumb","itemListElement":[{"@type":"ListItem","position":1,"name":"In\u00edcio","item":"https:\/\/www.valadascoriel.com\/pt-pt\/"},{"@type":"ListItem","position":2,"name":"VCA Celebra Excel\u00eancia Multigeracional na 15\u00aa Edi\u00e7\u00e3o do Best Lawyers em Portugal"}]},{"@type":"WebSite","@id":"https:\/\/www.valadascoriel.com\/#website","url":"https:\/\/www.valadascoriel.com\/","name":"Valadas Coriel & Associados","description":"A versatile legal firm combining experience, expertise &amp; creativity.","publisher":{"@id":"https:\/\/www.valadascoriel.com\/#organization"},"potentialAction":[{"@type":"SearchAction","target":{"@type":"EntryPoint","urlTemplate":"https:\/\/www.valadascoriel.com\/?s={search_term_string}"},"query-input":{"@type":"PropertyValueSpecification","valueRequired":true,"valueName":"search_term_string"}}],"inLanguage":"pt-PT"},{"@type":"Organization","@id":"https:\/\/www.valadascoriel.com\/#organization","name":"Valadas Coriel & Associados","alternateName":"VCA","url":"https:\/\/www.valadascoriel.com\/","logo":{"@type":"ImageObject","inLanguage":"pt-PT","@id":"https:\/\/www.valadascoriel.com\/#\/schema\/logo\/image\/","url":"https:\/\/www.valadascoriel.com\/wp-content\/uploads\/2023\/03\/cropped-favicon-1.png","contentUrl":"https:\/\/www.valadascoriel.com\/wp-content\/uploads\/2023\/03\/cropped-favicon-1.png","width":512,"height":512,"caption":"Valadas Coriel & Associados"},"image":{"@id":"https:\/\/www.valadascoriel.com\/#\/schema\/logo\/image\/"},"sameAs":["https:\/\/www.facebook.com\/ValadasCoriel\/","https:\/\/x.com\/valadascoriel","https:\/\/pt.linkedin.com\/company\/vca-valadas-coriel-associados","https:\/\/www.youtube.com\/channel\/UCic8dCFjoTtH5u890aEcW5Q"]},{"@type":"Person","@id":"https:\/\/www.valadascoriel.com\/#\/schema\/person\/f7d3f00820a57775972b8a17ee05a974","name":"Sara","image":{"@type":"ImageObject","inLanguage":"pt-PT","@id":"https:\/\/www.valadascoriel.com\/#\/schema\/person\/image\/","url":"https:\/\/secure.gravatar.com\/avatar\/338bebcf0839148bab7ee3a75f9859eecb0f27aa8e8efaf188e1b46e442b5669?s=96&d=mm&r=g","contentUrl":"https:\/\/secure.gravatar.com\/avatar\/338bebcf0839148bab7ee3a75f9859eecb0f27aa8e8efaf188e1b46e442b5669?s=96&d=mm&r=g","caption":"Sara"},"url":"https:\/\/www.valadascoriel.com\/pt-pt\/author\/saraalcobia\/"}]}},"_links":{"self":[{"href":"https:\/\/www.valadascoriel.com\/pt-pt\/wp-json\/wp\/v2\/posts\/16504","targetHints":{"allow":["GET"]}}],"collection":[{"href":"https:\/\/www.valadascoriel.com\/pt-pt\/wp-json\/wp\/v2\/posts"}],"about":[{"href":"https:\/\/www.valadascoriel.com\/pt-pt\/wp-json\/wp\/v2\/types\/post"}],"author":[{"embeddable":true,"href":"https:\/\/www.valadascoriel.com\/pt-pt\/wp-json\/wp\/v2\/users\/3"}],"replies":[{"embeddable":true,"href":"https:\/\/www.valadascoriel.com\/pt-pt\/wp-json\/wp\/v2\/comments?post=16504"}],"version-history":[{"count":4,"href":"https:\/\/www.valadascoriel.com\/pt-pt\/wp-json\/wp\/v2\/posts\/16504\/revisions"}],"predecessor-version":[{"id":16510,"href":"https:\/\/www.valadascoriel.com\/pt-pt\/wp-json\/wp\/v2\/posts\/16504\/revisions\/16510"}],"wp:featuredmedia":[{"embeddable":true,"href":"https:\/\/www.valadascoriel.com\/pt-pt\/wp-json\/wp\/v2\/media\/16445"}],"wp:attachment":[{"href":"https:\/\/www.valadascoriel.com\/pt-pt\/wp-json\/wp\/v2\/media?parent=16504"}],"wp:term":[{"taxonomy":"category","embeddable":true,"href":"https:\/\/www.valadascoriel.com\/pt-pt\/wp-json\/wp\/v2\/categories?post=16504"},{"taxonomy":"post_tag","embeddable":true,"href":"https:\/\/www.valadascoriel.com\/pt-pt\/wp-json\/wp\/v2\/tags?post=16504"}],"curies":[{"name":"wp","href":"https:\/\/api.w.org\/{rel}","templated":true}]}}