{"id":16633,"date":"2025-01-07T13:33:43","date_gmt":"2025-01-07T13:33:43","guid":{"rendered":"https:\/\/www.valadascoriel.com\/?p=16633"},"modified":"2025-01-07T13:33:41","modified_gmt":"2025-01-07T13:33:41","slug":"joao-coriel-torna-se-membro-da-step-um-marco-de-excelencia-para-a-vca-na-gestao-de-patrimonios","status":"publish","type":"post","link":"https:\/\/www.valadascoriel.com\/pt-pt\/joao-coriel-torna-se-membro-da-step-um-marco-de-excelencia-para-a-vca-na-gestao-de-patrimonios\/","title":{"rendered":"Jo\u00e3o Coriel Torna-se Membro da STEP: Um Marco de Excel\u00eancia para a VCA na Gest\u00e3o de Patrim\u00f3nios"},"content":{"rendered":"\n<h4 class=\"wp-block-heading has-primary-color has-text-color has-link-color wp-elements-fab514f8a8c15347379863649329f2a1\">\u00c9 com grande orgulho que anunciamos que Jo\u00e3o Coriel, Managing Partner da Valadas Coriel &amp; Associados (VCA), foi aceite como membro da&nbsp;<strong>Society of Trust and Estate Practitioners (STEP)<\/strong>.&nbsp;<\/h4>\n\n\n\n<p>Este \u00e9 um marco significativo, que reflete a sua experi\u00eancia em planeamento sucess\u00f3rio, gest\u00e3o de patrim\u00f3nio e heran\u00e7as familiares.<\/p>\n\n\n\n<p>A STEP \u00e9 a principal organiza\u00e7\u00e3o profissional para especialistas em planeamento sucess\u00f3rio e gest\u00e3o de patrim\u00f3nio. A ades\u00e3o \u00e9 concedida apenas a profissionais que demonstrem uma expertise extraordin\u00e1ria nesta \u00e1rea, apoiada por recomenda\u00e7\u00f5es de pares e um hist\u00f3rico comprovado. A aceita\u00e7\u00e3o de Jo\u00e3o nesta organiza\u00e7\u00e3o de prest\u00edgio destaca o seu compromisso com a excel\u00eancia e a entrega de solu\u00e7\u00f5es personalizadas aos nossos clientes.<\/p>\n\n\n\n<p>Na VCA, acreditamos na combina\u00e7\u00e3o de expertise t\u00e9cnica com criatividade para abordar os desafios \u00fanicos de cada cliente. Com a ades\u00e3o de Jo\u00e3o \u00e0 STEP, refor\u00e7amos a nossa capacidade de apoiar indiv\u00edduos, fam\u00edlias e empresas na gest\u00e3o de patrim\u00f3nios e necessidades de planeamento sucess\u00f3rio, tanto em Portugal como a n\u00edvel internacional.<\/p>\n\n\n\n<p class=\"has-primary-color has-text-color has-link-color wp-elements-a4f71ab3f5febb686dc18f9092d777eb\">Este marco sublinha tamb\u00e9m o nosso compromisso em manter os mais altos padr\u00f5es profissionais e em fortalecer a nossa pr\u00e1tica de private wealth. Al\u00e9m disso, proporciona-nos acesso a recursos, insights e conex\u00f5es globais da STEP, garantindo que os nossos clientes beneficiem de aconselhamento jur\u00eddico informado e eficaz.<\/p>\n\n\n\n<p>A aceita\u00e7\u00e3o de Jo\u00e3o na STEP n\u00e3o \u00e9 apenas um marco pessoal, mas tamb\u00e9m um passo em frente para a VCA enquanto firma. Parabenizamos Jo\u00e3o por esta conquista significativa e esperamos aproveitar esta oportunidade para servir melhor os nossos clientes.<\/p>\n\n\n<div class=\"odin-buttons justify-content-end\">\n\t<a href=\"https:\/\/www.valadascoriel.com\/pt-pt\/contato\/\" class=\"odin-button odin-button-primary\">\n\t<span>\n\t\t<span class=\"odin-button-anchor\">Contacte-nos para apoio jur\u00eddico<\/span>\n\t<\/span>\n<\/a><\/div>\n\n\n<div style=\"height:40px\" aria-hidden=\"true\" class=\"wp-block-spacer\"><\/div>\n","protected":false},"excerpt":{"rendered":"<p>\u00c9 com grande orgulho que anunciamos que Jo\u00e3o Coriel, Managing Partner da Valadas Coriel &amp; Associados (VCA), foi aceite como membro da&nbsp;Society of Trust and Estate Practitioners (STEP).&nbsp; Este \u00e9 um marco significativo, que reflete a sua experi\u00eancia em planeamento sucess\u00f3rio, gest\u00e3o de patrim\u00f3nio e heran\u00e7as familiares. A STEP \u00e9 a principal organiza\u00e7\u00e3o profissional para [&hellip;]<\/p>\n","protected":false},"author":3,"featured_media":16417,"comment_status":"closed","ping_status":"closed","sticky":false,"template":"","format":"standard","meta":{"content-type":"","footnotes":""},"categories":[24,26],"tags":[],"class_list":["post-16633","post","type-post","status-publish","format-standard","has-post-thumbnail","hentry","category-noticias-e-insights","category-a-sociedade"],"yoast_head":"<!-- This site is optimized with the Yoast SEO Premium plugin v21.3 (Yoast SEO v26.1.1) - https:\/\/yoast.com\/wordpress\/plugins\/seo\/ -->\n<title>Jo\u00e3o Coriel Torna-se Membro da STEP: Um Marco de Excel\u00eancia para a VCA na Gest\u00e3o de Patrim\u00f3nios - VCA - Valadas Coriel e Associados<\/title>\n<meta name=\"robots\" content=\"index, follow, max-snippet:-1, max-image-preview:large, max-video-preview:-1\" \/>\n<link rel=\"canonical\" href=\"https:\/\/www.valadascoriel.com\/pt-pt\/joao-coriel-torna-se-membro-da-step-um-marco-de-excelencia-para-a-vca-na-gestao-de-patrimonios\/\" \/>\n<meta property=\"og:locale\" content=\"pt_PT\" \/>\n<meta property=\"og:type\" content=\"article\" \/>\n<meta property=\"og:title\" content=\"Jo\u00e3o Coriel Torna-se Membro da STEP: Um Marco de Excel\u00eancia para a VCA na Gest\u00e3o de Patrim\u00f3nios\" \/>\n<meta property=\"og:description\" content=\"\u00c9 com grande orgulho que anunciamos que Jo\u00e3o Coriel, Managing Partner da Valadas Coriel &amp; Associados (VCA), foi aceite como membro da&nbsp;Society of Trust and Estate Practitioners (STEP).&nbsp; Este \u00e9 um marco significativo, que reflete a sua experi\u00eancia em planeamento sucess\u00f3rio, gest\u00e3o de patrim\u00f3nio e heran\u00e7as familiares. A STEP \u00e9 a principal organiza\u00e7\u00e3o profissional para [&hellip;]\" \/>\n<meta property=\"og:url\" content=\"https:\/\/www.valadascoriel.com\/pt-pt\/joao-coriel-torna-se-membro-da-step-um-marco-de-excelencia-para-a-vca-na-gestao-de-patrimonios\/\" \/>\n<meta property=\"og:site_name\" content=\"VCA - Valadas Coriel e Associados\" \/>\n<meta property=\"article:publisher\" content=\"https:\/\/www.facebook.com\/ValadasCoriel\/\" \/>\n<meta property=\"article:published_time\" content=\"2025-01-07T13:33:43+00:00\" \/>\n<meta property=\"og:image\" content=\"https:\/\/www.valadascoriel.com\/wp-content\/uploads\/2024\/10\/VALADAS-CORIEL-14-1.jpg\" \/>\n\t<meta property=\"og:image:width\" content=\"1\" \/>\n\t<meta property=\"og:image:height\" content=\"1\" \/>\n\t<meta property=\"og:image:type\" content=\"image\/jpeg\" \/>\n<meta name=\"author\" content=\"Sara\" \/>\n<meta name=\"twitter:card\" content=\"summary_large_image\" \/>\n<meta name=\"twitter:creator\" content=\"@valadascoriel\" \/>\n<meta name=\"twitter:site\" content=\"@valadascoriel\" \/>\n<meta name=\"twitter:label1\" content=\"Escrito por\" \/>\n\t<meta name=\"twitter:data1\" content=\"Sara\" \/>\n\t<meta name=\"twitter:label2\" content=\"Tempo estimado de leitura\" \/>\n\t<meta name=\"twitter:data2\" content=\"2 minutos\" \/>\n<script type=\"application\/ld+json\" class=\"yoast-schema-graph\">{\"@context\":\"https:\/\/schema.org\",\"@graph\":[{\"@type\":\"Article\",\"@id\":\"https:\/\/www.valadascoriel.com\/pt-pt\/joao-coriel-torna-se-membro-da-step-um-marco-de-excelencia-para-a-vca-na-gestao-de-patrimonios\/#article\",\"isPartOf\":{\"@id\":\"https:\/\/www.valadascoriel.com\/pt-pt\/joao-coriel-torna-se-membro-da-step-um-marco-de-excelencia-para-a-vca-na-gestao-de-patrimonios\/\"},\"author\":{\"name\":\"Sara\",\"@id\":\"https:\/\/www.valadascoriel.com\/#\/schema\/person\/f7d3f00820a57775972b8a17ee05a974\"},\"headline\":\"Jo\u00e3o Coriel Torna-se Membro da STEP: Um Marco de Excel\u00eancia para a VCA na Gest\u00e3o de Patrim\u00f3nios\",\"datePublished\":\"2025-01-07T13:33:43+00:00\",\"mainEntityOfPage\":{\"@id\":\"https:\/\/www.valadascoriel.com\/pt-pt\/joao-coriel-torna-se-membro-da-step-um-marco-de-excelencia-para-a-vca-na-gestao-de-patrimonios\/\"},\"wordCount\":308,\"publisher\":{\"@id\":\"https:\/\/www.valadascoriel.com\/#organization\"},\"image\":{\"@id\":\"https:\/\/www.valadascoriel.com\/pt-pt\/joao-coriel-torna-se-membro-da-step-um-marco-de-excelencia-para-a-vca-na-gestao-de-patrimonios\/#primaryimage\"},\"thumbnailUrl\":\"https:\/\/www.valadascoriel.com\/wp-content\/uploads\/2024\/10\/VALADAS-CORIEL-14-1.jpg\",\"articleSection\":[\"Not\u00edcias &amp; Insights\",\"A Sociedade\"],\"inLanguage\":\"pt-PT\"},{\"@type\":\"WebPage\",\"@id\":\"https:\/\/www.valadascoriel.com\/pt-pt\/joao-coriel-torna-se-membro-da-step-um-marco-de-excelencia-para-a-vca-na-gestao-de-patrimonios\/\",\"url\":\"https:\/\/www.valadascoriel.com\/pt-pt\/joao-coriel-torna-se-membro-da-step-um-marco-de-excelencia-para-a-vca-na-gestao-de-patrimonios\/\",\"name\":\"Jo\u00e3o Coriel Torna-se Membro da STEP: Um Marco de Excel\u00eancia para a VCA na Gest\u00e3o de Patrim\u00f3nios - VCA - Valadas Coriel e Associados\",\"isPartOf\":{\"@id\":\"https:\/\/www.valadascoriel.com\/#website\"},\"primaryImageOfPage\":{\"@id\":\"https:\/\/www.valadascoriel.com\/pt-pt\/joao-coriel-torna-se-membro-da-step-um-marco-de-excelencia-para-a-vca-na-gestao-de-patrimonios\/#primaryimage\"},\"image\":{\"@id\":\"https:\/\/www.valadascoriel.com\/pt-pt\/joao-coriel-torna-se-membro-da-step-um-marco-de-excelencia-para-a-vca-na-gestao-de-patrimonios\/#primaryimage\"},\"thumbnailUrl\":\"https:\/\/www.valadascoriel.com\/wp-content\/uploads\/2024\/10\/VALADAS-CORIEL-14-1.jpg\",\"datePublished\":\"2025-01-07T13:33:43+00:00\",\"breadcrumb\":{\"@id\":\"https:\/\/www.valadascoriel.com\/pt-pt\/joao-coriel-torna-se-membro-da-step-um-marco-de-excelencia-para-a-vca-na-gestao-de-patrimonios\/#breadcrumb\"},\"inLanguage\":\"pt-PT\",\"potentialAction\":[{\"@type\":\"ReadAction\",\"target\":[\"https:\/\/www.valadascoriel.com\/pt-pt\/joao-coriel-torna-se-membro-da-step-um-marco-de-excelencia-para-a-vca-na-gestao-de-patrimonios\/\"]}]},{\"@type\":\"ImageObject\",\"inLanguage\":\"pt-PT\",\"@id\":\"https:\/\/www.valadascoriel.com\/pt-pt\/joao-coriel-torna-se-membro-da-step-um-marco-de-excelencia-para-a-vca-na-gestao-de-patrimonios\/#primaryimage\",\"url\":\"https:\/\/www.valadascoriel.com\/wp-content\/uploads\/2024\/10\/VALADAS-CORIEL-14-1.jpg\",\"contentUrl\":\"https:\/\/www.valadascoriel.com\/wp-content\/uploads\/2024\/10\/VALADAS-CORIEL-14-1.jpg\"},{\"@type\":\"BreadcrumbList\",\"@id\":\"https:\/\/www.valadascoriel.com\/pt-pt\/joao-coriel-torna-se-membro-da-step-um-marco-de-excelencia-para-a-vca-na-gestao-de-patrimonios\/#breadcrumb\",\"itemListElement\":[{\"@type\":\"ListItem\",\"position\":1,\"name\":\"In\u00edcio\",\"item\":\"https:\/\/www.valadascoriel.com\/pt-pt\/\"},{\"@type\":\"ListItem\",\"position\":2,\"name\":\"Jo\u00e3o Coriel Torna-se Membro da STEP: Um Marco de Excel\u00eancia para a VCA na Gest\u00e3o de Patrim\u00f3nios\"}]},{\"@type\":\"WebSite\",\"@id\":\"https:\/\/www.valadascoriel.com\/#website\",\"url\":\"https:\/\/www.valadascoriel.com\/\",\"name\":\"Valadas Coriel & Associados\",\"description\":\"A versatile legal firm combining experience, expertise &amp; creativity.\",\"publisher\":{\"@id\":\"https:\/\/www.valadascoriel.com\/#organization\"},\"potentialAction\":[{\"@type\":\"SearchAction\",\"target\":{\"@type\":\"EntryPoint\",\"urlTemplate\":\"https:\/\/www.valadascoriel.com\/?s={search_term_string}\"},\"query-input\":{\"@type\":\"PropertyValueSpecification\",\"valueRequired\":true,\"valueName\":\"search_term_string\"}}],\"inLanguage\":\"pt-PT\"},{\"@type\":\"Organization\",\"@id\":\"https:\/\/www.valadascoriel.com\/#organization\",\"name\":\"Valadas Coriel & Associados\",\"alternateName\":\"VCA\",\"url\":\"https:\/\/www.valadascoriel.com\/\",\"logo\":{\"@type\":\"ImageObject\",\"inLanguage\":\"pt-PT\",\"@id\":\"https:\/\/www.valadascoriel.com\/#\/schema\/logo\/image\/\",\"url\":\"https:\/\/www.valadascoriel.com\/wp-content\/uploads\/2023\/03\/cropped-favicon-1.png\",\"contentUrl\":\"https:\/\/www.valadascoriel.com\/wp-content\/uploads\/2023\/03\/cropped-favicon-1.png\",\"width\":512,\"height\":512,\"caption\":\"Valadas Coriel & Associados\"},\"image\":{\"@id\":\"https:\/\/www.valadascoriel.com\/#\/schema\/logo\/image\/\"},\"sameAs\":[\"https:\/\/www.facebook.com\/ValadasCoriel\/\",\"https:\/\/x.com\/valadascoriel\",\"https:\/\/pt.linkedin.com\/company\/vca-valadas-coriel-associados\",\"https:\/\/www.youtube.com\/channel\/UCic8dCFjoTtH5u890aEcW5Q\"]},{\"@type\":\"Person\",\"@id\":\"https:\/\/www.valadascoriel.com\/#\/schema\/person\/f7d3f00820a57775972b8a17ee05a974\",\"name\":\"Sara\",\"image\":{\"@type\":\"ImageObject\",\"inLanguage\":\"pt-PT\",\"@id\":\"https:\/\/www.valadascoriel.com\/#\/schema\/person\/image\/\",\"url\":\"https:\/\/secure.gravatar.com\/avatar\/338bebcf0839148bab7ee3a75f9859eecb0f27aa8e8efaf188e1b46e442b5669?s=96&d=mm&r=g\",\"contentUrl\":\"https:\/\/secure.gravatar.com\/avatar\/338bebcf0839148bab7ee3a75f9859eecb0f27aa8e8efaf188e1b46e442b5669?s=96&d=mm&r=g\",\"caption\":\"Sara\"},\"url\":\"https:\/\/www.valadascoriel.com\/pt-pt\/author\/saraalcobia\/\"}]}<\/script>\n<!-- \/ Yoast SEO Premium plugin. -->","yoast_head_json":{"title":"Jo\u00e3o Coriel Torna-se Membro da STEP: Um Marco de Excel\u00eancia para a VCA na Gest\u00e3o de Patrim\u00f3nios - VCA - Valadas Coriel e Associados","robots":{"index":"index","follow":"follow","max-snippet":"max-snippet:-1","max-image-preview":"max-image-preview:large","max-video-preview":"max-video-preview:-1"},"canonical":"https:\/\/www.valadascoriel.com\/pt-pt\/joao-coriel-torna-se-membro-da-step-um-marco-de-excelencia-para-a-vca-na-gestao-de-patrimonios\/","og_locale":"pt_PT","og_type":"article","og_title":"Jo\u00e3o Coriel Torna-se Membro da STEP: Um Marco de Excel\u00eancia para a VCA na Gest\u00e3o de Patrim\u00f3nios","og_description":"\u00c9 com grande orgulho que anunciamos que Jo\u00e3o Coriel, Managing Partner da Valadas Coriel &amp; Associados (VCA), foi aceite como membro da&nbsp;Society of Trust and Estate Practitioners (STEP).&nbsp; Este \u00e9 um marco significativo, que reflete a sua experi\u00eancia em planeamento sucess\u00f3rio, gest\u00e3o de patrim\u00f3nio e heran\u00e7as familiares. A STEP \u00e9 a principal organiza\u00e7\u00e3o profissional para [&hellip;]","og_url":"https:\/\/www.valadascoriel.com\/pt-pt\/joao-coriel-torna-se-membro-da-step-um-marco-de-excelencia-para-a-vca-na-gestao-de-patrimonios\/","og_site_name":"VCA - Valadas Coriel e Associados","article_publisher":"https:\/\/www.facebook.com\/ValadasCoriel\/","article_published_time":"2025-01-07T13:33:43+00:00","og_image":[{"url":"https:\/\/www.valadascoriel.com\/wp-content\/uploads\/2024\/10\/VALADAS-CORIEL-14-1.jpg","width":1,"height":1,"type":"image\/jpeg"}],"author":"Sara","twitter_card":"summary_large_image","twitter_creator":"@valadascoriel","twitter_site":"@valadascoriel","twitter_misc":{"Escrito por":"Sara","Tempo estimado de leitura":"2 minutos"},"schema":{"@context":"https:\/\/schema.org","@graph":[{"@type":"Article","@id":"https:\/\/www.valadascoriel.com\/pt-pt\/joao-coriel-torna-se-membro-da-step-um-marco-de-excelencia-para-a-vca-na-gestao-de-patrimonios\/#article","isPartOf":{"@id":"https:\/\/www.valadascoriel.com\/pt-pt\/joao-coriel-torna-se-membro-da-step-um-marco-de-excelencia-para-a-vca-na-gestao-de-patrimonios\/"},"author":{"name":"Sara","@id":"https:\/\/www.valadascoriel.com\/#\/schema\/person\/f7d3f00820a57775972b8a17ee05a974"},"headline":"Jo\u00e3o Coriel Torna-se Membro da STEP: Um Marco de Excel\u00eancia para a VCA na Gest\u00e3o de Patrim\u00f3nios","datePublished":"2025-01-07T13:33:43+00:00","mainEntityOfPage":{"@id":"https:\/\/www.valadascoriel.com\/pt-pt\/joao-coriel-torna-se-membro-da-step-um-marco-de-excelencia-para-a-vca-na-gestao-de-patrimonios\/"},"wordCount":308,"publisher":{"@id":"https:\/\/www.valadascoriel.com\/#organization"},"image":{"@id":"https:\/\/www.valadascoriel.com\/pt-pt\/joao-coriel-torna-se-membro-da-step-um-marco-de-excelencia-para-a-vca-na-gestao-de-patrimonios\/#primaryimage"},"thumbnailUrl":"https:\/\/www.valadascoriel.com\/wp-content\/uploads\/2024\/10\/VALADAS-CORIEL-14-1.jpg","articleSection":["Not\u00edcias &amp; Insights","A Sociedade"],"inLanguage":"pt-PT"},{"@type":"WebPage","@id":"https:\/\/www.valadascoriel.com\/pt-pt\/joao-coriel-torna-se-membro-da-step-um-marco-de-excelencia-para-a-vca-na-gestao-de-patrimonios\/","url":"https:\/\/www.valadascoriel.com\/pt-pt\/joao-coriel-torna-se-membro-da-step-um-marco-de-excelencia-para-a-vca-na-gestao-de-patrimonios\/","name":"Jo\u00e3o Coriel Torna-se Membro da STEP: Um Marco de Excel\u00eancia para a VCA na Gest\u00e3o de Patrim\u00f3nios - VCA - Valadas Coriel e Associados","isPartOf":{"@id":"https:\/\/www.valadascoriel.com\/#website"},"primaryImageOfPage":{"@id":"https:\/\/www.valadascoriel.com\/pt-pt\/joao-coriel-torna-se-membro-da-step-um-marco-de-excelencia-para-a-vca-na-gestao-de-patrimonios\/#primaryimage"},"image":{"@id":"https:\/\/www.valadascoriel.com\/pt-pt\/joao-coriel-torna-se-membro-da-step-um-marco-de-excelencia-para-a-vca-na-gestao-de-patrimonios\/#primaryimage"},"thumbnailUrl":"https:\/\/www.valadascoriel.com\/wp-content\/uploads\/2024\/10\/VALADAS-CORIEL-14-1.jpg","datePublished":"2025-01-07T13:33:43+00:00","breadcrumb":{"@id":"https:\/\/www.valadascoriel.com\/pt-pt\/joao-coriel-torna-se-membro-da-step-um-marco-de-excelencia-para-a-vca-na-gestao-de-patrimonios\/#breadcrumb"},"inLanguage":"pt-PT","potentialAction":[{"@type":"ReadAction","target":["https:\/\/www.valadascoriel.com\/pt-pt\/joao-coriel-torna-se-membro-da-step-um-marco-de-excelencia-para-a-vca-na-gestao-de-patrimonios\/"]}]},{"@type":"ImageObject","inLanguage":"pt-PT","@id":"https:\/\/www.valadascoriel.com\/pt-pt\/joao-coriel-torna-se-membro-da-step-um-marco-de-excelencia-para-a-vca-na-gestao-de-patrimonios\/#primaryimage","url":"https:\/\/www.valadascoriel.com\/wp-content\/uploads\/2024\/10\/VALADAS-CORIEL-14-1.jpg","contentUrl":"https:\/\/www.valadascoriel.com\/wp-content\/uploads\/2024\/10\/VALADAS-CORIEL-14-1.jpg"},{"@type":"BreadcrumbList","@id":"https:\/\/www.valadascoriel.com\/pt-pt\/joao-coriel-torna-se-membro-da-step-um-marco-de-excelencia-para-a-vca-na-gestao-de-patrimonios\/#breadcrumb","itemListElement":[{"@type":"ListItem","position":1,"name":"In\u00edcio","item":"https:\/\/www.valadascoriel.com\/pt-pt\/"},{"@type":"ListItem","position":2,"name":"Jo\u00e3o Coriel Torna-se Membro da STEP: Um Marco de Excel\u00eancia para a VCA na Gest\u00e3o de Patrim\u00f3nios"}]},{"@type":"WebSite","@id":"https:\/\/www.valadascoriel.com\/#website","url":"https:\/\/www.valadascoriel.com\/","name":"Valadas Coriel & Associados","description":"A versatile legal firm combining experience, expertise &amp; creativity.","publisher":{"@id":"https:\/\/www.valadascoriel.com\/#organization"},"potentialAction":[{"@type":"SearchAction","target":{"@type":"EntryPoint","urlTemplate":"https:\/\/www.valadascoriel.com\/?s={search_term_string}"},"query-input":{"@type":"PropertyValueSpecification","valueRequired":true,"valueName":"search_term_string"}}],"inLanguage":"pt-PT"},{"@type":"Organization","@id":"https:\/\/www.valadascoriel.com\/#organization","name":"Valadas Coriel & Associados","alternateName":"VCA","url":"https:\/\/www.valadascoriel.com\/","logo":{"@type":"ImageObject","inLanguage":"pt-PT","@id":"https:\/\/www.valadascoriel.com\/#\/schema\/logo\/image\/","url":"https:\/\/www.valadascoriel.com\/wp-content\/uploads\/2023\/03\/cropped-favicon-1.png","contentUrl":"https:\/\/www.valadascoriel.com\/wp-content\/uploads\/2023\/03\/cropped-favicon-1.png","width":512,"height":512,"caption":"Valadas Coriel & Associados"},"image":{"@id":"https:\/\/www.valadascoriel.com\/#\/schema\/logo\/image\/"},"sameAs":["https:\/\/www.facebook.com\/ValadasCoriel\/","https:\/\/x.com\/valadascoriel","https:\/\/pt.linkedin.com\/company\/vca-valadas-coriel-associados","https:\/\/www.youtube.com\/channel\/UCic8dCFjoTtH5u890aEcW5Q"]},{"@type":"Person","@id":"https:\/\/www.valadascoriel.com\/#\/schema\/person\/f7d3f00820a57775972b8a17ee05a974","name":"Sara","image":{"@type":"ImageObject","inLanguage":"pt-PT","@id":"https:\/\/www.valadascoriel.com\/#\/schema\/person\/image\/","url":"https:\/\/secure.gravatar.com\/avatar\/338bebcf0839148bab7ee3a75f9859eecb0f27aa8e8efaf188e1b46e442b5669?s=96&d=mm&r=g","contentUrl":"https:\/\/secure.gravatar.com\/avatar\/338bebcf0839148bab7ee3a75f9859eecb0f27aa8e8efaf188e1b46e442b5669?s=96&d=mm&r=g","caption":"Sara"},"url":"https:\/\/www.valadascoriel.com\/pt-pt\/author\/saraalcobia\/"}]}},"_links":{"self":[{"href":"https:\/\/www.valadascoriel.com\/pt-pt\/wp-json\/wp\/v2\/posts\/16633","targetHints":{"allow":["GET"]}}],"collection":[{"href":"https:\/\/www.valadascoriel.com\/pt-pt\/wp-json\/wp\/v2\/posts"}],"about":[{"href":"https:\/\/www.valadascoriel.com\/pt-pt\/wp-json\/wp\/v2\/types\/post"}],"author":[{"embeddable":true,"href":"https:\/\/www.valadascoriel.com\/pt-pt\/wp-json\/wp\/v2\/users\/3"}],"replies":[{"embeddable":true,"href":"https:\/\/www.valadascoriel.com\/pt-pt\/wp-json\/wp\/v2\/comments?post=16633"}],"version-history":[{"count":1,"href":"https:\/\/www.valadascoriel.com\/pt-pt\/wp-json\/wp\/v2\/posts\/16633\/revisions"}],"predecessor-version":[{"id":16634,"href":"https:\/\/www.valadascoriel.com\/pt-pt\/wp-json\/wp\/v2\/posts\/16633\/revisions\/16634"}],"wp:featuredmedia":[{"embeddable":true,"href":"https:\/\/www.valadascoriel.com\/pt-pt\/wp-json\/wp\/v2\/media\/16417"}],"wp:attachment":[{"href":"https:\/\/www.valadascoriel.com\/pt-pt\/wp-json\/wp\/v2\/media?parent=16633"}],"wp:term":[{"taxonomy":"category","embeddable":true,"href":"https:\/\/www.valadascoriel.com\/pt-pt\/wp-json\/wp\/v2\/categories?post=16633"},{"taxonomy":"post_tag","embeddable":true,"href":"https:\/\/www.valadascoriel.com\/pt-pt\/wp-json\/wp\/v2\/tags?post=16633"}],"curies":[{"name":"wp","href":"https:\/\/api.w.org\/{rel}","templated":true}]}}