{"id":17466,"date":"2026-02-13T10:08:39","date_gmt":"2026-02-13T10:08:39","guid":{"rendered":"https:\/\/www.valadascoriel.com\/?p=17466"},"modified":"2026-02-13T10:08:40","modified_gmt":"2026-02-13T10:08:40","slug":"vca-e-joao-valadas-coriel-reconhecidos-no-chambers-and-partners-global-guide-2026","status":"publish","type":"post","link":"https:\/\/www.valadascoriel.com\/pt-pt\/vca-e-joao-valadas-coriel-reconhecidos-no-chambers-and-partners-global-guide-2026\/","title":{"rendered":"VCA e Jo\u00e3o Valadas Coriel Reconhecidos no Chambers and Partners Global Guide 2026"},"content":{"rendered":"\n<h3 class=\"wp-block-heading has-primary-color has-text-color has-link-color wp-elements-0cbe403e15b2f50c9de338c89a5ce2fd\">A VCA e Jo\u00e3o Valadas Coriel voltam a integrar o <strong>Chambers and Partners Global Guide 2026<\/strong>, na \u00e1rea de Dispute Resolution.<\/h3>\n\n\n\n<p>Jo\u00e3o Valadas Coriel, managing Partner da VCA, \u00e9 novamente distinguido globalmente e a VCA mant\u00e9m a sua posi\u00e7\u00e3o em <strong>Band 2<\/strong> na categoria<em> <strong>Highly Regarded<\/strong> <\/em>em <strong>Dispute Resolution<\/strong>.<\/p>\n\n\n\n<p>O Chambers <strong>Global Guide identifica advogados e sociedades de refer\u00eancia a n\u00edvel mundial<\/strong>, com base numa investiga\u00e7\u00e3o independente e no feedback de clientes e pares. Estes rankings refletem a <strong>capacidade internacional e a experi\u00eancia em mat\u00e9rias com dimens\u00e3o transfronteiri\u00e7a<\/strong>.<\/p>\n\n\n\n<p>Este reconhecimento cont\u00ednuo refor\u00e7a a presen\u00e7a consistente da VCA em lit\u00edgios complexos com componente internacional, bem como a sua capacidade de atuar em diferentes jurisdi\u00e7\u00f5es, mantendo uma forte base no ordenamento jur\u00eddico portugu\u00eas.<\/p>\n\n\n\n<p>Global Guide decorre da an\u00e1lise do nosso trabalho internacional e representa um sinal claro da confian\u00e7a que clientes e parceiros continuam a depositar na equipa da VCA.<\/p>\n\n\n<div class=\"odin-buttons justify-content-end\">\n\t<a href=\"https:\/\/chambers.com\/legal-rankings\/dispute-resolution-highly-regarded-portugal-2:3247:174:1?l=en-GB\" class=\"odin-button odin-button-primary\">\n\t<span>\n\t\t<span class=\"odin-button-anchor\">Veja os rankings aqui<\/span>\n\t<\/span>\n<\/a><\/div>\n\n\n<hr class=\"wp-block-separator has-text-color has-primary-color has-alpha-channel-opacity has-primary-background-color has-background is-style-wide\"\/>\n","protected":false},"excerpt":{"rendered":"<p>A VCA e Jo\u00e3o Valadas Coriel voltam a integrar o Chambers and Partners Global Guide 2026, na \u00e1rea de Dispute Resolution. Jo\u00e3o Valadas Coriel, managing Partner da VCA, \u00e9 novamente distinguido globalmente e a VCA mant\u00e9m a sua posi\u00e7\u00e3o em Band 2 na categoria Highly Regarded em Dispute Resolution. O Chambers Global Guide identifica advogados [&hellip;]<\/p>\n","protected":false},"author":3,"featured_media":16431,"comment_status":"closed","ping_status":"closed","sticky":false,"template":"","format":"standard","meta":{"content-type":"","footnotes":""},"categories":[24,26],"tags":[],"class_list":["post-17466","post","type-post","status-publish","format-standard","has-post-thumbnail","hentry","category-noticias-e-insights","category-a-sociedade"],"yoast_head":"<!-- This site is optimized with the Yoast SEO Premium plugin v21.3 (Yoast SEO v26.1.1) - https:\/\/yoast.com\/wordpress\/plugins\/seo\/ -->\n<title>VCA e Jo\u00e3o Valadas Coriel Reconhecidos no Chambers and Partners Global Guide 2026 - VCA - Valadas Coriel e Associados<\/title>\n<meta name=\"robots\" content=\"index, follow, max-snippet:-1, max-image-preview:large, max-video-preview:-1\" \/>\n<link rel=\"canonical\" href=\"https:\/\/www.valadascoriel.com\/pt-pt\/vca-e-joao-valadas-coriel-reconhecidos-no-chambers-and-partners-global-guide-2026\/\" \/>\n<meta property=\"og:locale\" content=\"pt_PT\" \/>\n<meta property=\"og:type\" content=\"article\" \/>\n<meta property=\"og:title\" content=\"VCA e Jo\u00e3o Valadas Coriel Reconhecidos no Chambers and Partners Global Guide 2026\" \/>\n<meta property=\"og:description\" content=\"A VCA e Jo\u00e3o Valadas Coriel voltam a integrar o Chambers and Partners Global Guide 2026, na \u00e1rea de Dispute Resolution. Jo\u00e3o Valadas Coriel, managing Partner da VCA, \u00e9 novamente distinguido globalmente e a VCA mant\u00e9m a sua posi\u00e7\u00e3o em Band 2 na categoria Highly Regarded em Dispute Resolution. O Chambers Global Guide identifica advogados [&hellip;]\" \/>\n<meta property=\"og:url\" content=\"https:\/\/www.valadascoriel.com\/pt-pt\/vca-e-joao-valadas-coriel-reconhecidos-no-chambers-and-partners-global-guide-2026\/\" \/>\n<meta property=\"og:site_name\" content=\"VCA - Valadas Coriel e Associados\" \/>\n<meta property=\"article:publisher\" content=\"https:\/\/www.facebook.com\/ValadasCoriel\/\" \/>\n<meta property=\"article:published_time\" content=\"2026-02-13T10:08:39+00:00\" \/>\n<meta property=\"article:modified_time\" content=\"2026-02-13T10:08:40+00:00\" \/>\n<meta property=\"og:image\" content=\"https:\/\/www.valadascoriel.com\/wp-content\/uploads\/2024\/10\/VALADAS-CORIEL-2-2-scaled.jpg\" \/>\n\t<meta property=\"og:image:width\" content=\"1707\" \/>\n\t<meta property=\"og:image:height\" content=\"2560\" \/>\n\t<meta property=\"og:image:type\" content=\"image\/jpeg\" \/>\n<meta name=\"author\" content=\"Sara\" \/>\n<meta name=\"twitter:card\" content=\"summary_large_image\" \/>\n<meta name=\"twitter:creator\" content=\"@valadascoriel\" \/>\n<meta name=\"twitter:site\" content=\"@valadascoriel\" \/>\n<meta name=\"twitter:label1\" content=\"Escrito por\" \/>\n\t<meta name=\"twitter:data1\" content=\"Sara\" \/>\n\t<meta name=\"twitter:label2\" content=\"Tempo estimado de leitura\" \/>\n\t<meta name=\"twitter:data2\" content=\"1 minuto\" \/>\n<script type=\"application\/ld+json\" class=\"yoast-schema-graph\">{\"@context\":\"https:\/\/schema.org\",\"@graph\":[{\"@type\":\"Article\",\"@id\":\"https:\/\/www.valadascoriel.com\/pt-pt\/vca-e-joao-valadas-coriel-reconhecidos-no-chambers-and-partners-global-guide-2026\/#article\",\"isPartOf\":{\"@id\":\"https:\/\/www.valadascoriel.com\/pt-pt\/vca-e-joao-valadas-coriel-reconhecidos-no-chambers-and-partners-global-guide-2026\/\"},\"author\":{\"name\":\"Sara\",\"@id\":\"https:\/\/www.valadascoriel.com\/#\/schema\/person\/f7d3f00820a57775972b8a17ee05a974\"},\"headline\":\"VCA e Jo\u00e3o Valadas Coriel Reconhecidos no Chambers and Partners Global Guide 2026\",\"datePublished\":\"2026-02-13T10:08:39+00:00\",\"dateModified\":\"2026-02-13T10:08:40+00:00\",\"mainEntityOfPage\":{\"@id\":\"https:\/\/www.valadascoriel.com\/pt-pt\/vca-e-joao-valadas-coriel-reconhecidos-no-chambers-and-partners-global-guide-2026\/\"},\"wordCount\":178,\"publisher\":{\"@id\":\"https:\/\/www.valadascoriel.com\/#organization\"},\"image\":{\"@id\":\"https:\/\/www.valadascoriel.com\/pt-pt\/vca-e-joao-valadas-coriel-reconhecidos-no-chambers-and-partners-global-guide-2026\/#primaryimage\"},\"thumbnailUrl\":\"https:\/\/www.valadascoriel.com\/wp-content\/uploads\/2024\/10\/VALADAS-CORIEL-2-2-scaled.jpg\",\"articleSection\":[\"Not\u00edcias &amp; Insights\",\"A Sociedade\"],\"inLanguage\":\"pt-PT\"},{\"@type\":\"WebPage\",\"@id\":\"https:\/\/www.valadascoriel.com\/pt-pt\/vca-e-joao-valadas-coriel-reconhecidos-no-chambers-and-partners-global-guide-2026\/\",\"url\":\"https:\/\/www.valadascoriel.com\/pt-pt\/vca-e-joao-valadas-coriel-reconhecidos-no-chambers-and-partners-global-guide-2026\/\",\"name\":\"VCA e Jo\u00e3o Valadas Coriel Reconhecidos no Chambers and Partners Global Guide 2026 - VCA - Valadas Coriel e Associados\",\"isPartOf\":{\"@id\":\"https:\/\/www.valadascoriel.com\/#website\"},\"primaryImageOfPage\":{\"@id\":\"https:\/\/www.valadascoriel.com\/pt-pt\/vca-e-joao-valadas-coriel-reconhecidos-no-chambers-and-partners-global-guide-2026\/#primaryimage\"},\"image\":{\"@id\":\"https:\/\/www.valadascoriel.com\/pt-pt\/vca-e-joao-valadas-coriel-reconhecidos-no-chambers-and-partners-global-guide-2026\/#primaryimage\"},\"thumbnailUrl\":\"https:\/\/www.valadascoriel.com\/wp-content\/uploads\/2024\/10\/VALADAS-CORIEL-2-2-scaled.jpg\",\"datePublished\":\"2026-02-13T10:08:39+00:00\",\"dateModified\":\"2026-02-13T10:08:40+00:00\",\"breadcrumb\":{\"@id\":\"https:\/\/www.valadascoriel.com\/pt-pt\/vca-e-joao-valadas-coriel-reconhecidos-no-chambers-and-partners-global-guide-2026\/#breadcrumb\"},\"inLanguage\":\"pt-PT\",\"potentialAction\":[{\"@type\":\"ReadAction\",\"target\":[\"https:\/\/www.valadascoriel.com\/pt-pt\/vca-e-joao-valadas-coriel-reconhecidos-no-chambers-and-partners-global-guide-2026\/\"]}]},{\"@type\":\"ImageObject\",\"inLanguage\":\"pt-PT\",\"@id\":\"https:\/\/www.valadascoriel.com\/pt-pt\/vca-e-joao-valadas-coriel-reconhecidos-no-chambers-and-partners-global-guide-2026\/#primaryimage\",\"url\":\"https:\/\/www.valadascoriel.com\/wp-content\/uploads\/2024\/10\/VALADAS-CORIEL-2-2-scaled.jpg\",\"contentUrl\":\"https:\/\/www.valadascoriel.com\/wp-content\/uploads\/2024\/10\/VALADAS-CORIEL-2-2-scaled.jpg\",\"width\":1707,\"height\":2560},{\"@type\":\"BreadcrumbList\",\"@id\":\"https:\/\/www.valadascoriel.com\/pt-pt\/vca-e-joao-valadas-coriel-reconhecidos-no-chambers-and-partners-global-guide-2026\/#breadcrumb\",\"itemListElement\":[{\"@type\":\"ListItem\",\"position\":1,\"name\":\"In\u00edcio\",\"item\":\"https:\/\/www.valadascoriel.com\/pt-pt\/\"},{\"@type\":\"ListItem\",\"position\":2,\"name\":\"VCA e Jo\u00e3o Valadas Coriel Reconhecidos no Chambers and Partners Global Guide 2026\"}]},{\"@type\":\"WebSite\",\"@id\":\"https:\/\/www.valadascoriel.com\/#website\",\"url\":\"https:\/\/www.valadascoriel.com\/\",\"name\":\"Valadas Coriel & Associados\",\"description\":\"A versatile legal firm combining experience, expertise &amp; creativity.\",\"publisher\":{\"@id\":\"https:\/\/www.valadascoriel.com\/#organization\"},\"potentialAction\":[{\"@type\":\"SearchAction\",\"target\":{\"@type\":\"EntryPoint\",\"urlTemplate\":\"https:\/\/www.valadascoriel.com\/?s={search_term_string}\"},\"query-input\":{\"@type\":\"PropertyValueSpecification\",\"valueRequired\":true,\"valueName\":\"search_term_string\"}}],\"inLanguage\":\"pt-PT\"},{\"@type\":\"Organization\",\"@id\":\"https:\/\/www.valadascoriel.com\/#organization\",\"name\":\"Valadas Coriel & Associados\",\"alternateName\":\"VCA\",\"url\":\"https:\/\/www.valadascoriel.com\/\",\"logo\":{\"@type\":\"ImageObject\",\"inLanguage\":\"pt-PT\",\"@id\":\"https:\/\/www.valadascoriel.com\/#\/schema\/logo\/image\/\",\"url\":\"https:\/\/www.valadascoriel.com\/wp-content\/uploads\/2023\/03\/cropped-favicon-1.png\",\"contentUrl\":\"https:\/\/www.valadascoriel.com\/wp-content\/uploads\/2023\/03\/cropped-favicon-1.png\",\"width\":512,\"height\":512,\"caption\":\"Valadas Coriel & Associados\"},\"image\":{\"@id\":\"https:\/\/www.valadascoriel.com\/#\/schema\/logo\/image\/\"},\"sameAs\":[\"https:\/\/www.facebook.com\/ValadasCoriel\/\",\"https:\/\/x.com\/valadascoriel\",\"https:\/\/pt.linkedin.com\/company\/vca-valadas-coriel-associados\",\"https:\/\/www.youtube.com\/channel\/UCic8dCFjoTtH5u890aEcW5Q\"]},{\"@type\":\"Person\",\"@id\":\"https:\/\/www.valadascoriel.com\/#\/schema\/person\/f7d3f00820a57775972b8a17ee05a974\",\"name\":\"Sara\",\"image\":{\"@type\":\"ImageObject\",\"inLanguage\":\"pt-PT\",\"@id\":\"https:\/\/www.valadascoriel.com\/#\/schema\/person\/image\/\",\"url\":\"https:\/\/secure.gravatar.com\/avatar\/338bebcf0839148bab7ee3a75f9859eecb0f27aa8e8efaf188e1b46e442b5669?s=96&d=mm&r=g\",\"contentUrl\":\"https:\/\/secure.gravatar.com\/avatar\/338bebcf0839148bab7ee3a75f9859eecb0f27aa8e8efaf188e1b46e442b5669?s=96&d=mm&r=g\",\"caption\":\"Sara\"},\"url\":\"https:\/\/www.valadascoriel.com\/pt-pt\/author\/saraalcobia\/\"}]}<\/script>\n<!-- \/ Yoast SEO Premium plugin. -->","yoast_head_json":{"title":"VCA e Jo\u00e3o Valadas Coriel Reconhecidos no Chambers and Partners Global Guide 2026 - VCA - Valadas Coriel e Associados","robots":{"index":"index","follow":"follow","max-snippet":"max-snippet:-1","max-image-preview":"max-image-preview:large","max-video-preview":"max-video-preview:-1"},"canonical":"https:\/\/www.valadascoriel.com\/pt-pt\/vca-e-joao-valadas-coriel-reconhecidos-no-chambers-and-partners-global-guide-2026\/","og_locale":"pt_PT","og_type":"article","og_title":"VCA e Jo\u00e3o Valadas Coriel Reconhecidos no Chambers and Partners Global Guide 2026","og_description":"A VCA e Jo\u00e3o Valadas Coriel voltam a integrar o Chambers and Partners Global Guide 2026, na \u00e1rea de Dispute Resolution. Jo\u00e3o Valadas Coriel, managing Partner da VCA, \u00e9 novamente distinguido globalmente e a VCA mant\u00e9m a sua posi\u00e7\u00e3o em Band 2 na categoria Highly Regarded em Dispute Resolution. O Chambers Global Guide identifica advogados [&hellip;]","og_url":"https:\/\/www.valadascoriel.com\/pt-pt\/vca-e-joao-valadas-coriel-reconhecidos-no-chambers-and-partners-global-guide-2026\/","og_site_name":"VCA - Valadas Coriel e Associados","article_publisher":"https:\/\/www.facebook.com\/ValadasCoriel\/","article_published_time":"2026-02-13T10:08:39+00:00","article_modified_time":"2026-02-13T10:08:40+00:00","og_image":[{"width":1707,"height":2560,"url":"https:\/\/www.valadascoriel.com\/wp-content\/uploads\/2024\/10\/VALADAS-CORIEL-2-2-scaled.jpg","type":"image\/jpeg"}],"author":"Sara","twitter_card":"summary_large_image","twitter_creator":"@valadascoriel","twitter_site":"@valadascoriel","twitter_misc":{"Escrito por":"Sara","Tempo estimado de leitura":"1 minuto"},"schema":{"@context":"https:\/\/schema.org","@graph":[{"@type":"Article","@id":"https:\/\/www.valadascoriel.com\/pt-pt\/vca-e-joao-valadas-coriel-reconhecidos-no-chambers-and-partners-global-guide-2026\/#article","isPartOf":{"@id":"https:\/\/www.valadascoriel.com\/pt-pt\/vca-e-joao-valadas-coriel-reconhecidos-no-chambers-and-partners-global-guide-2026\/"},"author":{"name":"Sara","@id":"https:\/\/www.valadascoriel.com\/#\/schema\/person\/f7d3f00820a57775972b8a17ee05a974"},"headline":"VCA e Jo\u00e3o Valadas Coriel Reconhecidos no Chambers and Partners Global Guide 2026","datePublished":"2026-02-13T10:08:39+00:00","dateModified":"2026-02-13T10:08:40+00:00","mainEntityOfPage":{"@id":"https:\/\/www.valadascoriel.com\/pt-pt\/vca-e-joao-valadas-coriel-reconhecidos-no-chambers-and-partners-global-guide-2026\/"},"wordCount":178,"publisher":{"@id":"https:\/\/www.valadascoriel.com\/#organization"},"image":{"@id":"https:\/\/www.valadascoriel.com\/pt-pt\/vca-e-joao-valadas-coriel-reconhecidos-no-chambers-and-partners-global-guide-2026\/#primaryimage"},"thumbnailUrl":"https:\/\/www.valadascoriel.com\/wp-content\/uploads\/2024\/10\/VALADAS-CORIEL-2-2-scaled.jpg","articleSection":["Not\u00edcias &amp; Insights","A Sociedade"],"inLanguage":"pt-PT"},{"@type":"WebPage","@id":"https:\/\/www.valadascoriel.com\/pt-pt\/vca-e-joao-valadas-coriel-reconhecidos-no-chambers-and-partners-global-guide-2026\/","url":"https:\/\/www.valadascoriel.com\/pt-pt\/vca-e-joao-valadas-coriel-reconhecidos-no-chambers-and-partners-global-guide-2026\/","name":"VCA e Jo\u00e3o Valadas Coriel Reconhecidos no Chambers and Partners Global Guide 2026 - VCA - Valadas Coriel e Associados","isPartOf":{"@id":"https:\/\/www.valadascoriel.com\/#website"},"primaryImageOfPage":{"@id":"https:\/\/www.valadascoriel.com\/pt-pt\/vca-e-joao-valadas-coriel-reconhecidos-no-chambers-and-partners-global-guide-2026\/#primaryimage"},"image":{"@id":"https:\/\/www.valadascoriel.com\/pt-pt\/vca-e-joao-valadas-coriel-reconhecidos-no-chambers-and-partners-global-guide-2026\/#primaryimage"},"thumbnailUrl":"https:\/\/www.valadascoriel.com\/wp-content\/uploads\/2024\/10\/VALADAS-CORIEL-2-2-scaled.jpg","datePublished":"2026-02-13T10:08:39+00:00","dateModified":"2026-02-13T10:08:40+00:00","breadcrumb":{"@id":"https:\/\/www.valadascoriel.com\/pt-pt\/vca-e-joao-valadas-coriel-reconhecidos-no-chambers-and-partners-global-guide-2026\/#breadcrumb"},"inLanguage":"pt-PT","potentialAction":[{"@type":"ReadAction","target":["https:\/\/www.valadascoriel.com\/pt-pt\/vca-e-joao-valadas-coriel-reconhecidos-no-chambers-and-partners-global-guide-2026\/"]}]},{"@type":"ImageObject","inLanguage":"pt-PT","@id":"https:\/\/www.valadascoriel.com\/pt-pt\/vca-e-joao-valadas-coriel-reconhecidos-no-chambers-and-partners-global-guide-2026\/#primaryimage","url":"https:\/\/www.valadascoriel.com\/wp-content\/uploads\/2024\/10\/VALADAS-CORIEL-2-2-scaled.jpg","contentUrl":"https:\/\/www.valadascoriel.com\/wp-content\/uploads\/2024\/10\/VALADAS-CORIEL-2-2-scaled.jpg","width":1707,"height":2560},{"@type":"BreadcrumbList","@id":"https:\/\/www.valadascoriel.com\/pt-pt\/vca-e-joao-valadas-coriel-reconhecidos-no-chambers-and-partners-global-guide-2026\/#breadcrumb","itemListElement":[{"@type":"ListItem","position":1,"name":"In\u00edcio","item":"https:\/\/www.valadascoriel.com\/pt-pt\/"},{"@type":"ListItem","position":2,"name":"VCA e Jo\u00e3o Valadas Coriel Reconhecidos no Chambers and Partners Global Guide 2026"}]},{"@type":"WebSite","@id":"https:\/\/www.valadascoriel.com\/#website","url":"https:\/\/www.valadascoriel.com\/","name":"Valadas Coriel & Associados","description":"A versatile legal firm combining experience, expertise &amp; creativity.","publisher":{"@id":"https:\/\/www.valadascoriel.com\/#organization"},"potentialAction":[{"@type":"SearchAction","target":{"@type":"EntryPoint","urlTemplate":"https:\/\/www.valadascoriel.com\/?s={search_term_string}"},"query-input":{"@type":"PropertyValueSpecification","valueRequired":true,"valueName":"search_term_string"}}],"inLanguage":"pt-PT"},{"@type":"Organization","@id":"https:\/\/www.valadascoriel.com\/#organization","name":"Valadas Coriel & Associados","alternateName":"VCA","url":"https:\/\/www.valadascoriel.com\/","logo":{"@type":"ImageObject","inLanguage":"pt-PT","@id":"https:\/\/www.valadascoriel.com\/#\/schema\/logo\/image\/","url":"https:\/\/www.valadascoriel.com\/wp-content\/uploads\/2023\/03\/cropped-favicon-1.png","contentUrl":"https:\/\/www.valadascoriel.com\/wp-content\/uploads\/2023\/03\/cropped-favicon-1.png","width":512,"height":512,"caption":"Valadas Coriel & Associados"},"image":{"@id":"https:\/\/www.valadascoriel.com\/#\/schema\/logo\/image\/"},"sameAs":["https:\/\/www.facebook.com\/ValadasCoriel\/","https:\/\/x.com\/valadascoriel","https:\/\/pt.linkedin.com\/company\/vca-valadas-coriel-associados","https:\/\/www.youtube.com\/channel\/UCic8dCFjoTtH5u890aEcW5Q"]},{"@type":"Person","@id":"https:\/\/www.valadascoriel.com\/#\/schema\/person\/f7d3f00820a57775972b8a17ee05a974","name":"Sara","image":{"@type":"ImageObject","inLanguage":"pt-PT","@id":"https:\/\/www.valadascoriel.com\/#\/schema\/person\/image\/","url":"https:\/\/secure.gravatar.com\/avatar\/338bebcf0839148bab7ee3a75f9859eecb0f27aa8e8efaf188e1b46e442b5669?s=96&d=mm&r=g","contentUrl":"https:\/\/secure.gravatar.com\/avatar\/338bebcf0839148bab7ee3a75f9859eecb0f27aa8e8efaf188e1b46e442b5669?s=96&d=mm&r=g","caption":"Sara"},"url":"https:\/\/www.valadascoriel.com\/pt-pt\/author\/saraalcobia\/"}]}},"_links":{"self":[{"href":"https:\/\/www.valadascoriel.com\/pt-pt\/wp-json\/wp\/v2\/posts\/17466","targetHints":{"allow":["GET"]}}],"collection":[{"href":"https:\/\/www.valadascoriel.com\/pt-pt\/wp-json\/wp\/v2\/posts"}],"about":[{"href":"https:\/\/www.valadascoriel.com\/pt-pt\/wp-json\/wp\/v2\/types\/post"}],"author":[{"embeddable":true,"href":"https:\/\/www.valadascoriel.com\/pt-pt\/wp-json\/wp\/v2\/users\/3"}],"replies":[{"embeddable":true,"href":"https:\/\/www.valadascoriel.com\/pt-pt\/wp-json\/wp\/v2\/comments?post=17466"}],"version-history":[{"count":1,"href":"https:\/\/www.valadascoriel.com\/pt-pt\/wp-json\/wp\/v2\/posts\/17466\/revisions"}],"predecessor-version":[{"id":17469,"href":"https:\/\/www.valadascoriel.com\/pt-pt\/wp-json\/wp\/v2\/posts\/17466\/revisions\/17469"}],"wp:featuredmedia":[{"embeddable":true,"href":"https:\/\/www.valadascoriel.com\/pt-pt\/wp-json\/wp\/v2\/media\/16431"}],"wp:attachment":[{"href":"https:\/\/www.valadascoriel.com\/pt-pt\/wp-json\/wp\/v2\/media?parent=17466"}],"wp:term":[{"taxonomy":"category","embeddable":true,"href":"https:\/\/www.valadascoriel.com\/pt-pt\/wp-json\/wp\/v2\/categories?post=17466"},{"taxonomy":"post_tag","embeddable":true,"href":"https:\/\/www.valadascoriel.com\/pt-pt\/wp-json\/wp\/v2\/tags?post=17466"}],"curies":[{"name":"wp","href":"https:\/\/api.w.org\/{rel}","templated":true}]}}