{"id":7956,"date":"2012-08-30T15:54:06","date_gmt":"2012-08-30T15:54:06","guid":{"rendered":"https:\/\/odin.valadascoriel.com\/lei-injusta-lei-54-2005-imoveis-ribeirinhos-podem-ser-perdidos-a-favor-do-estado\/"},"modified":"2023-07-21T16:12:26","modified_gmt":"2023-07-21T16:12:26","slug":"lei-injusta-lei-54-2005-imoveis-ribeirinhos-podem-ser-perdidos-a-favor-do-estado","status":"publish","type":"post","link":"https:\/\/www.valadascoriel.com\/pt-pt\/lei-injusta-lei-54-2005-imoveis-ribeirinhos-podem-ser-perdidos-a-favor-do-estado\/","title":{"rendered":"&#8220;Lei injusta: Lei 54\/2005 &#8211; Im\u00f3veis ribeirinhos podem ser perdidos a favor do Estado&#8221;"},"content":{"rendered":"<p>J\u00e1 dizia Montesquieu \u201cA Lei n\u00e3o \u00e9 justa porque \u00e9 Lei. \u00c9 Lei porque \u00e9 Justa.\u201d.<\/p>\n<p>A \u00a0edi\u00e7\u00e3o de 13 de Agosto de 2012 do \u201cJornal de Neg\u00f3cios\u201d trouxe a lume um tema que, apesar da sua extrema relev\u00e2ncia, por ventura (ou por interesse\u2026.), anda arredado do conhecimento dos portugueses mas que, atenta aquela que parece ser a interpreta\u00e7\u00e3o dominante, acarreta graves problemas que ter\u00e3o, calcula-se, muito penosa solu\u00e7\u00e3o.<\/p>\n<p>Em suma, segundo o supra referido texto, baseado na Lei 54\/2005, de 15 de Novembro, todos os propriet\u00e1rios de pr\u00e9dios ribeirinhos, r\u00fasticos ou urbanos, situados nas margens quer do mar quer de um rio, quer, ainda, de im\u00f3veis sobre as arribas devem, at\u00e9 01 de Janeiro de 2014, intentar uma ac\u00e7\u00e3o judicial (de reivindica\u00e7\u00e3o) contra o Estado para reconhecimento dessa mesma propriedade.<\/p>\n<p>Segundo a defini\u00e7\u00e3o da pr\u00f3pria lei, \u201cmargem\u201d ser\u00e1 a faixa de terreno, com uma largura de 50 m, cont\u00edgua e paralela ao limite do leito do mar, do rio ou, ainda, da linha normal das areias da praia.<\/p>\n<p>O fulcro da quest\u00e3o em an\u00e1lise est\u00e1 no artigo 15.\u00ba da referida Lei 54\/2005, de 15 de Novembro, que prev\u00ea a obrigatoriedade dos propriet\u00e1rios privados terem de \u201c(\u2026) provar documentalmente que tais terrenos eram, por t\u00edtulo leg\u00edtimo, objecto de propriedade particular ou comum antes de 31 de Dezembro de 1864 (\u2026)\u201d.<\/p>\n<p>Assim, na falta da referida ac\u00e7\u00e3o judicial, o propriet\u00e1rio perder\u00e1, automaticamente, o seu direito \u00e0 propriedade sobre tais im\u00f3veis, sem qualquer indemniza\u00e7\u00e3o.<\/p>\n<p>Ora do nosso ponto de vista, a interpreta\u00e7\u00e3o \u2013 chamemos-lhe \u201cconformista\u201d \u2013 seguida por parte significativa da pra\u00e7a jur\u00eddica patr\u00edcia, n\u00e3o pode colher.<\/p>\n<p>Com efeito, e salvo melhor opini\u00e3o, \u00e9 inconstitucional e juridicamente incompreens\u00edvel a disposi\u00e7\u00e3o legal que prev\u00ea a possibilidade de perda do direito de propriedade por simples decurso de prazo, ainda que legalmente imposto.<\/p>\n<p>V\u00e1rios s\u00e3o os defeitos e erros da presente norma:<\/p>\n<p>Em primeiro lugar, interpretando a norma \u201ca contrario\u201d resulta, como se disse, que quem n\u00e3o intentar a referida ac\u00e7\u00e3o judicial ou quem a intentar mas n\u00e3o lograr fazer esta verdadeira probatio diabolica ver\u00e1 perdida a sua propriedade a favor do Estado, sem qualquer tipo de indemniza\u00e7\u00e3o, pagamento ou ressarcimento. Ou seja, um verdadeiro confisco, algo que contraria direitos fundamentais, designadamente o Direito \u00e0 propriedade privada, previsto no n.\u00ba 2 do artigo 62.\u00ba da Constitui\u00e7\u00e3o da Rep\u00fablica.<\/p>\n<p>Em segundo lugar, esta norma cria \u00f3nus desproporcionados para os cidad\u00e3os, sen\u00e3o vejamos:<\/p>\n<p>Mesmo no caso irreal de todos os propriet\u00e1rios de im\u00f3veis nesta situa\u00e7\u00e3o serem verdadeiros apaixonados pela Hist\u00f3ria e terem em sua posse todos os documentos que comprovam a propriedade privada do mesmo desde 1864 \u2013 ou que, pelo menos, conhe\u00e7am os meandros da Torre do Tombo, onde eventualmente se encontrar\u00e1 a documenta\u00e7\u00e3o necess\u00e1ria \u2013 h\u00e1 que n\u00e3o esquecer todos os outros custos inerentes a uma ac\u00e7\u00e3o deste g\u00e9nero.<\/p>\n<p>Pense-se, por exemplo, nos custos com taxas de justi\u00e7a, com Advogados, com tempo gasto na pesquisa e prepara\u00e7\u00e3o da ac\u00e7\u00e3o, nos custos de tempo e dinheiro que o pr\u00f3prio Estado ir\u00e1 ter, no acr\u00e9scimo imenso de processos no j\u00e1 t\u00e3o moroso sistema judicial portugu\u00eas&#8230;<\/p>\n<p>Mais, ter\u00e3o todos os visados por esta norma a capacidade econ\u00f3mica para intentar uma ac\u00e7\u00e3o desta envergadura? A resposta \u00e9 \u00f3bvia: N\u00e3o!<\/p>\n<p>Mais ainda, esta Lei viola todos os mecanismos de publicidade e seguran\u00e7a jur\u00eddica conferidos pelo Registo, agora obrigat\u00f3rio. Existe seguran\u00e7a jur\u00eddica quando os actos p\u00fablicos, cujo fundamento \u00e9 (ou era?) garantir a validade e publicidade da propriedade, praticados perante Conservador ou Not\u00e1rio, s\u00e3o inutilizados por uma norma posterior ao pr\u00f3prio acto?<\/p>\n<p>Pergunta-se: Consta de algum registo predial, caderneta predial ou escritura p\u00fablica de compra e venda, um averbamento ou men\u00e7\u00e3o expressa que traduza a eventual falta de propriedade do vendedor por n\u00e3o existir trato sucessivo desde 1864? Algum cidad\u00e3o foi alertado pelo Conservador, Not\u00e1rio, C\u00e2mara Municipal, ou por algum organismo central, como a Autoridade Tribut\u00e1ria e Aduaneira (anterior Direc\u00e7\u00e3o-Geral das Contribui\u00e7\u00f5es e Impostos), para a exist\u00eancia desta norma quando, em 2004, ou 2005, ou 2012, adquiriu um im\u00f3vel nas zonas abrangidas e lhe foi garantido, pela interven\u00e7\u00e3o de Not\u00e1rio ou Conservador e pela publicidade inerente ao pr\u00f3prio Registo, que adquiria a propriedade sobre tal im\u00f3vel?<\/p>\n<p>Em acr\u00e9scimo, esta norma viola frontalmente o disposto no artigo 18.\u00ba da Constitui\u00e7\u00e3o da Rep\u00fablica, quando restringe abusivamente o direito \u00e0 propriedade, e faz impender sobre o cidad\u00e3o, adquirente de boa-f\u00e9, um \u00f3nus excessivo e praticamente imposs\u00edvel de suportar, ao exigir a prova de propriedade, mediante trato sucessivo, desde 1864.<\/p>\n<p>E como resolver este problema?<\/p>\n<p>Porque n\u00e3o permitir a prova da propriedade mediante simples apresenta\u00e7\u00e3o de escritura p\u00fablica de compra e venda dos bens? Ou da inscri\u00e7\u00e3o\/averbamento do im\u00f3vel no Registo Predial a favor do propriet\u00e1rio, com anterioridade a 1 de Janeiro de 2014? Porque n\u00e3o inverter o \u00f3nus da prova, e competir ao Estado provar que em 1864 o terreno n\u00e3o era privado?<\/p>\n<p>Assim, e em conclus\u00e3o, h\u00e1 que proceder a uma urgente altera\u00e7\u00e3o legislativa que permita acima de tudo, proteger o cidad\u00e3o, atrav\u00e9s de um consenso, entre interesse p\u00fablico e propriedade privada, abdicando-se do m\u00e9todo sinistro e obscuro que esta lei, atrav\u00e9s do desconhecimento, e de m\u00e1-f\u00e9, imp\u00f5e ao cidad\u00e3o em benef\u00edcio desproporcional a favor do Estado.<\/p>\n<p>Caso nada, com alguma urg\u00eancia, se fa\u00e7a, este \u00e9 mais um caso de Lei injusta, violadora dos cidad\u00e3os e dos seus direitos, contrariando aquele que deveria ser o objectivo \u00faltimo do Legislador \u2013 salvaguardar o cidad\u00e3o.<\/p>\n<p>Afinal, como bem dizia Balzac, \u201cAdministra\u00e7\u00e3o \u00e9 a arte de aplicar as Leis sem lesar os interesses.\u201d. Ou deveria ser\u2026 Os ser\u00e1 que esse belo princ\u00edpio s\u00f3 ser\u00e1 aplic\u00e1vel em Fran\u00e7a?<\/p>\n<p>Antes que seja tarde, os propriet\u00e1rios de im\u00f3veis ribeirinhos t\u00eam que agir. Devem, pois, apresentar ac\u00e7\u00f5es judiciais contra o Estado antes de 1 de Janeiro de 2014. Dada a sua complexidade, h\u00e1 que preparar cuidadosamente tais ac\u00e7\u00f5es judiciais.<\/p>\n<p>Vidas de trabalho \u00e1rduo e patrim\u00f3nios de gera\u00e7\u00f5es est\u00e3o em perigo e um Estado voraz e sem vergonha prepara-se para mais uma vez esbulhar, confiscar e ludibriar os cidad\u00e3os e empresas incautos!<\/p>\n<p><strong><a href=\"https:\/\/www.valadascoriel.com\/in-memory-of-paulino-brilhante-santos\/\" target=\"_blank\" rel=\"noopener\">Paulino Brilhante Santos<\/a><\/strong><br \/>\nIvo Aguiar Nogueira<\/p>\n","protected":false},"excerpt":{"rendered":"<p>A  edi\u00e7\u00e3o de 13 de Agosto de 2012 do \u201cJornal de Neg\u00f3cios\u201d trouxe a lume um tema que, apesar da sua extrema relev\u00e2ncia, por ventura (ou por interesse\u2026.), anda arredado do conhecimento dos portugueses mas que, atenta aquela que parece ser a interpreta\u00e7\u00e3o dominante, acarreta graves problemas que ter\u00e3o, calcula-se, muito penosa solu\u00e7\u00e3o.<\/p>\n","protected":false},"author":2,"featured_media":0,"comment_status":"open","ping_status":"closed","sticky":false,"template":"","format":"standard","meta":{"content-type":"","footnotes":""},"categories":[24],"tags":[],"class_list":["post-7956","post","type-post","status-publish","format-standard","hentry","category-noticias-e-insights"],"yoast_head":"<!-- This site is optimized with the Yoast SEO Premium plugin v21.3 (Yoast SEO v26.1.1) - https:\/\/yoast.com\/wordpress\/plugins\/seo\/ -->\n<title>&quot;Lei injusta: Lei 54\/2005 - Im\u00f3veis ribeirinhos podem ser perdidos a favor do Estado&quot; - VCA - Valadas Coriel e Associados<\/title>\n<meta name=\"robots\" content=\"index, follow, max-snippet:-1, max-image-preview:large, max-video-preview:-1\" \/>\n<link rel=\"canonical\" href=\"https:\/\/www.valadascoriel.com\/pt-pt\/lei-injusta-lei-54-2005-imoveis-ribeirinhos-podem-ser-perdidos-a-favor-do-estado\/\" \/>\n<meta property=\"og:locale\" content=\"pt_PT\" \/>\n<meta property=\"og:type\" content=\"article\" \/>\n<meta property=\"og:title\" content=\"&quot;Lei injusta: Lei 54\/2005 - Im\u00f3veis ribeirinhos podem ser perdidos a favor do Estado&quot;\" \/>\n<meta property=\"og:description\" content=\"A edi\u00e7\u00e3o de 13 de Agosto de 2012 do \u201cJornal de Neg\u00f3cios\u201d trouxe a lume um tema que, apesar da sua extrema relev\u00e2ncia, por ventura (ou por interesse\u2026.), anda arredado do conhecimento dos portugueses mas que, atenta aquela que parece ser a interpreta\u00e7\u00e3o dominante, acarreta graves problemas que ter\u00e3o, calcula-se, muito penosa solu\u00e7\u00e3o.\" \/>\n<meta property=\"og:url\" content=\"https:\/\/www.valadascoriel.com\/pt-pt\/lei-injusta-lei-54-2005-imoveis-ribeirinhos-podem-ser-perdidos-a-favor-do-estado\/\" \/>\n<meta property=\"og:site_name\" content=\"VCA - Valadas Coriel e Associados\" \/>\n<meta property=\"article:publisher\" content=\"https:\/\/www.facebook.com\/ValadasCoriel\/\" \/>\n<meta property=\"article:published_time\" content=\"2012-08-30T15:54:06+00:00\" \/>\n<meta property=\"article:modified_time\" content=\"2023-07-21T16:12:26+00:00\" \/>\n<meta name=\"author\" content=\"Valadas\" \/>\n<meta name=\"twitter:card\" content=\"summary_large_image\" \/>\n<meta name=\"twitter:creator\" content=\"@valadascoriel\" \/>\n<meta name=\"twitter:site\" content=\"@valadascoriel\" \/>\n<meta name=\"twitter:label1\" content=\"Escrito por\" \/>\n\t<meta name=\"twitter:data1\" content=\"Valadas\" \/>\n\t<meta name=\"twitter:label2\" content=\"Tempo estimado de leitura\" \/>\n\t<meta name=\"twitter:data2\" content=\"6 minutos\" \/>\n<script type=\"application\/ld+json\" class=\"yoast-schema-graph\">{\"@context\":\"https:\/\/schema.org\",\"@graph\":[{\"@type\":\"Article\",\"@id\":\"https:\/\/www.valadascoriel.com\/pt-pt\/lei-injusta-lei-54-2005-imoveis-ribeirinhos-podem-ser-perdidos-a-favor-do-estado\/#article\",\"isPartOf\":{\"@id\":\"https:\/\/www.valadascoriel.com\/pt-pt\/lei-injusta-lei-54-2005-imoveis-ribeirinhos-podem-ser-perdidos-a-favor-do-estado\/\"},\"author\":{\"name\":\"Valadas\",\"@id\":\"https:\/\/www.valadascoriel.com\/#\/schema\/person\/6ba1827f709aa9af93f196dd3033f105\"},\"headline\":\"&#8220;Lei injusta: Lei 54\/2005 &#8211; Im\u00f3veis ribeirinhos podem ser perdidos a favor do Estado&#8221;\",\"datePublished\":\"2012-08-30T15:54:06+00:00\",\"dateModified\":\"2023-07-21T16:12:26+00:00\",\"mainEntityOfPage\":{\"@id\":\"https:\/\/www.valadascoriel.com\/pt-pt\/lei-injusta-lei-54-2005-imoveis-ribeirinhos-podem-ser-perdidos-a-favor-do-estado\/\"},\"wordCount\":1096,\"commentCount\":0,\"publisher\":{\"@id\":\"https:\/\/www.valadascoriel.com\/#organization\"},\"articleSection\":[\"Not\u00edcias &amp; Insights\"],\"inLanguage\":\"pt-PT\",\"potentialAction\":[{\"@type\":\"CommentAction\",\"name\":\"Comment\",\"target\":[\"https:\/\/www.valadascoriel.com\/pt-pt\/lei-injusta-lei-54-2005-imoveis-ribeirinhos-podem-ser-perdidos-a-favor-do-estado\/#respond\"]}]},{\"@type\":\"WebPage\",\"@id\":\"https:\/\/www.valadascoriel.com\/pt-pt\/lei-injusta-lei-54-2005-imoveis-ribeirinhos-podem-ser-perdidos-a-favor-do-estado\/\",\"url\":\"https:\/\/www.valadascoriel.com\/pt-pt\/lei-injusta-lei-54-2005-imoveis-ribeirinhos-podem-ser-perdidos-a-favor-do-estado\/\",\"name\":\"\\\"Lei injusta: Lei 54\/2005 - Im\u00f3veis ribeirinhos podem ser perdidos a favor do Estado\\\" - VCA - Valadas Coriel e Associados\",\"isPartOf\":{\"@id\":\"https:\/\/www.valadascoriel.com\/#website\"},\"datePublished\":\"2012-08-30T15:54:06+00:00\",\"dateModified\":\"2023-07-21T16:12:26+00:00\",\"breadcrumb\":{\"@id\":\"https:\/\/www.valadascoriel.com\/pt-pt\/lei-injusta-lei-54-2005-imoveis-ribeirinhos-podem-ser-perdidos-a-favor-do-estado\/#breadcrumb\"},\"inLanguage\":\"pt-PT\",\"potentialAction\":[{\"@type\":\"ReadAction\",\"target\":[\"https:\/\/www.valadascoriel.com\/pt-pt\/lei-injusta-lei-54-2005-imoveis-ribeirinhos-podem-ser-perdidos-a-favor-do-estado\/\"]}]},{\"@type\":\"BreadcrumbList\",\"@id\":\"https:\/\/www.valadascoriel.com\/pt-pt\/lei-injusta-lei-54-2005-imoveis-ribeirinhos-podem-ser-perdidos-a-favor-do-estado\/#breadcrumb\",\"itemListElement\":[{\"@type\":\"ListItem\",\"position\":1,\"name\":\"In\u00edcio\",\"item\":\"https:\/\/www.valadascoriel.com\/pt-pt\/\"},{\"@type\":\"ListItem\",\"position\":2,\"name\":\"&#8220;Lei injusta: Lei 54\/2005 &#8211; Im\u00f3veis ribeirinhos podem ser perdidos a favor do Estado&#8221;\"}]},{\"@type\":\"WebSite\",\"@id\":\"https:\/\/www.valadascoriel.com\/#website\",\"url\":\"https:\/\/www.valadascoriel.com\/\",\"name\":\"Valadas Coriel & Associados\",\"description\":\"A versatile legal firm combining experience, expertise &amp; creativity.\",\"publisher\":{\"@id\":\"https:\/\/www.valadascoriel.com\/#organization\"},\"potentialAction\":[{\"@type\":\"SearchAction\",\"target\":{\"@type\":\"EntryPoint\",\"urlTemplate\":\"https:\/\/www.valadascoriel.com\/?s={search_term_string}\"},\"query-input\":{\"@type\":\"PropertyValueSpecification\",\"valueRequired\":true,\"valueName\":\"search_term_string\"}}],\"inLanguage\":\"pt-PT\"},{\"@type\":\"Organization\",\"@id\":\"https:\/\/www.valadascoriel.com\/#organization\",\"name\":\"Valadas Coriel & Associados\",\"alternateName\":\"VCA\",\"url\":\"https:\/\/www.valadascoriel.com\/\",\"logo\":{\"@type\":\"ImageObject\",\"inLanguage\":\"pt-PT\",\"@id\":\"https:\/\/www.valadascoriel.com\/#\/schema\/logo\/image\/\",\"url\":\"https:\/\/www.valadascoriel.com\/wp-content\/uploads\/2023\/03\/cropped-favicon-1.png\",\"contentUrl\":\"https:\/\/www.valadascoriel.com\/wp-content\/uploads\/2023\/03\/cropped-favicon-1.png\",\"width\":512,\"height\":512,\"caption\":\"Valadas Coriel & Associados\"},\"image\":{\"@id\":\"https:\/\/www.valadascoriel.com\/#\/schema\/logo\/image\/\"},\"sameAs\":[\"https:\/\/www.facebook.com\/ValadasCoriel\/\",\"https:\/\/x.com\/valadascoriel\",\"https:\/\/pt.linkedin.com\/company\/vca-valadas-coriel-associados\",\"https:\/\/www.youtube.com\/channel\/UCic8dCFjoTtH5u890aEcW5Q\"]},{\"@type\":\"Person\",\"@id\":\"https:\/\/www.valadascoriel.com\/#\/schema\/person\/6ba1827f709aa9af93f196dd3033f105\",\"name\":\"Valadas\",\"image\":{\"@type\":\"ImageObject\",\"inLanguage\":\"pt-PT\",\"@id\":\"https:\/\/www.valadascoriel.com\/#\/schema\/person\/image\/\",\"url\":\"https:\/\/secure.gravatar.com\/avatar\/27e8efbc4ac63294d5dfdcb8755f8b498edda75901f3d068684f10f93bac11ce?s=96&d=mm&r=g\",\"contentUrl\":\"https:\/\/secure.gravatar.com\/avatar\/27e8efbc4ac63294d5dfdcb8755f8b498edda75901f3d068684f10f93bac11ce?s=96&d=mm&r=g\",\"caption\":\"Valadas\"},\"url\":\"https:\/\/www.valadascoriel.com\/pt-pt\/author\/tgadmin\/\"}]}<\/script>\n<!-- \/ Yoast SEO Premium plugin. -->","yoast_head_json":{"title":"\"Lei injusta: Lei 54\/2005 - Im\u00f3veis ribeirinhos podem ser perdidos a favor do Estado\" - VCA - Valadas Coriel e Associados","robots":{"index":"index","follow":"follow","max-snippet":"max-snippet:-1","max-image-preview":"max-image-preview:large","max-video-preview":"max-video-preview:-1"},"canonical":"https:\/\/www.valadascoriel.com\/pt-pt\/lei-injusta-lei-54-2005-imoveis-ribeirinhos-podem-ser-perdidos-a-favor-do-estado\/","og_locale":"pt_PT","og_type":"article","og_title":"\"Lei injusta: Lei 54\/2005 - Im\u00f3veis ribeirinhos podem ser perdidos a favor do Estado\"","og_description":"A edi\u00e7\u00e3o de 13 de Agosto de 2012 do \u201cJornal de Neg\u00f3cios\u201d trouxe a lume um tema que, apesar da sua extrema relev\u00e2ncia, por ventura (ou por interesse\u2026.), anda arredado do conhecimento dos portugueses mas que, atenta aquela que parece ser a interpreta\u00e7\u00e3o dominante, acarreta graves problemas que ter\u00e3o, calcula-se, muito penosa solu\u00e7\u00e3o.","og_url":"https:\/\/www.valadascoriel.com\/pt-pt\/lei-injusta-lei-54-2005-imoveis-ribeirinhos-podem-ser-perdidos-a-favor-do-estado\/","og_site_name":"VCA - Valadas Coriel e Associados","article_publisher":"https:\/\/www.facebook.com\/ValadasCoriel\/","article_published_time":"2012-08-30T15:54:06+00:00","article_modified_time":"2023-07-21T16:12:26+00:00","author":"Valadas","twitter_card":"summary_large_image","twitter_creator":"@valadascoriel","twitter_site":"@valadascoriel","twitter_misc":{"Escrito por":"Valadas","Tempo estimado de leitura":"6 minutos"},"schema":{"@context":"https:\/\/schema.org","@graph":[{"@type":"Article","@id":"https:\/\/www.valadascoriel.com\/pt-pt\/lei-injusta-lei-54-2005-imoveis-ribeirinhos-podem-ser-perdidos-a-favor-do-estado\/#article","isPartOf":{"@id":"https:\/\/www.valadascoriel.com\/pt-pt\/lei-injusta-lei-54-2005-imoveis-ribeirinhos-podem-ser-perdidos-a-favor-do-estado\/"},"author":{"name":"Valadas","@id":"https:\/\/www.valadascoriel.com\/#\/schema\/person\/6ba1827f709aa9af93f196dd3033f105"},"headline":"&#8220;Lei injusta: Lei 54\/2005 &#8211; Im\u00f3veis ribeirinhos podem ser perdidos a favor do Estado&#8221;","datePublished":"2012-08-30T15:54:06+00:00","dateModified":"2023-07-21T16:12:26+00:00","mainEntityOfPage":{"@id":"https:\/\/www.valadascoriel.com\/pt-pt\/lei-injusta-lei-54-2005-imoveis-ribeirinhos-podem-ser-perdidos-a-favor-do-estado\/"},"wordCount":1096,"commentCount":0,"publisher":{"@id":"https:\/\/www.valadascoriel.com\/#organization"},"articleSection":["Not\u00edcias &amp; Insights"],"inLanguage":"pt-PT","potentialAction":[{"@type":"CommentAction","name":"Comment","target":["https:\/\/www.valadascoriel.com\/pt-pt\/lei-injusta-lei-54-2005-imoveis-ribeirinhos-podem-ser-perdidos-a-favor-do-estado\/#respond"]}]},{"@type":"WebPage","@id":"https:\/\/www.valadascoriel.com\/pt-pt\/lei-injusta-lei-54-2005-imoveis-ribeirinhos-podem-ser-perdidos-a-favor-do-estado\/","url":"https:\/\/www.valadascoriel.com\/pt-pt\/lei-injusta-lei-54-2005-imoveis-ribeirinhos-podem-ser-perdidos-a-favor-do-estado\/","name":"\"Lei injusta: Lei 54\/2005 - Im\u00f3veis ribeirinhos podem ser perdidos a favor do Estado\" - VCA - Valadas Coriel e Associados","isPartOf":{"@id":"https:\/\/www.valadascoriel.com\/#website"},"datePublished":"2012-08-30T15:54:06+00:00","dateModified":"2023-07-21T16:12:26+00:00","breadcrumb":{"@id":"https:\/\/www.valadascoriel.com\/pt-pt\/lei-injusta-lei-54-2005-imoveis-ribeirinhos-podem-ser-perdidos-a-favor-do-estado\/#breadcrumb"},"inLanguage":"pt-PT","potentialAction":[{"@type":"ReadAction","target":["https:\/\/www.valadascoriel.com\/pt-pt\/lei-injusta-lei-54-2005-imoveis-ribeirinhos-podem-ser-perdidos-a-favor-do-estado\/"]}]},{"@type":"BreadcrumbList","@id":"https:\/\/www.valadascoriel.com\/pt-pt\/lei-injusta-lei-54-2005-imoveis-ribeirinhos-podem-ser-perdidos-a-favor-do-estado\/#breadcrumb","itemListElement":[{"@type":"ListItem","position":1,"name":"In\u00edcio","item":"https:\/\/www.valadascoriel.com\/pt-pt\/"},{"@type":"ListItem","position":2,"name":"&#8220;Lei injusta: Lei 54\/2005 &#8211; Im\u00f3veis ribeirinhos podem ser perdidos a favor do Estado&#8221;"}]},{"@type":"WebSite","@id":"https:\/\/www.valadascoriel.com\/#website","url":"https:\/\/www.valadascoriel.com\/","name":"Valadas Coriel & Associados","description":"A versatile legal firm combining experience, expertise &amp; creativity.","publisher":{"@id":"https:\/\/www.valadascoriel.com\/#organization"},"potentialAction":[{"@type":"SearchAction","target":{"@type":"EntryPoint","urlTemplate":"https:\/\/www.valadascoriel.com\/?s={search_term_string}"},"query-input":{"@type":"PropertyValueSpecification","valueRequired":true,"valueName":"search_term_string"}}],"inLanguage":"pt-PT"},{"@type":"Organization","@id":"https:\/\/www.valadascoriel.com\/#organization","name":"Valadas Coriel & Associados","alternateName":"VCA","url":"https:\/\/www.valadascoriel.com\/","logo":{"@type":"ImageObject","inLanguage":"pt-PT","@id":"https:\/\/www.valadascoriel.com\/#\/schema\/logo\/image\/","url":"https:\/\/www.valadascoriel.com\/wp-content\/uploads\/2023\/03\/cropped-favicon-1.png","contentUrl":"https:\/\/www.valadascoriel.com\/wp-content\/uploads\/2023\/03\/cropped-favicon-1.png","width":512,"height":512,"caption":"Valadas Coriel & Associados"},"image":{"@id":"https:\/\/www.valadascoriel.com\/#\/schema\/logo\/image\/"},"sameAs":["https:\/\/www.facebook.com\/ValadasCoriel\/","https:\/\/x.com\/valadascoriel","https:\/\/pt.linkedin.com\/company\/vca-valadas-coriel-associados","https:\/\/www.youtube.com\/channel\/UCic8dCFjoTtH5u890aEcW5Q"]},{"@type":"Person","@id":"https:\/\/www.valadascoriel.com\/#\/schema\/person\/6ba1827f709aa9af93f196dd3033f105","name":"Valadas","image":{"@type":"ImageObject","inLanguage":"pt-PT","@id":"https:\/\/www.valadascoriel.com\/#\/schema\/person\/image\/","url":"https:\/\/secure.gravatar.com\/avatar\/27e8efbc4ac63294d5dfdcb8755f8b498edda75901f3d068684f10f93bac11ce?s=96&d=mm&r=g","contentUrl":"https:\/\/secure.gravatar.com\/avatar\/27e8efbc4ac63294d5dfdcb8755f8b498edda75901f3d068684f10f93bac11ce?s=96&d=mm&r=g","caption":"Valadas"},"url":"https:\/\/www.valadascoriel.com\/pt-pt\/author\/tgadmin\/"}]}},"_links":{"self":[{"href":"https:\/\/www.valadascoriel.com\/pt-pt\/wp-json\/wp\/v2\/posts\/7956","targetHints":{"allow":["GET"]}}],"collection":[{"href":"https:\/\/www.valadascoriel.com\/pt-pt\/wp-json\/wp\/v2\/posts"}],"about":[{"href":"https:\/\/www.valadascoriel.com\/pt-pt\/wp-json\/wp\/v2\/types\/post"}],"author":[{"embeddable":true,"href":"https:\/\/www.valadascoriel.com\/pt-pt\/wp-json\/wp\/v2\/users\/2"}],"replies":[{"embeddable":true,"href":"https:\/\/www.valadascoriel.com\/pt-pt\/wp-json\/wp\/v2\/comments?post=7956"}],"version-history":[{"count":1,"href":"https:\/\/www.valadascoriel.com\/pt-pt\/wp-json\/wp\/v2\/posts\/7956\/revisions"}],"predecessor-version":[{"id":12540,"href":"https:\/\/www.valadascoriel.com\/pt-pt\/wp-json\/wp\/v2\/posts\/7956\/revisions\/12540"}],"wp:attachment":[{"href":"https:\/\/www.valadascoriel.com\/pt-pt\/wp-json\/wp\/v2\/media?parent=7956"}],"wp:term":[{"taxonomy":"category","embeddable":true,"href":"https:\/\/www.valadascoriel.com\/pt-pt\/wp-json\/wp\/v2\/categories?post=7956"},{"taxonomy":"post_tag","embeddable":true,"href":"https:\/\/www.valadascoriel.com\/pt-pt\/wp-json\/wp\/v2\/tags?post=7956"}],"curies":[{"name":"wp","href":"https:\/\/api.w.org\/{rel}","templated":true}]}}