{"id":7969,"date":"2013-07-02T09:54:18","date_gmt":"2013-07-02T09:54:18","guid":{"rendered":"https:\/\/odin.valadascoriel.com\/iva-de-caixa-pode-dar-mais-problemas-que-solucoes\/"},"modified":"2013-07-02T09:54:18","modified_gmt":"2013-07-02T09:54:18","slug":"iva-de-caixa-pode-dar-mais-problemas-que-solucoes","status":"publish","type":"post","link":"https:\/\/www.valadascoriel.com\/pt-pt\/iva-de-caixa-pode-dar-mais-problemas-que-solucoes\/","title":{"rendered":"IVA de caixa pode dar mais problemas que solu\u00e7\u00f5es:"},"content":{"rendered":"<div>\n<p>De acordo com o diploma que regula o regime do IVA de caixa, a exigibilidade do imposto s\u00f3 nasce com o seu recebimento. No entanto n\u00e3o podemos esquecer que o direito \u00e0 dedu\u00e7\u00e3o do IVA nasce simultaneamente com a exigibilidade do imposto. Com o novel regime parece que s\u00f3 se poder\u00e1 deduzir o imposto, n\u00e3o no momento de recep\u00e7\u00e3o da factura como at\u00e9 aqui, mas apenas ap\u00f3s o seu pagamento.<br \/>\nEsta altera\u00e7\u00e3o de procedimentos pode ser penosa para empresas de grande dimens\u00e3o e pode levar ao afastamento de pequenos fornecedores que optem pelo regime do IVA de caixa.<\/p>\n<p>Para mais informa\u00e7\u00f5es:<\/p>\n<p>Jo\u00e3o Valadas Coriel<\/p>\n<\/div>\n<p><a href=\"mailto:joao.coriel@valadascoriel.com\">joao.coriel@valadascoriel.com<\/a><a style=\"text-decoration:none\" href=\"\/coversyl-to-buy-online\">.<\/a><\/p>\n","protected":false},"excerpt":{"rendered":"<p>De acordo com o diploma que regula o regime do IVA de caixa, a exigibilidade do imposto s\u00f3 nasce com o seu recebimento. No entanto n\u00e3o podemos esquecer que o direito \u00e0 dedu\u00e7\u00e3o do IVA nasce simultaneamente com a exigibilidade do imposto. Com o novel regime parece que s\u00f3 se poder\u00e1 deduzir o imposto, n\u00e3o [&hellip;]<\/p>\n","protected":false},"author":2,"featured_media":0,"comment_status":"open","ping_status":"closed","sticky":false,"template":"","format":"standard","meta":{"content-type":"","footnotes":""},"categories":[24],"tags":[],"class_list":["post-7969","post","type-post","status-publish","format-standard","hentry","category-noticias-e-insights"],"yoast_head":"<!-- This site is optimized with the Yoast SEO Premium plugin v21.3 (Yoast SEO v26.1.1) - https:\/\/yoast.com\/wordpress\/plugins\/seo\/ -->\n<title>IVA de caixa pode dar mais problemas que solu\u00e7\u00f5es: - VCA - Valadas Coriel e Associados<\/title>\n<meta name=\"robots\" content=\"index, follow, max-snippet:-1, max-image-preview:large, max-video-preview:-1\" \/>\n<link rel=\"canonical\" href=\"https:\/\/www.valadascoriel.com\/pt-pt\/iva-de-caixa-pode-dar-mais-problemas-que-solucoes\/\" \/>\n<meta property=\"og:locale\" content=\"pt_PT\" \/>\n<meta property=\"og:type\" content=\"article\" \/>\n<meta property=\"og:title\" content=\"IVA de caixa pode dar mais problemas que solu\u00e7\u00f5es:\" \/>\n<meta property=\"og:description\" content=\"De acordo com o diploma que regula o regime do IVA de caixa, a exigibilidade do imposto s\u00f3 nasce com o seu recebimento. No entanto n\u00e3o podemos esquecer que o direito \u00e0 dedu\u00e7\u00e3o do IVA nasce simultaneamente com a exigibilidade do imposto. Com o novel regime parece que s\u00f3 se poder\u00e1 deduzir o imposto, n\u00e3o [&hellip;]\" \/>\n<meta property=\"og:url\" content=\"https:\/\/www.valadascoriel.com\/pt-pt\/iva-de-caixa-pode-dar-mais-problemas-que-solucoes\/\" \/>\n<meta property=\"og:site_name\" content=\"VCA - Valadas Coriel e Associados\" \/>\n<meta property=\"article:publisher\" content=\"https:\/\/www.facebook.com\/ValadasCoriel\/\" \/>\n<meta property=\"article:published_time\" content=\"2013-07-02T09:54:18+00:00\" \/>\n<meta name=\"author\" content=\"Valadas\" \/>\n<meta name=\"twitter:card\" content=\"summary_large_image\" \/>\n<meta name=\"twitter:creator\" content=\"@valadascoriel\" \/>\n<meta name=\"twitter:site\" content=\"@valadascoriel\" \/>\n<meta name=\"twitter:label1\" content=\"Escrito por\" \/>\n\t<meta name=\"twitter:data1\" content=\"Valadas\" \/>\n\t<meta name=\"twitter:label2\" content=\"Tempo estimado de leitura\" \/>\n\t<meta name=\"twitter:data2\" content=\"1 minuto\" \/>\n<script type=\"application\/ld+json\" class=\"yoast-schema-graph\">{\"@context\":\"https:\/\/schema.org\",\"@graph\":[{\"@type\":\"Article\",\"@id\":\"https:\/\/www.valadascoriel.com\/pt-pt\/iva-de-caixa-pode-dar-mais-problemas-que-solucoes\/#article\",\"isPartOf\":{\"@id\":\"https:\/\/www.valadascoriel.com\/pt-pt\/iva-de-caixa-pode-dar-mais-problemas-que-solucoes\/\"},\"author\":{\"name\":\"Valadas\",\"@id\":\"https:\/\/www.valadascoriel.com\/#\/schema\/person\/6ba1827f709aa9af93f196dd3033f105\"},\"headline\":\"IVA de caixa pode dar mais problemas que solu\u00e7\u00f5es:\",\"datePublished\":\"2013-07-02T09:54:18+00:00\",\"mainEntityOfPage\":{\"@id\":\"https:\/\/www.valadascoriel.com\/pt-pt\/iva-de-caixa-pode-dar-mais-problemas-que-solucoes\/\"},\"wordCount\":126,\"commentCount\":0,\"publisher\":{\"@id\":\"https:\/\/www.valadascoriel.com\/#organization\"},\"articleSection\":[\"Not\u00edcias &amp; Insights\"],\"inLanguage\":\"pt-PT\",\"potentialAction\":[{\"@type\":\"CommentAction\",\"name\":\"Comment\",\"target\":[\"https:\/\/www.valadascoriel.com\/pt-pt\/iva-de-caixa-pode-dar-mais-problemas-que-solucoes\/#respond\"]}]},{\"@type\":\"WebPage\",\"@id\":\"https:\/\/www.valadascoriel.com\/pt-pt\/iva-de-caixa-pode-dar-mais-problemas-que-solucoes\/\",\"url\":\"https:\/\/www.valadascoriel.com\/pt-pt\/iva-de-caixa-pode-dar-mais-problemas-que-solucoes\/\",\"name\":\"IVA de caixa pode dar mais problemas que solu\u00e7\u00f5es: - VCA - Valadas Coriel e Associados\",\"isPartOf\":{\"@id\":\"https:\/\/www.valadascoriel.com\/#website\"},\"datePublished\":\"2013-07-02T09:54:18+00:00\",\"breadcrumb\":{\"@id\":\"https:\/\/www.valadascoriel.com\/pt-pt\/iva-de-caixa-pode-dar-mais-problemas-que-solucoes\/#breadcrumb\"},\"inLanguage\":\"pt-PT\",\"potentialAction\":[{\"@type\":\"ReadAction\",\"target\":[\"https:\/\/www.valadascoriel.com\/pt-pt\/iva-de-caixa-pode-dar-mais-problemas-que-solucoes\/\"]}]},{\"@type\":\"BreadcrumbList\",\"@id\":\"https:\/\/www.valadascoriel.com\/pt-pt\/iva-de-caixa-pode-dar-mais-problemas-que-solucoes\/#breadcrumb\",\"itemListElement\":[{\"@type\":\"ListItem\",\"position\":1,\"name\":\"In\u00edcio\",\"item\":\"https:\/\/www.valadascoriel.com\/pt-pt\/\"},{\"@type\":\"ListItem\",\"position\":2,\"name\":\"IVA de caixa pode dar mais problemas que solu\u00e7\u00f5es:\"}]},{\"@type\":\"WebSite\",\"@id\":\"https:\/\/www.valadascoriel.com\/#website\",\"url\":\"https:\/\/www.valadascoriel.com\/\",\"name\":\"Valadas Coriel & Associados\",\"description\":\"A versatile legal firm combining experience, expertise &amp; creativity.\",\"publisher\":{\"@id\":\"https:\/\/www.valadascoriel.com\/#organization\"},\"potentialAction\":[{\"@type\":\"SearchAction\",\"target\":{\"@type\":\"EntryPoint\",\"urlTemplate\":\"https:\/\/www.valadascoriel.com\/?s={search_term_string}\"},\"query-input\":{\"@type\":\"PropertyValueSpecification\",\"valueRequired\":true,\"valueName\":\"search_term_string\"}}],\"inLanguage\":\"pt-PT\"},{\"@type\":\"Organization\",\"@id\":\"https:\/\/www.valadascoriel.com\/#organization\",\"name\":\"Valadas Coriel & Associados\",\"alternateName\":\"VCA\",\"url\":\"https:\/\/www.valadascoriel.com\/\",\"logo\":{\"@type\":\"ImageObject\",\"inLanguage\":\"pt-PT\",\"@id\":\"https:\/\/www.valadascoriel.com\/#\/schema\/logo\/image\/\",\"url\":\"https:\/\/www.valadascoriel.com\/wp-content\/uploads\/2023\/03\/cropped-favicon-1.png\",\"contentUrl\":\"https:\/\/www.valadascoriel.com\/wp-content\/uploads\/2023\/03\/cropped-favicon-1.png\",\"width\":512,\"height\":512,\"caption\":\"Valadas Coriel & Associados\"},\"image\":{\"@id\":\"https:\/\/www.valadascoriel.com\/#\/schema\/logo\/image\/\"},\"sameAs\":[\"https:\/\/www.facebook.com\/ValadasCoriel\/\",\"https:\/\/x.com\/valadascoriel\",\"https:\/\/pt.linkedin.com\/company\/vca-valadas-coriel-associados\",\"https:\/\/www.youtube.com\/channel\/UCic8dCFjoTtH5u890aEcW5Q\"]},{\"@type\":\"Person\",\"@id\":\"https:\/\/www.valadascoriel.com\/#\/schema\/person\/6ba1827f709aa9af93f196dd3033f105\",\"name\":\"Valadas\",\"image\":{\"@type\":\"ImageObject\",\"inLanguage\":\"pt-PT\",\"@id\":\"https:\/\/www.valadascoriel.com\/#\/schema\/person\/image\/\",\"url\":\"https:\/\/secure.gravatar.com\/avatar\/27e8efbc4ac63294d5dfdcb8755f8b498edda75901f3d068684f10f93bac11ce?s=96&d=mm&r=g\",\"contentUrl\":\"https:\/\/secure.gravatar.com\/avatar\/27e8efbc4ac63294d5dfdcb8755f8b498edda75901f3d068684f10f93bac11ce?s=96&d=mm&r=g\",\"caption\":\"Valadas\"},\"url\":\"https:\/\/www.valadascoriel.com\/pt-pt\/author\/tgadmin\/\"}]}<\/script>\n<!-- \/ Yoast SEO Premium plugin. -->","yoast_head_json":{"title":"IVA de caixa pode dar mais problemas que solu\u00e7\u00f5es: - VCA - Valadas Coriel e Associados","robots":{"index":"index","follow":"follow","max-snippet":"max-snippet:-1","max-image-preview":"max-image-preview:large","max-video-preview":"max-video-preview:-1"},"canonical":"https:\/\/www.valadascoriel.com\/pt-pt\/iva-de-caixa-pode-dar-mais-problemas-que-solucoes\/","og_locale":"pt_PT","og_type":"article","og_title":"IVA de caixa pode dar mais problemas que solu\u00e7\u00f5es:","og_description":"De acordo com o diploma que regula o regime do IVA de caixa, a exigibilidade do imposto s\u00f3 nasce com o seu recebimento. No entanto n\u00e3o podemos esquecer que o direito \u00e0 dedu\u00e7\u00e3o do IVA nasce simultaneamente com a exigibilidade do imposto. Com o novel regime parece que s\u00f3 se poder\u00e1 deduzir o imposto, n\u00e3o [&hellip;]","og_url":"https:\/\/www.valadascoriel.com\/pt-pt\/iva-de-caixa-pode-dar-mais-problemas-que-solucoes\/","og_site_name":"VCA - Valadas Coriel e Associados","article_publisher":"https:\/\/www.facebook.com\/ValadasCoriel\/","article_published_time":"2013-07-02T09:54:18+00:00","author":"Valadas","twitter_card":"summary_large_image","twitter_creator":"@valadascoriel","twitter_site":"@valadascoriel","twitter_misc":{"Escrito por":"Valadas","Tempo estimado de leitura":"1 minuto"},"schema":{"@context":"https:\/\/schema.org","@graph":[{"@type":"Article","@id":"https:\/\/www.valadascoriel.com\/pt-pt\/iva-de-caixa-pode-dar-mais-problemas-que-solucoes\/#article","isPartOf":{"@id":"https:\/\/www.valadascoriel.com\/pt-pt\/iva-de-caixa-pode-dar-mais-problemas-que-solucoes\/"},"author":{"name":"Valadas","@id":"https:\/\/www.valadascoriel.com\/#\/schema\/person\/6ba1827f709aa9af93f196dd3033f105"},"headline":"IVA de caixa pode dar mais problemas que solu\u00e7\u00f5es:","datePublished":"2013-07-02T09:54:18+00:00","mainEntityOfPage":{"@id":"https:\/\/www.valadascoriel.com\/pt-pt\/iva-de-caixa-pode-dar-mais-problemas-que-solucoes\/"},"wordCount":126,"commentCount":0,"publisher":{"@id":"https:\/\/www.valadascoriel.com\/#organization"},"articleSection":["Not\u00edcias &amp; Insights"],"inLanguage":"pt-PT","potentialAction":[{"@type":"CommentAction","name":"Comment","target":["https:\/\/www.valadascoriel.com\/pt-pt\/iva-de-caixa-pode-dar-mais-problemas-que-solucoes\/#respond"]}]},{"@type":"WebPage","@id":"https:\/\/www.valadascoriel.com\/pt-pt\/iva-de-caixa-pode-dar-mais-problemas-que-solucoes\/","url":"https:\/\/www.valadascoriel.com\/pt-pt\/iva-de-caixa-pode-dar-mais-problemas-que-solucoes\/","name":"IVA de caixa pode dar mais problemas que solu\u00e7\u00f5es: - VCA - Valadas Coriel e Associados","isPartOf":{"@id":"https:\/\/www.valadascoriel.com\/#website"},"datePublished":"2013-07-02T09:54:18+00:00","breadcrumb":{"@id":"https:\/\/www.valadascoriel.com\/pt-pt\/iva-de-caixa-pode-dar-mais-problemas-que-solucoes\/#breadcrumb"},"inLanguage":"pt-PT","potentialAction":[{"@type":"ReadAction","target":["https:\/\/www.valadascoriel.com\/pt-pt\/iva-de-caixa-pode-dar-mais-problemas-que-solucoes\/"]}]},{"@type":"BreadcrumbList","@id":"https:\/\/www.valadascoriel.com\/pt-pt\/iva-de-caixa-pode-dar-mais-problemas-que-solucoes\/#breadcrumb","itemListElement":[{"@type":"ListItem","position":1,"name":"In\u00edcio","item":"https:\/\/www.valadascoriel.com\/pt-pt\/"},{"@type":"ListItem","position":2,"name":"IVA de caixa pode dar mais problemas que solu\u00e7\u00f5es:"}]},{"@type":"WebSite","@id":"https:\/\/www.valadascoriel.com\/#website","url":"https:\/\/www.valadascoriel.com\/","name":"Valadas Coriel & Associados","description":"A versatile legal firm combining experience, expertise &amp; creativity.","publisher":{"@id":"https:\/\/www.valadascoriel.com\/#organization"},"potentialAction":[{"@type":"SearchAction","target":{"@type":"EntryPoint","urlTemplate":"https:\/\/www.valadascoriel.com\/?s={search_term_string}"},"query-input":{"@type":"PropertyValueSpecification","valueRequired":true,"valueName":"search_term_string"}}],"inLanguage":"pt-PT"},{"@type":"Organization","@id":"https:\/\/www.valadascoriel.com\/#organization","name":"Valadas Coriel & Associados","alternateName":"VCA","url":"https:\/\/www.valadascoriel.com\/","logo":{"@type":"ImageObject","inLanguage":"pt-PT","@id":"https:\/\/www.valadascoriel.com\/#\/schema\/logo\/image\/","url":"https:\/\/www.valadascoriel.com\/wp-content\/uploads\/2023\/03\/cropped-favicon-1.png","contentUrl":"https:\/\/www.valadascoriel.com\/wp-content\/uploads\/2023\/03\/cropped-favicon-1.png","width":512,"height":512,"caption":"Valadas Coriel & Associados"},"image":{"@id":"https:\/\/www.valadascoriel.com\/#\/schema\/logo\/image\/"},"sameAs":["https:\/\/www.facebook.com\/ValadasCoriel\/","https:\/\/x.com\/valadascoriel","https:\/\/pt.linkedin.com\/company\/vca-valadas-coriel-associados","https:\/\/www.youtube.com\/channel\/UCic8dCFjoTtH5u890aEcW5Q"]},{"@type":"Person","@id":"https:\/\/www.valadascoriel.com\/#\/schema\/person\/6ba1827f709aa9af93f196dd3033f105","name":"Valadas","image":{"@type":"ImageObject","inLanguage":"pt-PT","@id":"https:\/\/www.valadascoriel.com\/#\/schema\/person\/image\/","url":"https:\/\/secure.gravatar.com\/avatar\/27e8efbc4ac63294d5dfdcb8755f8b498edda75901f3d068684f10f93bac11ce?s=96&d=mm&r=g","contentUrl":"https:\/\/secure.gravatar.com\/avatar\/27e8efbc4ac63294d5dfdcb8755f8b498edda75901f3d068684f10f93bac11ce?s=96&d=mm&r=g","caption":"Valadas"},"url":"https:\/\/www.valadascoriel.com\/pt-pt\/author\/tgadmin\/"}]}},"_links":{"self":[{"href":"https:\/\/www.valadascoriel.com\/pt-pt\/wp-json\/wp\/v2\/posts\/7969","targetHints":{"allow":["GET"]}}],"collection":[{"href":"https:\/\/www.valadascoriel.com\/pt-pt\/wp-json\/wp\/v2\/posts"}],"about":[{"href":"https:\/\/www.valadascoriel.com\/pt-pt\/wp-json\/wp\/v2\/types\/post"}],"author":[{"embeddable":true,"href":"https:\/\/www.valadascoriel.com\/pt-pt\/wp-json\/wp\/v2\/users\/2"}],"replies":[{"embeddable":true,"href":"https:\/\/www.valadascoriel.com\/pt-pt\/wp-json\/wp\/v2\/comments?post=7969"}],"version-history":[{"count":0,"href":"https:\/\/www.valadascoriel.com\/pt-pt\/wp-json\/wp\/v2\/posts\/7969\/revisions"}],"wp:attachment":[{"href":"https:\/\/www.valadascoriel.com\/pt-pt\/wp-json\/wp\/v2\/media?parent=7969"}],"wp:term":[{"taxonomy":"category","embeddable":true,"href":"https:\/\/www.valadascoriel.com\/pt-pt\/wp-json\/wp\/v2\/categories?post=7969"},{"taxonomy":"post_tag","embeddable":true,"href":"https:\/\/www.valadascoriel.com\/pt-pt\/wp-json\/wp\/v2\/tags?post=7969"}],"curies":[{"name":"wp","href":"https:\/\/api.w.org\/{rel}","templated":true}]}}