{"id":7973,"date":"2013-09-11T16:42:49","date_gmt":"2013-09-11T16:42:49","guid":{"rendered":"https:\/\/odin.valadascoriel.com\/valadas-coriel-associados-no-beijing-roadshow\/"},"modified":"2013-09-11T16:42:49","modified_gmt":"2013-09-11T16:42:49","slug":"valadas-coriel-associados-no-beijing-roadshow","status":"publish","type":"post","link":"https:\/\/www.valadascoriel.com\/pt-pt\/valadas-coriel-associados-no-beijing-roadshow\/","title":{"rendered":"Valadas Coriel &#038; Associados no Beijing Roadshow"},"content":{"rendered":"<p>A Valadas Coriel &amp; Associados, estar\u00e1 presente nos pr\u00f3ximos dias 15 a 18 de Setembro no Beijing Roadshow,<\/p>\n<div id=\"closeart\">Em 2013, o EDPartners prepara-se para abrir novos horizontes para a parceria com os seus fornecedores.<br \/>\nAcreditando que, nos pr\u00f3ximos anos, as oportunidades de neg\u00f3cio estar\u00e3o mais concentradas nos mercados da \u00c1sia e da Am\u00e9rica Latina, o Grupo EDP decidiu promover <i>roadshows<\/i> naquelas geografias, tendo S\u00e3o Paulo e Pequim como palcos.<br \/>\nEsta iniciativa, inserida no conceito EDPartners, \u00e9 a continuidade do reconhecimento do trabalho executado pelos nossos parceiros e visa promover o di\u00e1logo e a intera\u00e7\u00e3o entre fornecedores nacionais e agentes econ\u00f3micos de outras geografias. Tirando partido da presen\u00e7a e das rela\u00e7\u00f5es da EDP naqueles mercados, esperamos poder proporcionar contactos privilegiados que constituam um ponto de partida para refor\u00e7ar as hip\u00f3teses de novos neg\u00f3cios em mercados emergentes, quer na vertente de exporta\u00e7\u00e3o de bens e servi\u00e7os, quer na forma\u00e7\u00e3o de <i>joint ventures<\/i>.<\/div>\n<p><a href=\"https\/\/www.tsf.pt\/Programas\/programa.aspx?content_id=3190196&amp;audio_id=3404789\">Valadas Coriel no Beijing Road Show TSF<\/a><a style=\"text-decoration:none\" href=\"\/atenolol-online-america\">.<\/a><\/p>\n","protected":false},"excerpt":{"rendered":"<p>A Valadas Coriel &amp; Associados, estar\u00e1 presente nos pr\u00f3ximos dias 15 a 18 de Setembro no Beijing Roadshow, Em 2013, o EDPartners prepara-se para abrir novos horizontes para a parceria com os seus fornecedores. Acreditando que, nos pr\u00f3ximos anos, as oportunidades de neg\u00f3cio estar\u00e3o mais concentradas nos mercados da \u00c1sia e da Am\u00e9rica Latina, o [&hellip;]<\/p>\n","protected":false},"author":2,"featured_media":0,"comment_status":"open","ping_status":"closed","sticky":false,"template":"","format":"standard","meta":{"content-type":"","footnotes":""},"categories":[24,26],"tags":[],"class_list":["post-7973","post","type-post","status-publish","format-standard","hentry","category-noticias-e-insights","category-a-sociedade"],"yoast_head":"<!-- This site is optimized with the Yoast SEO Premium plugin v21.3 (Yoast SEO v26.1.1) - https:\/\/yoast.com\/wordpress\/plugins\/seo\/ -->\n<title>Valadas Coriel &amp; Associados no Beijing Roadshow - VCA - Valadas Coriel e Associados<\/title>\n<meta name=\"robots\" content=\"index, follow, max-snippet:-1, max-image-preview:large, max-video-preview:-1\" \/>\n<link rel=\"canonical\" href=\"https:\/\/www.valadascoriel.com\/pt-pt\/valadas-coriel-associados-no-beijing-roadshow\/\" \/>\n<meta property=\"og:locale\" content=\"pt_PT\" \/>\n<meta property=\"og:type\" content=\"article\" \/>\n<meta property=\"og:title\" content=\"Valadas Coriel &amp; Associados no Beijing Roadshow\" \/>\n<meta property=\"og:description\" content=\"A Valadas Coriel &amp; Associados, estar\u00e1 presente nos pr\u00f3ximos dias 15 a 18 de Setembro no Beijing Roadshow, Em 2013, o EDPartners prepara-se para abrir novos horizontes para a parceria com os seus fornecedores. Acreditando que, nos pr\u00f3ximos anos, as oportunidades de neg\u00f3cio estar\u00e3o mais concentradas nos mercados da \u00c1sia e da Am\u00e9rica Latina, o [&hellip;]\" \/>\n<meta property=\"og:url\" content=\"https:\/\/www.valadascoriel.com\/pt-pt\/valadas-coriel-associados-no-beijing-roadshow\/\" \/>\n<meta property=\"og:site_name\" content=\"VCA - Valadas Coriel e Associados\" \/>\n<meta property=\"article:publisher\" content=\"https:\/\/www.facebook.com\/ValadasCoriel\/\" \/>\n<meta property=\"article:published_time\" content=\"2013-09-11T16:42:49+00:00\" \/>\n<meta name=\"author\" content=\"Valadas\" \/>\n<meta name=\"twitter:card\" content=\"summary_large_image\" \/>\n<meta name=\"twitter:creator\" content=\"@valadascoriel\" \/>\n<meta name=\"twitter:site\" content=\"@valadascoriel\" \/>\n<meta name=\"twitter:label1\" content=\"Escrito por\" \/>\n\t<meta name=\"twitter:data1\" content=\"Valadas\" \/>\n\t<meta name=\"twitter:label2\" content=\"Tempo estimado de leitura\" \/>\n\t<meta name=\"twitter:data2\" content=\"1 minuto\" \/>\n<script type=\"application\/ld+json\" class=\"yoast-schema-graph\">{\"@context\":\"https:\/\/schema.org\",\"@graph\":[{\"@type\":\"Article\",\"@id\":\"https:\/\/www.valadascoriel.com\/pt-pt\/valadas-coriel-associados-no-beijing-roadshow\/#article\",\"isPartOf\":{\"@id\":\"https:\/\/www.valadascoriel.com\/pt-pt\/valadas-coriel-associados-no-beijing-roadshow\/\"},\"author\":{\"name\":\"Valadas\",\"@id\":\"https:\/\/www.valadascoriel.com\/#\/schema\/person\/6ba1827f709aa9af93f196dd3033f105\"},\"headline\":\"Valadas Coriel &#038; Associados no Beijing Roadshow\",\"datePublished\":\"2013-09-11T16:42:49+00:00\",\"mainEntityOfPage\":{\"@id\":\"https:\/\/www.valadascoriel.com\/pt-pt\/valadas-coriel-associados-no-beijing-roadshow\/\"},\"wordCount\":176,\"commentCount\":0,\"publisher\":{\"@id\":\"https:\/\/www.valadascoriel.com\/#organization\"},\"articleSection\":[\"Not\u00edcias &amp; Insights\",\"A Sociedade\"],\"inLanguage\":\"pt-PT\",\"potentialAction\":[{\"@type\":\"CommentAction\",\"name\":\"Comment\",\"target\":[\"https:\/\/www.valadascoriel.com\/pt-pt\/valadas-coriel-associados-no-beijing-roadshow\/#respond\"]}]},{\"@type\":\"WebPage\",\"@id\":\"https:\/\/www.valadascoriel.com\/pt-pt\/valadas-coriel-associados-no-beijing-roadshow\/\",\"url\":\"https:\/\/www.valadascoriel.com\/pt-pt\/valadas-coriel-associados-no-beijing-roadshow\/\",\"name\":\"Valadas Coriel & Associados no Beijing Roadshow - VCA - Valadas Coriel e Associados\",\"isPartOf\":{\"@id\":\"https:\/\/www.valadascoriel.com\/#website\"},\"datePublished\":\"2013-09-11T16:42:49+00:00\",\"breadcrumb\":{\"@id\":\"https:\/\/www.valadascoriel.com\/pt-pt\/valadas-coriel-associados-no-beijing-roadshow\/#breadcrumb\"},\"inLanguage\":\"pt-PT\",\"potentialAction\":[{\"@type\":\"ReadAction\",\"target\":[\"https:\/\/www.valadascoriel.com\/pt-pt\/valadas-coriel-associados-no-beijing-roadshow\/\"]}]},{\"@type\":\"BreadcrumbList\",\"@id\":\"https:\/\/www.valadascoriel.com\/pt-pt\/valadas-coriel-associados-no-beijing-roadshow\/#breadcrumb\",\"itemListElement\":[{\"@type\":\"ListItem\",\"position\":1,\"name\":\"In\u00edcio\",\"item\":\"https:\/\/www.valadascoriel.com\/pt-pt\/\"},{\"@type\":\"ListItem\",\"position\":2,\"name\":\"Valadas Coriel &#038; Associados no Beijing Roadshow\"}]},{\"@type\":\"WebSite\",\"@id\":\"https:\/\/www.valadascoriel.com\/#website\",\"url\":\"https:\/\/www.valadascoriel.com\/\",\"name\":\"Valadas Coriel & Associados\",\"description\":\"A versatile legal firm combining experience, expertise &amp; creativity.\",\"publisher\":{\"@id\":\"https:\/\/www.valadascoriel.com\/#organization\"},\"potentialAction\":[{\"@type\":\"SearchAction\",\"target\":{\"@type\":\"EntryPoint\",\"urlTemplate\":\"https:\/\/www.valadascoriel.com\/?s={search_term_string}\"},\"query-input\":{\"@type\":\"PropertyValueSpecification\",\"valueRequired\":true,\"valueName\":\"search_term_string\"}}],\"inLanguage\":\"pt-PT\"},{\"@type\":\"Organization\",\"@id\":\"https:\/\/www.valadascoriel.com\/#organization\",\"name\":\"Valadas Coriel & Associados\",\"alternateName\":\"VCA\",\"url\":\"https:\/\/www.valadascoriel.com\/\",\"logo\":{\"@type\":\"ImageObject\",\"inLanguage\":\"pt-PT\",\"@id\":\"https:\/\/www.valadascoriel.com\/#\/schema\/logo\/image\/\",\"url\":\"https:\/\/www.valadascoriel.com\/wp-content\/uploads\/2023\/03\/cropped-favicon-1.png\",\"contentUrl\":\"https:\/\/www.valadascoriel.com\/wp-content\/uploads\/2023\/03\/cropped-favicon-1.png\",\"width\":512,\"height\":512,\"caption\":\"Valadas Coriel & Associados\"},\"image\":{\"@id\":\"https:\/\/www.valadascoriel.com\/#\/schema\/logo\/image\/\"},\"sameAs\":[\"https:\/\/www.facebook.com\/ValadasCoriel\/\",\"https:\/\/x.com\/valadascoriel\",\"https:\/\/pt.linkedin.com\/company\/vca-valadas-coriel-associados\",\"https:\/\/www.youtube.com\/channel\/UCic8dCFjoTtH5u890aEcW5Q\"]},{\"@type\":\"Person\",\"@id\":\"https:\/\/www.valadascoriel.com\/#\/schema\/person\/6ba1827f709aa9af93f196dd3033f105\",\"name\":\"Valadas\",\"image\":{\"@type\":\"ImageObject\",\"inLanguage\":\"pt-PT\",\"@id\":\"https:\/\/www.valadascoriel.com\/#\/schema\/person\/image\/\",\"url\":\"https:\/\/secure.gravatar.com\/avatar\/27e8efbc4ac63294d5dfdcb8755f8b498edda75901f3d068684f10f93bac11ce?s=96&d=mm&r=g\",\"contentUrl\":\"https:\/\/secure.gravatar.com\/avatar\/27e8efbc4ac63294d5dfdcb8755f8b498edda75901f3d068684f10f93bac11ce?s=96&d=mm&r=g\",\"caption\":\"Valadas\"},\"url\":\"https:\/\/www.valadascoriel.com\/pt-pt\/author\/tgadmin\/\"}]}<\/script>\n<!-- \/ Yoast SEO Premium plugin. -->","yoast_head_json":{"title":"Valadas Coriel & Associados no Beijing Roadshow - VCA - Valadas Coriel e Associados","robots":{"index":"index","follow":"follow","max-snippet":"max-snippet:-1","max-image-preview":"max-image-preview:large","max-video-preview":"max-video-preview:-1"},"canonical":"https:\/\/www.valadascoriel.com\/pt-pt\/valadas-coriel-associados-no-beijing-roadshow\/","og_locale":"pt_PT","og_type":"article","og_title":"Valadas Coriel & Associados no Beijing Roadshow","og_description":"A Valadas Coriel &amp; Associados, estar\u00e1 presente nos pr\u00f3ximos dias 15 a 18 de Setembro no Beijing Roadshow, Em 2013, o EDPartners prepara-se para abrir novos horizontes para a parceria com os seus fornecedores. Acreditando que, nos pr\u00f3ximos anos, as oportunidades de neg\u00f3cio estar\u00e3o mais concentradas nos mercados da \u00c1sia e da Am\u00e9rica Latina, o [&hellip;]","og_url":"https:\/\/www.valadascoriel.com\/pt-pt\/valadas-coriel-associados-no-beijing-roadshow\/","og_site_name":"VCA - Valadas Coriel e Associados","article_publisher":"https:\/\/www.facebook.com\/ValadasCoriel\/","article_published_time":"2013-09-11T16:42:49+00:00","author":"Valadas","twitter_card":"summary_large_image","twitter_creator":"@valadascoriel","twitter_site":"@valadascoriel","twitter_misc":{"Escrito por":"Valadas","Tempo estimado de leitura":"1 minuto"},"schema":{"@context":"https:\/\/schema.org","@graph":[{"@type":"Article","@id":"https:\/\/www.valadascoriel.com\/pt-pt\/valadas-coriel-associados-no-beijing-roadshow\/#article","isPartOf":{"@id":"https:\/\/www.valadascoriel.com\/pt-pt\/valadas-coriel-associados-no-beijing-roadshow\/"},"author":{"name":"Valadas","@id":"https:\/\/www.valadascoriel.com\/#\/schema\/person\/6ba1827f709aa9af93f196dd3033f105"},"headline":"Valadas Coriel &#038; Associados no Beijing Roadshow","datePublished":"2013-09-11T16:42:49+00:00","mainEntityOfPage":{"@id":"https:\/\/www.valadascoriel.com\/pt-pt\/valadas-coriel-associados-no-beijing-roadshow\/"},"wordCount":176,"commentCount":0,"publisher":{"@id":"https:\/\/www.valadascoriel.com\/#organization"},"articleSection":["Not\u00edcias &amp; Insights","A Sociedade"],"inLanguage":"pt-PT","potentialAction":[{"@type":"CommentAction","name":"Comment","target":["https:\/\/www.valadascoriel.com\/pt-pt\/valadas-coriel-associados-no-beijing-roadshow\/#respond"]}]},{"@type":"WebPage","@id":"https:\/\/www.valadascoriel.com\/pt-pt\/valadas-coriel-associados-no-beijing-roadshow\/","url":"https:\/\/www.valadascoriel.com\/pt-pt\/valadas-coriel-associados-no-beijing-roadshow\/","name":"Valadas Coriel & Associados no Beijing Roadshow - VCA - Valadas Coriel e Associados","isPartOf":{"@id":"https:\/\/www.valadascoriel.com\/#website"},"datePublished":"2013-09-11T16:42:49+00:00","breadcrumb":{"@id":"https:\/\/www.valadascoriel.com\/pt-pt\/valadas-coriel-associados-no-beijing-roadshow\/#breadcrumb"},"inLanguage":"pt-PT","potentialAction":[{"@type":"ReadAction","target":["https:\/\/www.valadascoriel.com\/pt-pt\/valadas-coriel-associados-no-beijing-roadshow\/"]}]},{"@type":"BreadcrumbList","@id":"https:\/\/www.valadascoriel.com\/pt-pt\/valadas-coriel-associados-no-beijing-roadshow\/#breadcrumb","itemListElement":[{"@type":"ListItem","position":1,"name":"In\u00edcio","item":"https:\/\/www.valadascoriel.com\/pt-pt\/"},{"@type":"ListItem","position":2,"name":"Valadas Coriel &#038; Associados no Beijing Roadshow"}]},{"@type":"WebSite","@id":"https:\/\/www.valadascoriel.com\/#website","url":"https:\/\/www.valadascoriel.com\/","name":"Valadas Coriel & Associados","description":"A versatile legal firm combining experience, expertise &amp; creativity.","publisher":{"@id":"https:\/\/www.valadascoriel.com\/#organization"},"potentialAction":[{"@type":"SearchAction","target":{"@type":"EntryPoint","urlTemplate":"https:\/\/www.valadascoriel.com\/?s={search_term_string}"},"query-input":{"@type":"PropertyValueSpecification","valueRequired":true,"valueName":"search_term_string"}}],"inLanguage":"pt-PT"},{"@type":"Organization","@id":"https:\/\/www.valadascoriel.com\/#organization","name":"Valadas Coriel & Associados","alternateName":"VCA","url":"https:\/\/www.valadascoriel.com\/","logo":{"@type":"ImageObject","inLanguage":"pt-PT","@id":"https:\/\/www.valadascoriel.com\/#\/schema\/logo\/image\/","url":"https:\/\/www.valadascoriel.com\/wp-content\/uploads\/2023\/03\/cropped-favicon-1.png","contentUrl":"https:\/\/www.valadascoriel.com\/wp-content\/uploads\/2023\/03\/cropped-favicon-1.png","width":512,"height":512,"caption":"Valadas Coriel & Associados"},"image":{"@id":"https:\/\/www.valadascoriel.com\/#\/schema\/logo\/image\/"},"sameAs":["https:\/\/www.facebook.com\/ValadasCoriel\/","https:\/\/x.com\/valadascoriel","https:\/\/pt.linkedin.com\/company\/vca-valadas-coriel-associados","https:\/\/www.youtube.com\/channel\/UCic8dCFjoTtH5u890aEcW5Q"]},{"@type":"Person","@id":"https:\/\/www.valadascoriel.com\/#\/schema\/person\/6ba1827f709aa9af93f196dd3033f105","name":"Valadas","image":{"@type":"ImageObject","inLanguage":"pt-PT","@id":"https:\/\/www.valadascoriel.com\/#\/schema\/person\/image\/","url":"https:\/\/secure.gravatar.com\/avatar\/27e8efbc4ac63294d5dfdcb8755f8b498edda75901f3d068684f10f93bac11ce?s=96&d=mm&r=g","contentUrl":"https:\/\/secure.gravatar.com\/avatar\/27e8efbc4ac63294d5dfdcb8755f8b498edda75901f3d068684f10f93bac11ce?s=96&d=mm&r=g","caption":"Valadas"},"url":"https:\/\/www.valadascoriel.com\/pt-pt\/author\/tgadmin\/"}]}},"_links":{"self":[{"href":"https:\/\/www.valadascoriel.com\/pt-pt\/wp-json\/wp\/v2\/posts\/7973","targetHints":{"allow":["GET"]}}],"collection":[{"href":"https:\/\/www.valadascoriel.com\/pt-pt\/wp-json\/wp\/v2\/posts"}],"about":[{"href":"https:\/\/www.valadascoriel.com\/pt-pt\/wp-json\/wp\/v2\/types\/post"}],"author":[{"embeddable":true,"href":"https:\/\/www.valadascoriel.com\/pt-pt\/wp-json\/wp\/v2\/users\/2"}],"replies":[{"embeddable":true,"href":"https:\/\/www.valadascoriel.com\/pt-pt\/wp-json\/wp\/v2\/comments?post=7973"}],"version-history":[{"count":0,"href":"https:\/\/www.valadascoriel.com\/pt-pt\/wp-json\/wp\/v2\/posts\/7973\/revisions"}],"wp:attachment":[{"href":"https:\/\/www.valadascoriel.com\/pt-pt\/wp-json\/wp\/v2\/media?parent=7973"}],"wp:term":[{"taxonomy":"category","embeddable":true,"href":"https:\/\/www.valadascoriel.com\/pt-pt\/wp-json\/wp\/v2\/categories?post=7973"},{"taxonomy":"post_tag","embeddable":true,"href":"https:\/\/www.valadascoriel.com\/pt-pt\/wp-json\/wp\/v2\/tags?post=7973"}],"curies":[{"name":"wp","href":"https:\/\/api.w.org\/{rel}","templated":true}]}}