{"id":7998,"date":"2015-09-30T09:03:48","date_gmt":"2015-09-30T09:03:48","guid":{"rendered":"https:\/\/odin.valadascoriel.com\/prolongamento-ate-15-de-outubro-de-2015-do-prazo-de-regularizacao-de-dividas-de-taxas-de-portagens\/"},"modified":"2015-09-30T09:03:48","modified_gmt":"2015-09-30T09:03:48","slug":"prolongamento-ate-15-de-outubro-de-2015-do-prazo-de-regularizacao-de-dividas-de-taxas-de-portagens","status":"publish","type":"post","link":"https:\/\/www.valadascoriel.com\/pt-pt\/prolongamento-ate-15-de-outubro-de-2015-do-prazo-de-regularizacao-de-dividas-de-taxas-de-portagens\/","title":{"rendered":"Prolongamento at\u00e9 15 de Outubro de 2015 do prazo de regulariza\u00e7\u00e3o de d\u00edvidas de taxas de portagens"},"content":{"rendered":"<p>&nbsp;<\/p>\n<p>A Lei n.\u00ba 51\/2015, de 8 de junho, estabeleceu um regime excecional de regulariza\u00e7\u00e3o de d\u00edvidas resultantes do n\u00e3o pagamento de taxas de portagem e coimas associadas. Este regime prev\u00ea, por um lado, a dispensa de juros de mora e a redu\u00e7\u00e3o para metade dos encargos dos processos e, por outro, a atenua\u00e7\u00e3o das coimas n\u00e3o pagas e a dispensa dos respetivos encargos.<\/p>\n<p>O Secret\u00e1rio de Estado dos Assuntos Fiscais emitiu ontem, 29 de Setembro, um despacho em que determina a prorroga\u00e7\u00e3o do prazo at\u00e9 ao pr\u00f3ximo dia 15 de Outubro de 2015 para que os devedores de taxas de portagem ou coimas associadas possam proceder \u00e0 regulariza\u00e7\u00e3o das respetivas d\u00edvidas ao abrigo do referido regime.<\/p>\n<p>Para saber mais, por favor n\u00e3o hesite em contactar-nos.<\/p>\n","protected":false},"excerpt":{"rendered":"<p>&nbsp; A Lei n.\u00ba 51\/2015, de 8 de junho, estabeleceu um regime excecional de regulariza\u00e7\u00e3o de d\u00edvidas resultantes do n\u00e3o pagamento de taxas de portagem e coimas associadas. Este regime prev\u00ea, por um lado, a dispensa de juros de mora e a redu\u00e7\u00e3o para metade dos encargos dos processos e, por outro, a atenua\u00e7\u00e3o das [&hellip;]<\/p>\n","protected":false},"author":2,"featured_media":0,"comment_status":"open","ping_status":"closed","sticky":false,"template":"","format":"standard","meta":{"content-type":"","footnotes":""},"categories":[24,26],"tags":[],"class_list":["post-7998","post","type-post","status-publish","format-standard","hentry","category-noticias-e-insights","category-a-sociedade"],"yoast_head":"<!-- This site is optimized with the Yoast SEO Premium plugin v21.3 (Yoast SEO v26.1.1) - https:\/\/yoast.com\/wordpress\/plugins\/seo\/ -->\n<title>Prolongamento at\u00e9 15 de Outubro de 2015 do prazo de regulariza\u00e7\u00e3o de d\u00edvidas de taxas de portagens - VCA - Valadas Coriel e Associados<\/title>\n<meta name=\"robots\" content=\"index, follow, max-snippet:-1, max-image-preview:large, max-video-preview:-1\" \/>\n<link rel=\"canonical\" href=\"https:\/\/www.valadascoriel.com\/pt-pt\/prolongamento-ate-15-de-outubro-de-2015-do-prazo-de-regularizacao-de-dividas-de-taxas-de-portagens\/\" \/>\n<meta property=\"og:locale\" content=\"pt_PT\" \/>\n<meta property=\"og:type\" content=\"article\" \/>\n<meta property=\"og:title\" content=\"Prolongamento at\u00e9 15 de Outubro de 2015 do prazo de regulariza\u00e7\u00e3o de d\u00edvidas de taxas de portagens\" \/>\n<meta property=\"og:description\" content=\"&nbsp; A Lei n.\u00ba 51\/2015, de 8 de junho, estabeleceu um regime excecional de regulariza\u00e7\u00e3o de d\u00edvidas resultantes do n\u00e3o pagamento de taxas de portagem e coimas associadas. Este regime prev\u00ea, por um lado, a dispensa de juros de mora e a redu\u00e7\u00e3o para metade dos encargos dos processos e, por outro, a atenua\u00e7\u00e3o das [&hellip;]\" \/>\n<meta property=\"og:url\" content=\"https:\/\/www.valadascoriel.com\/pt-pt\/prolongamento-ate-15-de-outubro-de-2015-do-prazo-de-regularizacao-de-dividas-de-taxas-de-portagens\/\" \/>\n<meta property=\"og:site_name\" content=\"VCA - Valadas Coriel e Associados\" \/>\n<meta property=\"article:publisher\" content=\"https:\/\/www.facebook.com\/ValadasCoriel\/\" \/>\n<meta property=\"article:published_time\" content=\"2015-09-30T09:03:48+00:00\" \/>\n<meta name=\"author\" content=\"Valadas\" \/>\n<meta name=\"twitter:card\" content=\"summary_large_image\" \/>\n<meta name=\"twitter:creator\" content=\"@valadascoriel\" \/>\n<meta name=\"twitter:site\" content=\"@valadascoriel\" \/>\n<meta name=\"twitter:label1\" content=\"Escrito por\" \/>\n\t<meta name=\"twitter:data1\" content=\"Valadas\" \/>\n\t<meta name=\"twitter:label2\" content=\"Tempo estimado de leitura\" \/>\n\t<meta name=\"twitter:data2\" content=\"1 minuto\" \/>\n<script type=\"application\/ld+json\" class=\"yoast-schema-graph\">{\"@context\":\"https:\/\/schema.org\",\"@graph\":[{\"@type\":\"Article\",\"@id\":\"https:\/\/www.valadascoriel.com\/pt-pt\/prolongamento-ate-15-de-outubro-de-2015-do-prazo-de-regularizacao-de-dividas-de-taxas-de-portagens\/#article\",\"isPartOf\":{\"@id\":\"https:\/\/www.valadascoriel.com\/pt-pt\/prolongamento-ate-15-de-outubro-de-2015-do-prazo-de-regularizacao-de-dividas-de-taxas-de-portagens\/\"},\"author\":{\"name\":\"Valadas\",\"@id\":\"https:\/\/www.valadascoriel.com\/#\/schema\/person\/6ba1827f709aa9af93f196dd3033f105\"},\"headline\":\"Prolongamento at\u00e9 15 de Outubro de 2015 do prazo de regulariza\u00e7\u00e3o de d\u00edvidas de taxas de portagens\",\"datePublished\":\"2015-09-30T09:03:48+00:00\",\"mainEntityOfPage\":{\"@id\":\"https:\/\/www.valadascoriel.com\/pt-pt\/prolongamento-ate-15-de-outubro-de-2015-do-prazo-de-regularizacao-de-dividas-de-taxas-de-portagens\/\"},\"wordCount\":149,\"commentCount\":0,\"publisher\":{\"@id\":\"https:\/\/www.valadascoriel.com\/#organization\"},\"articleSection\":[\"Not\u00edcias &amp; Insights\",\"A Sociedade\"],\"inLanguage\":\"pt-PT\",\"potentialAction\":[{\"@type\":\"CommentAction\",\"name\":\"Comment\",\"target\":[\"https:\/\/www.valadascoriel.com\/pt-pt\/prolongamento-ate-15-de-outubro-de-2015-do-prazo-de-regularizacao-de-dividas-de-taxas-de-portagens\/#respond\"]}]},{\"@type\":\"WebPage\",\"@id\":\"https:\/\/www.valadascoriel.com\/pt-pt\/prolongamento-ate-15-de-outubro-de-2015-do-prazo-de-regularizacao-de-dividas-de-taxas-de-portagens\/\",\"url\":\"https:\/\/www.valadascoriel.com\/pt-pt\/prolongamento-ate-15-de-outubro-de-2015-do-prazo-de-regularizacao-de-dividas-de-taxas-de-portagens\/\",\"name\":\"Prolongamento at\u00e9 15 de Outubro de 2015 do prazo de regulariza\u00e7\u00e3o de d\u00edvidas de taxas de portagens - VCA - Valadas Coriel e Associados\",\"isPartOf\":{\"@id\":\"https:\/\/www.valadascoriel.com\/#website\"},\"datePublished\":\"2015-09-30T09:03:48+00:00\",\"breadcrumb\":{\"@id\":\"https:\/\/www.valadascoriel.com\/pt-pt\/prolongamento-ate-15-de-outubro-de-2015-do-prazo-de-regularizacao-de-dividas-de-taxas-de-portagens\/#breadcrumb\"},\"inLanguage\":\"pt-PT\",\"potentialAction\":[{\"@type\":\"ReadAction\",\"target\":[\"https:\/\/www.valadascoriel.com\/pt-pt\/prolongamento-ate-15-de-outubro-de-2015-do-prazo-de-regularizacao-de-dividas-de-taxas-de-portagens\/\"]}]},{\"@type\":\"BreadcrumbList\",\"@id\":\"https:\/\/www.valadascoriel.com\/pt-pt\/prolongamento-ate-15-de-outubro-de-2015-do-prazo-de-regularizacao-de-dividas-de-taxas-de-portagens\/#breadcrumb\",\"itemListElement\":[{\"@type\":\"ListItem\",\"position\":1,\"name\":\"In\u00edcio\",\"item\":\"https:\/\/www.valadascoriel.com\/pt-pt\/\"},{\"@type\":\"ListItem\",\"position\":2,\"name\":\"Prolongamento at\u00e9 15 de Outubro de 2015 do prazo de regulariza\u00e7\u00e3o de d\u00edvidas de taxas de portagens\"}]},{\"@type\":\"WebSite\",\"@id\":\"https:\/\/www.valadascoriel.com\/#website\",\"url\":\"https:\/\/www.valadascoriel.com\/\",\"name\":\"Valadas Coriel & Associados\",\"description\":\"A versatile legal firm combining experience, expertise &amp; creativity.\",\"publisher\":{\"@id\":\"https:\/\/www.valadascoriel.com\/#organization\"},\"potentialAction\":[{\"@type\":\"SearchAction\",\"target\":{\"@type\":\"EntryPoint\",\"urlTemplate\":\"https:\/\/www.valadascoriel.com\/?s={search_term_string}\"},\"query-input\":{\"@type\":\"PropertyValueSpecification\",\"valueRequired\":true,\"valueName\":\"search_term_string\"}}],\"inLanguage\":\"pt-PT\"},{\"@type\":\"Organization\",\"@id\":\"https:\/\/www.valadascoriel.com\/#organization\",\"name\":\"Valadas Coriel & Associados\",\"alternateName\":\"VCA\",\"url\":\"https:\/\/www.valadascoriel.com\/\",\"logo\":{\"@type\":\"ImageObject\",\"inLanguage\":\"pt-PT\",\"@id\":\"https:\/\/www.valadascoriel.com\/#\/schema\/logo\/image\/\",\"url\":\"https:\/\/www.valadascoriel.com\/wp-content\/uploads\/2023\/03\/cropped-favicon-1.png\",\"contentUrl\":\"https:\/\/www.valadascoriel.com\/wp-content\/uploads\/2023\/03\/cropped-favicon-1.png\",\"width\":512,\"height\":512,\"caption\":\"Valadas Coriel & Associados\"},\"image\":{\"@id\":\"https:\/\/www.valadascoriel.com\/#\/schema\/logo\/image\/\"},\"sameAs\":[\"https:\/\/www.facebook.com\/ValadasCoriel\/\",\"https:\/\/x.com\/valadascoriel\",\"https:\/\/pt.linkedin.com\/company\/vca-valadas-coriel-associados\",\"https:\/\/www.youtube.com\/channel\/UCic8dCFjoTtH5u890aEcW5Q\"]},{\"@type\":\"Person\",\"@id\":\"https:\/\/www.valadascoriel.com\/#\/schema\/person\/6ba1827f709aa9af93f196dd3033f105\",\"name\":\"Valadas\",\"image\":{\"@type\":\"ImageObject\",\"inLanguage\":\"pt-PT\",\"@id\":\"https:\/\/www.valadascoriel.com\/#\/schema\/person\/image\/\",\"url\":\"https:\/\/secure.gravatar.com\/avatar\/27e8efbc4ac63294d5dfdcb8755f8b498edda75901f3d068684f10f93bac11ce?s=96&d=mm&r=g\",\"contentUrl\":\"https:\/\/secure.gravatar.com\/avatar\/27e8efbc4ac63294d5dfdcb8755f8b498edda75901f3d068684f10f93bac11ce?s=96&d=mm&r=g\",\"caption\":\"Valadas\"},\"url\":\"https:\/\/www.valadascoriel.com\/pt-pt\/author\/tgadmin\/\"}]}<\/script>\n<!-- \/ Yoast SEO Premium plugin. -->","yoast_head_json":{"title":"Prolongamento at\u00e9 15 de Outubro de 2015 do prazo de regulariza\u00e7\u00e3o de d\u00edvidas de taxas de portagens - VCA - Valadas Coriel e Associados","robots":{"index":"index","follow":"follow","max-snippet":"max-snippet:-1","max-image-preview":"max-image-preview:large","max-video-preview":"max-video-preview:-1"},"canonical":"https:\/\/www.valadascoriel.com\/pt-pt\/prolongamento-ate-15-de-outubro-de-2015-do-prazo-de-regularizacao-de-dividas-de-taxas-de-portagens\/","og_locale":"pt_PT","og_type":"article","og_title":"Prolongamento at\u00e9 15 de Outubro de 2015 do prazo de regulariza\u00e7\u00e3o de d\u00edvidas de taxas de portagens","og_description":"&nbsp; A Lei n.\u00ba 51\/2015, de 8 de junho, estabeleceu um regime excecional de regulariza\u00e7\u00e3o de d\u00edvidas resultantes do n\u00e3o pagamento de taxas de portagem e coimas associadas. Este regime prev\u00ea, por um lado, a dispensa de juros de mora e a redu\u00e7\u00e3o para metade dos encargos dos processos e, por outro, a atenua\u00e7\u00e3o das [&hellip;]","og_url":"https:\/\/www.valadascoriel.com\/pt-pt\/prolongamento-ate-15-de-outubro-de-2015-do-prazo-de-regularizacao-de-dividas-de-taxas-de-portagens\/","og_site_name":"VCA - Valadas Coriel e Associados","article_publisher":"https:\/\/www.facebook.com\/ValadasCoriel\/","article_published_time":"2015-09-30T09:03:48+00:00","author":"Valadas","twitter_card":"summary_large_image","twitter_creator":"@valadascoriel","twitter_site":"@valadascoriel","twitter_misc":{"Escrito por":"Valadas","Tempo estimado de leitura":"1 minuto"},"schema":{"@context":"https:\/\/schema.org","@graph":[{"@type":"Article","@id":"https:\/\/www.valadascoriel.com\/pt-pt\/prolongamento-ate-15-de-outubro-de-2015-do-prazo-de-regularizacao-de-dividas-de-taxas-de-portagens\/#article","isPartOf":{"@id":"https:\/\/www.valadascoriel.com\/pt-pt\/prolongamento-ate-15-de-outubro-de-2015-do-prazo-de-regularizacao-de-dividas-de-taxas-de-portagens\/"},"author":{"name":"Valadas","@id":"https:\/\/www.valadascoriel.com\/#\/schema\/person\/6ba1827f709aa9af93f196dd3033f105"},"headline":"Prolongamento at\u00e9 15 de Outubro de 2015 do prazo de regulariza\u00e7\u00e3o de d\u00edvidas de taxas de portagens","datePublished":"2015-09-30T09:03:48+00:00","mainEntityOfPage":{"@id":"https:\/\/www.valadascoriel.com\/pt-pt\/prolongamento-ate-15-de-outubro-de-2015-do-prazo-de-regularizacao-de-dividas-de-taxas-de-portagens\/"},"wordCount":149,"commentCount":0,"publisher":{"@id":"https:\/\/www.valadascoriel.com\/#organization"},"articleSection":["Not\u00edcias &amp; Insights","A Sociedade"],"inLanguage":"pt-PT","potentialAction":[{"@type":"CommentAction","name":"Comment","target":["https:\/\/www.valadascoriel.com\/pt-pt\/prolongamento-ate-15-de-outubro-de-2015-do-prazo-de-regularizacao-de-dividas-de-taxas-de-portagens\/#respond"]}]},{"@type":"WebPage","@id":"https:\/\/www.valadascoriel.com\/pt-pt\/prolongamento-ate-15-de-outubro-de-2015-do-prazo-de-regularizacao-de-dividas-de-taxas-de-portagens\/","url":"https:\/\/www.valadascoriel.com\/pt-pt\/prolongamento-ate-15-de-outubro-de-2015-do-prazo-de-regularizacao-de-dividas-de-taxas-de-portagens\/","name":"Prolongamento at\u00e9 15 de Outubro de 2015 do prazo de regulariza\u00e7\u00e3o de d\u00edvidas de taxas de portagens - VCA - Valadas Coriel e Associados","isPartOf":{"@id":"https:\/\/www.valadascoriel.com\/#website"},"datePublished":"2015-09-30T09:03:48+00:00","breadcrumb":{"@id":"https:\/\/www.valadascoriel.com\/pt-pt\/prolongamento-ate-15-de-outubro-de-2015-do-prazo-de-regularizacao-de-dividas-de-taxas-de-portagens\/#breadcrumb"},"inLanguage":"pt-PT","potentialAction":[{"@type":"ReadAction","target":["https:\/\/www.valadascoriel.com\/pt-pt\/prolongamento-ate-15-de-outubro-de-2015-do-prazo-de-regularizacao-de-dividas-de-taxas-de-portagens\/"]}]},{"@type":"BreadcrumbList","@id":"https:\/\/www.valadascoriel.com\/pt-pt\/prolongamento-ate-15-de-outubro-de-2015-do-prazo-de-regularizacao-de-dividas-de-taxas-de-portagens\/#breadcrumb","itemListElement":[{"@type":"ListItem","position":1,"name":"In\u00edcio","item":"https:\/\/www.valadascoriel.com\/pt-pt\/"},{"@type":"ListItem","position":2,"name":"Prolongamento at\u00e9 15 de Outubro de 2015 do prazo de regulariza\u00e7\u00e3o de d\u00edvidas de taxas de portagens"}]},{"@type":"WebSite","@id":"https:\/\/www.valadascoriel.com\/#website","url":"https:\/\/www.valadascoriel.com\/","name":"Valadas Coriel & Associados","description":"A versatile legal firm combining experience, expertise &amp; creativity.","publisher":{"@id":"https:\/\/www.valadascoriel.com\/#organization"},"potentialAction":[{"@type":"SearchAction","target":{"@type":"EntryPoint","urlTemplate":"https:\/\/www.valadascoriel.com\/?s={search_term_string}"},"query-input":{"@type":"PropertyValueSpecification","valueRequired":true,"valueName":"search_term_string"}}],"inLanguage":"pt-PT"},{"@type":"Organization","@id":"https:\/\/www.valadascoriel.com\/#organization","name":"Valadas Coriel & Associados","alternateName":"VCA","url":"https:\/\/www.valadascoriel.com\/","logo":{"@type":"ImageObject","inLanguage":"pt-PT","@id":"https:\/\/www.valadascoriel.com\/#\/schema\/logo\/image\/","url":"https:\/\/www.valadascoriel.com\/wp-content\/uploads\/2023\/03\/cropped-favicon-1.png","contentUrl":"https:\/\/www.valadascoriel.com\/wp-content\/uploads\/2023\/03\/cropped-favicon-1.png","width":512,"height":512,"caption":"Valadas Coriel & Associados"},"image":{"@id":"https:\/\/www.valadascoriel.com\/#\/schema\/logo\/image\/"},"sameAs":["https:\/\/www.facebook.com\/ValadasCoriel\/","https:\/\/x.com\/valadascoriel","https:\/\/pt.linkedin.com\/company\/vca-valadas-coriel-associados","https:\/\/www.youtube.com\/channel\/UCic8dCFjoTtH5u890aEcW5Q"]},{"@type":"Person","@id":"https:\/\/www.valadascoriel.com\/#\/schema\/person\/6ba1827f709aa9af93f196dd3033f105","name":"Valadas","image":{"@type":"ImageObject","inLanguage":"pt-PT","@id":"https:\/\/www.valadascoriel.com\/#\/schema\/person\/image\/","url":"https:\/\/secure.gravatar.com\/avatar\/27e8efbc4ac63294d5dfdcb8755f8b498edda75901f3d068684f10f93bac11ce?s=96&d=mm&r=g","contentUrl":"https:\/\/secure.gravatar.com\/avatar\/27e8efbc4ac63294d5dfdcb8755f8b498edda75901f3d068684f10f93bac11ce?s=96&d=mm&r=g","caption":"Valadas"},"url":"https:\/\/www.valadascoriel.com\/pt-pt\/author\/tgadmin\/"}]}},"_links":{"self":[{"href":"https:\/\/www.valadascoriel.com\/pt-pt\/wp-json\/wp\/v2\/posts\/7998","targetHints":{"allow":["GET"]}}],"collection":[{"href":"https:\/\/www.valadascoriel.com\/pt-pt\/wp-json\/wp\/v2\/posts"}],"about":[{"href":"https:\/\/www.valadascoriel.com\/pt-pt\/wp-json\/wp\/v2\/types\/post"}],"author":[{"embeddable":true,"href":"https:\/\/www.valadascoriel.com\/pt-pt\/wp-json\/wp\/v2\/users\/2"}],"replies":[{"embeddable":true,"href":"https:\/\/www.valadascoriel.com\/pt-pt\/wp-json\/wp\/v2\/comments?post=7998"}],"version-history":[{"count":0,"href":"https:\/\/www.valadascoriel.com\/pt-pt\/wp-json\/wp\/v2\/posts\/7998\/revisions"}],"wp:attachment":[{"href":"https:\/\/www.valadascoriel.com\/pt-pt\/wp-json\/wp\/v2\/media?parent=7998"}],"wp:term":[{"taxonomy":"category","embeddable":true,"href":"https:\/\/www.valadascoriel.com\/pt-pt\/wp-json\/wp\/v2\/categories?post=7998"},{"taxonomy":"post_tag","embeddable":true,"href":"https:\/\/www.valadascoriel.com\/pt-pt\/wp-json\/wp\/v2\/tags?post=7998"}],"curies":[{"name":"wp","href":"https:\/\/api.w.org\/{rel}","templated":true}]}}