{"id":8002,"date":"2016-01-21T16:09:02","date_gmt":"2016-01-21T16:09:02","guid":{"rendered":"https:\/\/odin.valadascoriel.com\/fim-do-sigilo-bancario-a-nivel-global\/"},"modified":"2016-01-21T16:09:02","modified_gmt":"2016-01-21T16:09:02","slug":"fim-do-sigilo-bancario-a-nivel-global","status":"publish","type":"post","link":"https:\/\/www.valadascoriel.com\/pt-pt\/fim-do-sigilo-bancario-a-nivel-global\/","title":{"rendered":"Fim do sigilo banc\u00e1rio a n\u00edvel global"},"content":{"rendered":"<p>&nbsp;<\/p>\n<p>A partir de 1 de Janeiro de 2016 entrou em vigor o CRS (Common Reporting Standard), um regime desenvolvido pela Organiza\u00e7\u00e3o para a Coopera\u00e7\u00e3o de Desenvolvimento Econ\u00f3mico (\u201cOCDE\u201d) com o objetivo de combater a fraude e evas\u00e3o fiscal transfronteiri\u00e7a a n\u00edvel mundial, incidindo sobre patrim\u00f3nio e rendimentos ou outros ganhos de investimentos obtidos em pa\u00edses diferentes da resid\u00eancia fiscal do contribuinte.<\/p>\n<p>A troca autom\u00e1tica de informa\u00e7\u00f5es financeiras \u00e9 o come\u00e7o do fim do sigilo banc\u00e1rio a n\u00edvel global, tendo mais de 100 pa\u00edses, alguns considerados de \u201cpara\u00edsos fiscais\u201d como por exemplo as Ilhas Cayman, British Virgin Islands, Ilha de Man, entre outros, j\u00e1 confirmado a sua ades\u00e3o e havendo expectativa de que muitos mais ir\u00e3o aderir.<\/p>\n<p>A partir de 2017 e relativamente ao ano fiscal de 2016, todos os Bancos e Institui\u00e7\u00f5es Financeiras sediadas em Portugal, ter\u00e3o a obriga\u00e7\u00e3o de identificar e reportar \u00e0s autoridades tribut\u00e1rias portuguesas informa\u00e7\u00f5es de natureza fiscal sobre os seus Clientes que residam para efeitos fiscais em qualquer dos pa\u00edses subscritores do CRS.<\/p>\n<p>Para mais informa\u00e7\u00f5es por favor n\u00e3o hesite em contactar-nos.<\/p>\n","protected":false},"excerpt":{"rendered":"<p>&nbsp; A partir de 1 de Janeiro de 2016 entrou em vigor o CRS (Common Reporting Standard), um regime desenvolvido pela Organiza\u00e7\u00e3o para a Coopera\u00e7\u00e3o de Desenvolvimento Econ\u00f3mico (\u201cOCDE\u201d) com o objetivo de combater a fraude e evas\u00e3o fiscal transfronteiri\u00e7a a n\u00edvel mundial, incidindo sobre patrim\u00f3nio e rendimentos ou outros ganhos de investimentos obtidos em [&hellip;]<\/p>\n","protected":false},"author":2,"featured_media":0,"comment_status":"open","ping_status":"closed","sticky":false,"template":"","format":"standard","meta":{"content-type":"","footnotes":""},"categories":[24,26],"tags":[],"class_list":["post-8002","post","type-post","status-publish","format-standard","hentry","category-noticias-e-insights","category-a-sociedade"],"yoast_head":"<!-- This site is optimized with the Yoast SEO Premium plugin v21.3 (Yoast SEO v26.1.1) - https:\/\/yoast.com\/wordpress\/plugins\/seo\/ -->\n<title>Fim do sigilo banc\u00e1rio a n\u00edvel global - VCA - Valadas Coriel e Associados<\/title>\n<meta name=\"robots\" content=\"index, follow, max-snippet:-1, max-image-preview:large, max-video-preview:-1\" \/>\n<link rel=\"canonical\" href=\"https:\/\/www.valadascoriel.com\/pt-pt\/fim-do-sigilo-bancario-a-nivel-global\/\" \/>\n<meta property=\"og:locale\" content=\"pt_PT\" \/>\n<meta property=\"og:type\" content=\"article\" \/>\n<meta property=\"og:title\" content=\"Fim do sigilo banc\u00e1rio a n\u00edvel global\" \/>\n<meta property=\"og:description\" content=\"&nbsp; A partir de 1 de Janeiro de 2016 entrou em vigor o CRS (Common Reporting Standard), um regime desenvolvido pela Organiza\u00e7\u00e3o para a Coopera\u00e7\u00e3o de Desenvolvimento Econ\u00f3mico (\u201cOCDE\u201d) com o objetivo de combater a fraude e evas\u00e3o fiscal transfronteiri\u00e7a a n\u00edvel mundial, incidindo sobre patrim\u00f3nio e rendimentos ou outros ganhos de investimentos obtidos em [&hellip;]\" \/>\n<meta property=\"og:url\" content=\"https:\/\/www.valadascoriel.com\/pt-pt\/fim-do-sigilo-bancario-a-nivel-global\/\" \/>\n<meta property=\"og:site_name\" content=\"VCA - Valadas Coriel e Associados\" \/>\n<meta property=\"article:publisher\" content=\"https:\/\/www.facebook.com\/ValadasCoriel\/\" \/>\n<meta property=\"article:published_time\" content=\"2016-01-21T16:09:02+00:00\" \/>\n<meta name=\"author\" content=\"Valadas\" \/>\n<meta name=\"twitter:card\" content=\"summary_large_image\" \/>\n<meta name=\"twitter:creator\" content=\"@valadascoriel\" \/>\n<meta name=\"twitter:site\" content=\"@valadascoriel\" \/>\n<meta name=\"twitter:label1\" content=\"Escrito por\" \/>\n\t<meta name=\"twitter:data1\" content=\"Valadas\" \/>\n\t<meta name=\"twitter:label2\" content=\"Tempo estimado de leitura\" \/>\n\t<meta name=\"twitter:data2\" content=\"1 minuto\" \/>\n<script type=\"application\/ld+json\" class=\"yoast-schema-graph\">{\"@context\":\"https:\/\/schema.org\",\"@graph\":[{\"@type\":\"Article\",\"@id\":\"https:\/\/www.valadascoriel.com\/pt-pt\/fim-do-sigilo-bancario-a-nivel-global\/#article\",\"isPartOf\":{\"@id\":\"https:\/\/www.valadascoriel.com\/pt-pt\/fim-do-sigilo-bancario-a-nivel-global\/\"},\"author\":{\"name\":\"Valadas\",\"@id\":\"https:\/\/www.valadascoriel.com\/#\/schema\/person\/6ba1827f709aa9af93f196dd3033f105\"},\"headline\":\"Fim do sigilo banc\u00e1rio a n\u00edvel global\",\"datePublished\":\"2016-01-21T16:09:02+00:00\",\"mainEntityOfPage\":{\"@id\":\"https:\/\/www.valadascoriel.com\/pt-pt\/fim-do-sigilo-bancario-a-nivel-global\/\"},\"wordCount\":206,\"commentCount\":0,\"publisher\":{\"@id\":\"https:\/\/www.valadascoriel.com\/#organization\"},\"articleSection\":[\"Not\u00edcias &amp; Insights\",\"A Sociedade\"],\"inLanguage\":\"pt-PT\",\"potentialAction\":[{\"@type\":\"CommentAction\",\"name\":\"Comment\",\"target\":[\"https:\/\/www.valadascoriel.com\/pt-pt\/fim-do-sigilo-bancario-a-nivel-global\/#respond\"]}]},{\"@type\":\"WebPage\",\"@id\":\"https:\/\/www.valadascoriel.com\/pt-pt\/fim-do-sigilo-bancario-a-nivel-global\/\",\"url\":\"https:\/\/www.valadascoriel.com\/pt-pt\/fim-do-sigilo-bancario-a-nivel-global\/\",\"name\":\"Fim do sigilo banc\u00e1rio a n\u00edvel global - VCA - Valadas Coriel e Associados\",\"isPartOf\":{\"@id\":\"https:\/\/www.valadascoriel.com\/#website\"},\"datePublished\":\"2016-01-21T16:09:02+00:00\",\"breadcrumb\":{\"@id\":\"https:\/\/www.valadascoriel.com\/pt-pt\/fim-do-sigilo-bancario-a-nivel-global\/#breadcrumb\"},\"inLanguage\":\"pt-PT\",\"potentialAction\":[{\"@type\":\"ReadAction\",\"target\":[\"https:\/\/www.valadascoriel.com\/pt-pt\/fim-do-sigilo-bancario-a-nivel-global\/\"]}]},{\"@type\":\"BreadcrumbList\",\"@id\":\"https:\/\/www.valadascoriel.com\/pt-pt\/fim-do-sigilo-bancario-a-nivel-global\/#breadcrumb\",\"itemListElement\":[{\"@type\":\"ListItem\",\"position\":1,\"name\":\"In\u00edcio\",\"item\":\"https:\/\/www.valadascoriel.com\/pt-pt\/\"},{\"@type\":\"ListItem\",\"position\":2,\"name\":\"Fim do sigilo banc\u00e1rio a n\u00edvel global\"}]},{\"@type\":\"WebSite\",\"@id\":\"https:\/\/www.valadascoriel.com\/#website\",\"url\":\"https:\/\/www.valadascoriel.com\/\",\"name\":\"Valadas Coriel & Associados\",\"description\":\"A versatile legal firm combining experience, expertise &amp; creativity.\",\"publisher\":{\"@id\":\"https:\/\/www.valadascoriel.com\/#organization\"},\"potentialAction\":[{\"@type\":\"SearchAction\",\"target\":{\"@type\":\"EntryPoint\",\"urlTemplate\":\"https:\/\/www.valadascoriel.com\/?s={search_term_string}\"},\"query-input\":{\"@type\":\"PropertyValueSpecification\",\"valueRequired\":true,\"valueName\":\"search_term_string\"}}],\"inLanguage\":\"pt-PT\"},{\"@type\":\"Organization\",\"@id\":\"https:\/\/www.valadascoriel.com\/#organization\",\"name\":\"Valadas Coriel & Associados\",\"alternateName\":\"VCA\",\"url\":\"https:\/\/www.valadascoriel.com\/\",\"logo\":{\"@type\":\"ImageObject\",\"inLanguage\":\"pt-PT\",\"@id\":\"https:\/\/www.valadascoriel.com\/#\/schema\/logo\/image\/\",\"url\":\"https:\/\/www.valadascoriel.com\/wp-content\/uploads\/2023\/03\/cropped-favicon-1.png\",\"contentUrl\":\"https:\/\/www.valadascoriel.com\/wp-content\/uploads\/2023\/03\/cropped-favicon-1.png\",\"width\":512,\"height\":512,\"caption\":\"Valadas Coriel & Associados\"},\"image\":{\"@id\":\"https:\/\/www.valadascoriel.com\/#\/schema\/logo\/image\/\"},\"sameAs\":[\"https:\/\/www.facebook.com\/ValadasCoriel\/\",\"https:\/\/x.com\/valadascoriel\",\"https:\/\/pt.linkedin.com\/company\/vca-valadas-coriel-associados\",\"https:\/\/www.youtube.com\/channel\/UCic8dCFjoTtH5u890aEcW5Q\"]},{\"@type\":\"Person\",\"@id\":\"https:\/\/www.valadascoriel.com\/#\/schema\/person\/6ba1827f709aa9af93f196dd3033f105\",\"name\":\"Valadas\",\"image\":{\"@type\":\"ImageObject\",\"inLanguage\":\"pt-PT\",\"@id\":\"https:\/\/www.valadascoriel.com\/#\/schema\/person\/image\/\",\"url\":\"https:\/\/secure.gravatar.com\/avatar\/27e8efbc4ac63294d5dfdcb8755f8b498edda75901f3d068684f10f93bac11ce?s=96&d=mm&r=g\",\"contentUrl\":\"https:\/\/secure.gravatar.com\/avatar\/27e8efbc4ac63294d5dfdcb8755f8b498edda75901f3d068684f10f93bac11ce?s=96&d=mm&r=g\",\"caption\":\"Valadas\"},\"url\":\"https:\/\/www.valadascoriel.com\/pt-pt\/author\/tgadmin\/\"}]}<\/script>\n<!-- \/ Yoast SEO Premium plugin. -->","yoast_head_json":{"title":"Fim do sigilo banc\u00e1rio a n\u00edvel global - VCA - Valadas Coriel e Associados","robots":{"index":"index","follow":"follow","max-snippet":"max-snippet:-1","max-image-preview":"max-image-preview:large","max-video-preview":"max-video-preview:-1"},"canonical":"https:\/\/www.valadascoriel.com\/pt-pt\/fim-do-sigilo-bancario-a-nivel-global\/","og_locale":"pt_PT","og_type":"article","og_title":"Fim do sigilo banc\u00e1rio a n\u00edvel global","og_description":"&nbsp; A partir de 1 de Janeiro de 2016 entrou em vigor o CRS (Common Reporting Standard), um regime desenvolvido pela Organiza\u00e7\u00e3o para a Coopera\u00e7\u00e3o de Desenvolvimento Econ\u00f3mico (\u201cOCDE\u201d) com o objetivo de combater a fraude e evas\u00e3o fiscal transfronteiri\u00e7a a n\u00edvel mundial, incidindo sobre patrim\u00f3nio e rendimentos ou outros ganhos de investimentos obtidos em [&hellip;]","og_url":"https:\/\/www.valadascoriel.com\/pt-pt\/fim-do-sigilo-bancario-a-nivel-global\/","og_site_name":"VCA - Valadas Coriel e Associados","article_publisher":"https:\/\/www.facebook.com\/ValadasCoriel\/","article_published_time":"2016-01-21T16:09:02+00:00","author":"Valadas","twitter_card":"summary_large_image","twitter_creator":"@valadascoriel","twitter_site":"@valadascoriel","twitter_misc":{"Escrito por":"Valadas","Tempo estimado de leitura":"1 minuto"},"schema":{"@context":"https:\/\/schema.org","@graph":[{"@type":"Article","@id":"https:\/\/www.valadascoriel.com\/pt-pt\/fim-do-sigilo-bancario-a-nivel-global\/#article","isPartOf":{"@id":"https:\/\/www.valadascoriel.com\/pt-pt\/fim-do-sigilo-bancario-a-nivel-global\/"},"author":{"name":"Valadas","@id":"https:\/\/www.valadascoriel.com\/#\/schema\/person\/6ba1827f709aa9af93f196dd3033f105"},"headline":"Fim do sigilo banc\u00e1rio a n\u00edvel global","datePublished":"2016-01-21T16:09:02+00:00","mainEntityOfPage":{"@id":"https:\/\/www.valadascoriel.com\/pt-pt\/fim-do-sigilo-bancario-a-nivel-global\/"},"wordCount":206,"commentCount":0,"publisher":{"@id":"https:\/\/www.valadascoriel.com\/#organization"},"articleSection":["Not\u00edcias &amp; Insights","A Sociedade"],"inLanguage":"pt-PT","potentialAction":[{"@type":"CommentAction","name":"Comment","target":["https:\/\/www.valadascoriel.com\/pt-pt\/fim-do-sigilo-bancario-a-nivel-global\/#respond"]}]},{"@type":"WebPage","@id":"https:\/\/www.valadascoriel.com\/pt-pt\/fim-do-sigilo-bancario-a-nivel-global\/","url":"https:\/\/www.valadascoriel.com\/pt-pt\/fim-do-sigilo-bancario-a-nivel-global\/","name":"Fim do sigilo banc\u00e1rio a n\u00edvel global - VCA - Valadas Coriel e Associados","isPartOf":{"@id":"https:\/\/www.valadascoriel.com\/#website"},"datePublished":"2016-01-21T16:09:02+00:00","breadcrumb":{"@id":"https:\/\/www.valadascoriel.com\/pt-pt\/fim-do-sigilo-bancario-a-nivel-global\/#breadcrumb"},"inLanguage":"pt-PT","potentialAction":[{"@type":"ReadAction","target":["https:\/\/www.valadascoriel.com\/pt-pt\/fim-do-sigilo-bancario-a-nivel-global\/"]}]},{"@type":"BreadcrumbList","@id":"https:\/\/www.valadascoriel.com\/pt-pt\/fim-do-sigilo-bancario-a-nivel-global\/#breadcrumb","itemListElement":[{"@type":"ListItem","position":1,"name":"In\u00edcio","item":"https:\/\/www.valadascoriel.com\/pt-pt\/"},{"@type":"ListItem","position":2,"name":"Fim do sigilo banc\u00e1rio a n\u00edvel global"}]},{"@type":"WebSite","@id":"https:\/\/www.valadascoriel.com\/#website","url":"https:\/\/www.valadascoriel.com\/","name":"Valadas Coriel & Associados","description":"A versatile legal firm combining experience, expertise &amp; creativity.","publisher":{"@id":"https:\/\/www.valadascoriel.com\/#organization"},"potentialAction":[{"@type":"SearchAction","target":{"@type":"EntryPoint","urlTemplate":"https:\/\/www.valadascoriel.com\/?s={search_term_string}"},"query-input":{"@type":"PropertyValueSpecification","valueRequired":true,"valueName":"search_term_string"}}],"inLanguage":"pt-PT"},{"@type":"Organization","@id":"https:\/\/www.valadascoriel.com\/#organization","name":"Valadas Coriel & Associados","alternateName":"VCA","url":"https:\/\/www.valadascoriel.com\/","logo":{"@type":"ImageObject","inLanguage":"pt-PT","@id":"https:\/\/www.valadascoriel.com\/#\/schema\/logo\/image\/","url":"https:\/\/www.valadascoriel.com\/wp-content\/uploads\/2023\/03\/cropped-favicon-1.png","contentUrl":"https:\/\/www.valadascoriel.com\/wp-content\/uploads\/2023\/03\/cropped-favicon-1.png","width":512,"height":512,"caption":"Valadas Coriel & Associados"},"image":{"@id":"https:\/\/www.valadascoriel.com\/#\/schema\/logo\/image\/"},"sameAs":["https:\/\/www.facebook.com\/ValadasCoriel\/","https:\/\/x.com\/valadascoriel","https:\/\/pt.linkedin.com\/company\/vca-valadas-coriel-associados","https:\/\/www.youtube.com\/channel\/UCic8dCFjoTtH5u890aEcW5Q"]},{"@type":"Person","@id":"https:\/\/www.valadascoriel.com\/#\/schema\/person\/6ba1827f709aa9af93f196dd3033f105","name":"Valadas","image":{"@type":"ImageObject","inLanguage":"pt-PT","@id":"https:\/\/www.valadascoriel.com\/#\/schema\/person\/image\/","url":"https:\/\/secure.gravatar.com\/avatar\/27e8efbc4ac63294d5dfdcb8755f8b498edda75901f3d068684f10f93bac11ce?s=96&d=mm&r=g","contentUrl":"https:\/\/secure.gravatar.com\/avatar\/27e8efbc4ac63294d5dfdcb8755f8b498edda75901f3d068684f10f93bac11ce?s=96&d=mm&r=g","caption":"Valadas"},"url":"https:\/\/www.valadascoriel.com\/pt-pt\/author\/tgadmin\/"}]}},"_links":{"self":[{"href":"https:\/\/www.valadascoriel.com\/pt-pt\/wp-json\/wp\/v2\/posts\/8002","targetHints":{"allow":["GET"]}}],"collection":[{"href":"https:\/\/www.valadascoriel.com\/pt-pt\/wp-json\/wp\/v2\/posts"}],"about":[{"href":"https:\/\/www.valadascoriel.com\/pt-pt\/wp-json\/wp\/v2\/types\/post"}],"author":[{"embeddable":true,"href":"https:\/\/www.valadascoriel.com\/pt-pt\/wp-json\/wp\/v2\/users\/2"}],"replies":[{"embeddable":true,"href":"https:\/\/www.valadascoriel.com\/pt-pt\/wp-json\/wp\/v2\/comments?post=8002"}],"version-history":[{"count":0,"href":"https:\/\/www.valadascoriel.com\/pt-pt\/wp-json\/wp\/v2\/posts\/8002\/revisions"}],"wp:attachment":[{"href":"https:\/\/www.valadascoriel.com\/pt-pt\/wp-json\/wp\/v2\/media?parent=8002"}],"wp:term":[{"taxonomy":"category","embeddable":true,"href":"https:\/\/www.valadascoriel.com\/pt-pt\/wp-json\/wp\/v2\/categories?post=8002"},{"taxonomy":"post_tag","embeddable":true,"href":"https:\/\/www.valadascoriel.com\/pt-pt\/wp-json\/wp\/v2\/tags?post=8002"}],"curies":[{"name":"wp","href":"https:\/\/api.w.org\/{rel}","templated":true}]}}