{"id":8015,"date":"2017-01-31T18:15:02","date_gmt":"2017-01-31T18:15:02","guid":{"rendered":"https:\/\/odin.valadascoriel.com\/joao-valadas-coriel-no-evento-ir-global-em-barcelona\/"},"modified":"2017-01-31T18:15:02","modified_gmt":"2017-01-31T18:15:02","slug":"joao-valadas-coriel-no-evento-ir-global-em-barcelona","status":"publish","type":"post","link":"https:\/\/www.valadascoriel.com\/pt-pt\/joao-valadas-coriel-no-evento-ir-global-em-barcelona\/","title":{"rendered":"Jo\u00e3o Valadas Coriel no evento IR Global em Barcelona"},"content":{"rendered":"<p>Jo\u00e3o Valadas Coriel, s\u00f3cio administrador da VCA, e membro do Private Client Committee do <a href=\"https:\/\/irglobal.com\/events\/save-the-date-barcelona-2017-58\">IR Global<\/a>, marcar\u00e1 presen\u00e7a no evento da mesma organiza\u00e7\u00e3o em Barcelona, nos dias 2, 3 e 4 de Fevereiro.<\/p>\n<p>O evento submete-se ao tema \u201cEntrepreneurial Thinking; The changing role of the advisor\u201d, e vai debru\u00e7ar-se sobre o\u00a0modo como\u00a0a IR Global pode posicionar-se na lideran\u00e7a de servi\u00e7os profissionais neste sector.<\/p>\n<p>A IR Global \u00e9 uma rede internacional multidisciplinar que d\u00e1 assist\u00eancia a empresas e particulares em mais de 155 jurisdi\u00e7\u00f5es.<\/p>\n<p><img loading=\"lazy\" decoding=\"async\" class=\"alignleft size-medium wp-image-2542\" src=\"https\/\/www.valadascoriel.com\/wp-content\/uploads\/2017\/01\/content19937000-300x100.jpg\" alt=\"content19937000\" width=\"300\" height=\"100\" \/><\/p>\n","protected":false},"excerpt":{"rendered":"<p>Jo\u00e3o Valadas Coriel, s\u00f3cio administrador da VCA, e membro do Private Client Committee do IR Global, marcar\u00e1 presen\u00e7a no evento da mesma organiza\u00e7\u00e3o em Barcelona, nos dias 2, 3 e 4 de Fevereiro. O evento submete-se ao tema \u201cEntrepreneurial Thinking; The changing role of the advisor\u201d, e vai debru\u00e7ar-se sobre o\u00a0modo como\u00a0a IR Global pode [&hellip;]<\/p>\n","protected":false},"author":2,"featured_media":0,"comment_status":"open","ping_status":"closed","sticky":false,"template":"","format":"standard","meta":{"content-type":"","footnotes":""},"categories":[24,26],"tags":[],"class_list":["post-8015","post","type-post","status-publish","format-standard","hentry","category-noticias-e-insights","category-a-sociedade"],"yoast_head":"<!-- This site is optimized with the Yoast SEO Premium plugin v21.3 (Yoast SEO v26.1.1) - https:\/\/yoast.com\/wordpress\/plugins\/seo\/ -->\n<title>Jo\u00e3o Valadas Coriel no evento IR Global em Barcelona - VCA - Valadas Coriel e Associados<\/title>\n<meta name=\"robots\" content=\"index, follow, max-snippet:-1, max-image-preview:large, max-video-preview:-1\" \/>\n<link rel=\"canonical\" href=\"https:\/\/www.valadascoriel.com\/pt-pt\/joao-valadas-coriel-no-evento-ir-global-em-barcelona\/\" \/>\n<meta property=\"og:locale\" content=\"pt_PT\" \/>\n<meta property=\"og:type\" content=\"article\" \/>\n<meta property=\"og:title\" content=\"Jo\u00e3o Valadas Coriel no evento IR Global em Barcelona\" \/>\n<meta property=\"og:description\" content=\"Jo\u00e3o Valadas Coriel, s\u00f3cio administrador da VCA, e membro do Private Client Committee do IR Global, marcar\u00e1 presen\u00e7a no evento da mesma organiza\u00e7\u00e3o em Barcelona, nos dias 2, 3 e 4 de Fevereiro. O evento submete-se ao tema \u201cEntrepreneurial Thinking; The changing role of the advisor\u201d, e vai debru\u00e7ar-se sobre o\u00a0modo como\u00a0a IR Global pode [&hellip;]\" \/>\n<meta property=\"og:url\" content=\"https:\/\/www.valadascoriel.com\/pt-pt\/joao-valadas-coriel-no-evento-ir-global-em-barcelona\/\" \/>\n<meta property=\"og:site_name\" content=\"VCA - Valadas Coriel e Associados\" \/>\n<meta property=\"article:publisher\" content=\"https:\/\/www.facebook.com\/ValadasCoriel\/\" \/>\n<meta property=\"article:published_time\" content=\"2017-01-31T18:15:02+00:00\" \/>\n<meta name=\"author\" content=\"Valadas\" \/>\n<meta name=\"twitter:card\" content=\"summary_large_image\" \/>\n<meta name=\"twitter:creator\" content=\"@valadascoriel\" \/>\n<meta name=\"twitter:site\" content=\"@valadascoriel\" \/>\n<meta name=\"twitter:label1\" content=\"Escrito por\" \/>\n\t<meta name=\"twitter:data1\" content=\"Valadas\" \/>\n<script type=\"application\/ld+json\" class=\"yoast-schema-graph\">{\"@context\":\"https:\/\/schema.org\",\"@graph\":[{\"@type\":\"Article\",\"@id\":\"https:\/\/www.valadascoriel.com\/pt-pt\/joao-valadas-coriel-no-evento-ir-global-em-barcelona\/#article\",\"isPartOf\":{\"@id\":\"https:\/\/www.valadascoriel.com\/pt-pt\/joao-valadas-coriel-no-evento-ir-global-em-barcelona\/\"},\"author\":{\"name\":\"Valadas\",\"@id\":\"https:\/\/www.valadascoriel.com\/#\/schema\/person\/6ba1827f709aa9af93f196dd3033f105\"},\"headline\":\"Jo\u00e3o Valadas Coriel no evento IR Global em Barcelona\",\"datePublished\":\"2017-01-31T18:15:02+00:00\",\"mainEntityOfPage\":{\"@id\":\"https:\/\/www.valadascoriel.com\/pt-pt\/joao-valadas-coriel-no-evento-ir-global-em-barcelona\/\"},\"wordCount\":99,\"commentCount\":0,\"publisher\":{\"@id\":\"https:\/\/www.valadascoriel.com\/#organization\"},\"articleSection\":[\"Not\u00edcias &amp; Insights\",\"A Sociedade\"],\"inLanguage\":\"pt-PT\",\"potentialAction\":[{\"@type\":\"CommentAction\",\"name\":\"Comment\",\"target\":[\"https:\/\/www.valadascoriel.com\/pt-pt\/joao-valadas-coriel-no-evento-ir-global-em-barcelona\/#respond\"]}]},{\"@type\":\"WebPage\",\"@id\":\"https:\/\/www.valadascoriel.com\/pt-pt\/joao-valadas-coriel-no-evento-ir-global-em-barcelona\/\",\"url\":\"https:\/\/www.valadascoriel.com\/pt-pt\/joao-valadas-coriel-no-evento-ir-global-em-barcelona\/\",\"name\":\"Jo\u00e3o Valadas Coriel no evento IR Global em Barcelona - VCA - Valadas Coriel e Associados\",\"isPartOf\":{\"@id\":\"https:\/\/www.valadascoriel.com\/#website\"},\"datePublished\":\"2017-01-31T18:15:02+00:00\",\"breadcrumb\":{\"@id\":\"https:\/\/www.valadascoriel.com\/pt-pt\/joao-valadas-coriel-no-evento-ir-global-em-barcelona\/#breadcrumb\"},\"inLanguage\":\"pt-PT\",\"potentialAction\":[{\"@type\":\"ReadAction\",\"target\":[\"https:\/\/www.valadascoriel.com\/pt-pt\/joao-valadas-coriel-no-evento-ir-global-em-barcelona\/\"]}]},{\"@type\":\"BreadcrumbList\",\"@id\":\"https:\/\/www.valadascoriel.com\/pt-pt\/joao-valadas-coriel-no-evento-ir-global-em-barcelona\/#breadcrumb\",\"itemListElement\":[{\"@type\":\"ListItem\",\"position\":1,\"name\":\"In\u00edcio\",\"item\":\"https:\/\/www.valadascoriel.com\/pt-pt\/\"},{\"@type\":\"ListItem\",\"position\":2,\"name\":\"Jo\u00e3o Valadas Coriel no evento IR Global em Barcelona\"}]},{\"@type\":\"WebSite\",\"@id\":\"https:\/\/www.valadascoriel.com\/#website\",\"url\":\"https:\/\/www.valadascoriel.com\/\",\"name\":\"Valadas Coriel & Associados\",\"description\":\"A versatile legal firm combining experience, expertise &amp; creativity.\",\"publisher\":{\"@id\":\"https:\/\/www.valadascoriel.com\/#organization\"},\"potentialAction\":[{\"@type\":\"SearchAction\",\"target\":{\"@type\":\"EntryPoint\",\"urlTemplate\":\"https:\/\/www.valadascoriel.com\/?s={search_term_string}\"},\"query-input\":{\"@type\":\"PropertyValueSpecification\",\"valueRequired\":true,\"valueName\":\"search_term_string\"}}],\"inLanguage\":\"pt-PT\"},{\"@type\":\"Organization\",\"@id\":\"https:\/\/www.valadascoriel.com\/#organization\",\"name\":\"Valadas Coriel & Associados\",\"alternateName\":\"VCA\",\"url\":\"https:\/\/www.valadascoriel.com\/\",\"logo\":{\"@type\":\"ImageObject\",\"inLanguage\":\"pt-PT\",\"@id\":\"https:\/\/www.valadascoriel.com\/#\/schema\/logo\/image\/\",\"url\":\"https:\/\/www.valadascoriel.com\/wp-content\/uploads\/2023\/03\/cropped-favicon-1.png\",\"contentUrl\":\"https:\/\/www.valadascoriel.com\/wp-content\/uploads\/2023\/03\/cropped-favicon-1.png\",\"width\":512,\"height\":512,\"caption\":\"Valadas Coriel & Associados\"},\"image\":{\"@id\":\"https:\/\/www.valadascoriel.com\/#\/schema\/logo\/image\/\"},\"sameAs\":[\"https:\/\/www.facebook.com\/ValadasCoriel\/\",\"https:\/\/x.com\/valadascoriel\",\"https:\/\/pt.linkedin.com\/company\/vca-valadas-coriel-associados\",\"https:\/\/www.youtube.com\/channel\/UCic8dCFjoTtH5u890aEcW5Q\"]},{\"@type\":\"Person\",\"@id\":\"https:\/\/www.valadascoriel.com\/#\/schema\/person\/6ba1827f709aa9af93f196dd3033f105\",\"name\":\"Valadas\",\"image\":{\"@type\":\"ImageObject\",\"inLanguage\":\"pt-PT\",\"@id\":\"https:\/\/www.valadascoriel.com\/#\/schema\/person\/image\/\",\"url\":\"https:\/\/secure.gravatar.com\/avatar\/27e8efbc4ac63294d5dfdcb8755f8b498edda75901f3d068684f10f93bac11ce?s=96&d=mm&r=g\",\"contentUrl\":\"https:\/\/secure.gravatar.com\/avatar\/27e8efbc4ac63294d5dfdcb8755f8b498edda75901f3d068684f10f93bac11ce?s=96&d=mm&r=g\",\"caption\":\"Valadas\"},\"url\":\"https:\/\/www.valadascoriel.com\/pt-pt\/author\/tgadmin\/\"}]}<\/script>\n<!-- \/ Yoast SEO Premium plugin. -->","yoast_head_json":{"title":"Jo\u00e3o Valadas Coriel no evento IR Global em Barcelona - VCA - Valadas Coriel e Associados","robots":{"index":"index","follow":"follow","max-snippet":"max-snippet:-1","max-image-preview":"max-image-preview:large","max-video-preview":"max-video-preview:-1"},"canonical":"https:\/\/www.valadascoriel.com\/pt-pt\/joao-valadas-coriel-no-evento-ir-global-em-barcelona\/","og_locale":"pt_PT","og_type":"article","og_title":"Jo\u00e3o Valadas Coriel no evento IR Global em Barcelona","og_description":"Jo\u00e3o Valadas Coriel, s\u00f3cio administrador da VCA, e membro do Private Client Committee do IR Global, marcar\u00e1 presen\u00e7a no evento da mesma organiza\u00e7\u00e3o em Barcelona, nos dias 2, 3 e 4 de Fevereiro. O evento submete-se ao tema \u201cEntrepreneurial Thinking; The changing role of the advisor\u201d, e vai debru\u00e7ar-se sobre o\u00a0modo como\u00a0a IR Global pode [&hellip;]","og_url":"https:\/\/www.valadascoriel.com\/pt-pt\/joao-valadas-coriel-no-evento-ir-global-em-barcelona\/","og_site_name":"VCA - Valadas Coriel e Associados","article_publisher":"https:\/\/www.facebook.com\/ValadasCoriel\/","article_published_time":"2017-01-31T18:15:02+00:00","author":"Valadas","twitter_card":"summary_large_image","twitter_creator":"@valadascoriel","twitter_site":"@valadascoriel","twitter_misc":{"Escrito por":"Valadas"},"schema":{"@context":"https:\/\/schema.org","@graph":[{"@type":"Article","@id":"https:\/\/www.valadascoriel.com\/pt-pt\/joao-valadas-coriel-no-evento-ir-global-em-barcelona\/#article","isPartOf":{"@id":"https:\/\/www.valadascoriel.com\/pt-pt\/joao-valadas-coriel-no-evento-ir-global-em-barcelona\/"},"author":{"name":"Valadas","@id":"https:\/\/www.valadascoriel.com\/#\/schema\/person\/6ba1827f709aa9af93f196dd3033f105"},"headline":"Jo\u00e3o Valadas Coriel no evento IR Global em Barcelona","datePublished":"2017-01-31T18:15:02+00:00","mainEntityOfPage":{"@id":"https:\/\/www.valadascoriel.com\/pt-pt\/joao-valadas-coriel-no-evento-ir-global-em-barcelona\/"},"wordCount":99,"commentCount":0,"publisher":{"@id":"https:\/\/www.valadascoriel.com\/#organization"},"articleSection":["Not\u00edcias &amp; Insights","A Sociedade"],"inLanguage":"pt-PT","potentialAction":[{"@type":"CommentAction","name":"Comment","target":["https:\/\/www.valadascoriel.com\/pt-pt\/joao-valadas-coriel-no-evento-ir-global-em-barcelona\/#respond"]}]},{"@type":"WebPage","@id":"https:\/\/www.valadascoriel.com\/pt-pt\/joao-valadas-coriel-no-evento-ir-global-em-barcelona\/","url":"https:\/\/www.valadascoriel.com\/pt-pt\/joao-valadas-coriel-no-evento-ir-global-em-barcelona\/","name":"Jo\u00e3o Valadas Coriel no evento IR Global em Barcelona - VCA - Valadas Coriel e Associados","isPartOf":{"@id":"https:\/\/www.valadascoriel.com\/#website"},"datePublished":"2017-01-31T18:15:02+00:00","breadcrumb":{"@id":"https:\/\/www.valadascoriel.com\/pt-pt\/joao-valadas-coriel-no-evento-ir-global-em-barcelona\/#breadcrumb"},"inLanguage":"pt-PT","potentialAction":[{"@type":"ReadAction","target":["https:\/\/www.valadascoriel.com\/pt-pt\/joao-valadas-coriel-no-evento-ir-global-em-barcelona\/"]}]},{"@type":"BreadcrumbList","@id":"https:\/\/www.valadascoriel.com\/pt-pt\/joao-valadas-coriel-no-evento-ir-global-em-barcelona\/#breadcrumb","itemListElement":[{"@type":"ListItem","position":1,"name":"In\u00edcio","item":"https:\/\/www.valadascoriel.com\/pt-pt\/"},{"@type":"ListItem","position":2,"name":"Jo\u00e3o Valadas Coriel no evento IR Global em Barcelona"}]},{"@type":"WebSite","@id":"https:\/\/www.valadascoriel.com\/#website","url":"https:\/\/www.valadascoriel.com\/","name":"Valadas Coriel & Associados","description":"A versatile legal firm combining experience, expertise &amp; creativity.","publisher":{"@id":"https:\/\/www.valadascoriel.com\/#organization"},"potentialAction":[{"@type":"SearchAction","target":{"@type":"EntryPoint","urlTemplate":"https:\/\/www.valadascoriel.com\/?s={search_term_string}"},"query-input":{"@type":"PropertyValueSpecification","valueRequired":true,"valueName":"search_term_string"}}],"inLanguage":"pt-PT"},{"@type":"Organization","@id":"https:\/\/www.valadascoriel.com\/#organization","name":"Valadas Coriel & Associados","alternateName":"VCA","url":"https:\/\/www.valadascoriel.com\/","logo":{"@type":"ImageObject","inLanguage":"pt-PT","@id":"https:\/\/www.valadascoriel.com\/#\/schema\/logo\/image\/","url":"https:\/\/www.valadascoriel.com\/wp-content\/uploads\/2023\/03\/cropped-favicon-1.png","contentUrl":"https:\/\/www.valadascoriel.com\/wp-content\/uploads\/2023\/03\/cropped-favicon-1.png","width":512,"height":512,"caption":"Valadas Coriel & Associados"},"image":{"@id":"https:\/\/www.valadascoriel.com\/#\/schema\/logo\/image\/"},"sameAs":["https:\/\/www.facebook.com\/ValadasCoriel\/","https:\/\/x.com\/valadascoriel","https:\/\/pt.linkedin.com\/company\/vca-valadas-coriel-associados","https:\/\/www.youtube.com\/channel\/UCic8dCFjoTtH5u890aEcW5Q"]},{"@type":"Person","@id":"https:\/\/www.valadascoriel.com\/#\/schema\/person\/6ba1827f709aa9af93f196dd3033f105","name":"Valadas","image":{"@type":"ImageObject","inLanguage":"pt-PT","@id":"https:\/\/www.valadascoriel.com\/#\/schema\/person\/image\/","url":"https:\/\/secure.gravatar.com\/avatar\/27e8efbc4ac63294d5dfdcb8755f8b498edda75901f3d068684f10f93bac11ce?s=96&d=mm&r=g","contentUrl":"https:\/\/secure.gravatar.com\/avatar\/27e8efbc4ac63294d5dfdcb8755f8b498edda75901f3d068684f10f93bac11ce?s=96&d=mm&r=g","caption":"Valadas"},"url":"https:\/\/www.valadascoriel.com\/pt-pt\/author\/tgadmin\/"}]}},"_links":{"self":[{"href":"https:\/\/www.valadascoriel.com\/pt-pt\/wp-json\/wp\/v2\/posts\/8015","targetHints":{"allow":["GET"]}}],"collection":[{"href":"https:\/\/www.valadascoriel.com\/pt-pt\/wp-json\/wp\/v2\/posts"}],"about":[{"href":"https:\/\/www.valadascoriel.com\/pt-pt\/wp-json\/wp\/v2\/types\/post"}],"author":[{"embeddable":true,"href":"https:\/\/www.valadascoriel.com\/pt-pt\/wp-json\/wp\/v2\/users\/2"}],"replies":[{"embeddable":true,"href":"https:\/\/www.valadascoriel.com\/pt-pt\/wp-json\/wp\/v2\/comments?post=8015"}],"version-history":[{"count":0,"href":"https:\/\/www.valadascoriel.com\/pt-pt\/wp-json\/wp\/v2\/posts\/8015\/revisions"}],"wp:attachment":[{"href":"https:\/\/www.valadascoriel.com\/pt-pt\/wp-json\/wp\/v2\/media?parent=8015"}],"wp:term":[{"taxonomy":"category","embeddable":true,"href":"https:\/\/www.valadascoriel.com\/pt-pt\/wp-json\/wp\/v2\/categories?post=8015"},{"taxonomy":"post_tag","embeddable":true,"href":"https:\/\/www.valadascoriel.com\/pt-pt\/wp-json\/wp\/v2\/tags?post=8015"}],"curies":[{"name":"wp","href":"https:\/\/api.w.org\/{rel}","templated":true}]}}