{"id":8035,"date":"2018-01-23T18:20:49","date_gmt":"2018-01-23T18:20:49","guid":{"rendered":"https:\/\/odin.valadascoriel.com\/valadas-coriel-desde-2003-na-saga-que-levou-a-abertura-do-hotel-palacio-de-verride-santa-catarina-o-melhor-pequeno-hotel-de-lisboa\/"},"modified":"2018-01-23T18:20:49","modified_gmt":"2018-01-23T18:20:49","slug":"valadas-coriel-desde-2003-na-saga-que-levou-a-abertura-do-hotel-palacio-de-verride-santa-catarina-o-melhor-pequeno-hotel-de-lisboa","status":"publish","type":"post","link":"https:\/\/www.valadascoriel.com\/pt-pt\/valadas-coriel-desde-2003-na-saga-que-levou-a-abertura-do-hotel-palacio-de-verride-santa-catarina-o-melhor-pequeno-hotel-de-lisboa\/","title":{"rendered":"Valadas Coriel desde 2003 na saga que levou \u00e0 abertura do Hotel Pal\u00e1cio de Verride Santa Catarina, o melhor pequeno hotel de Lisboa"},"content":{"rendered":"<p>O hotel Verride Pal\u00e1cio Santa Catarina abriu final e oficialmente no passado fim de semana.<\/p>\n<p>Dois dias de festa neste Pal\u00e1cio recuperado no Miradouro de Santa Catarina, com muitos amigos, entre outros Gisela Jo\u00e3o, M\u00edsia, Anne Therese de Kersmaeker, Jorge Salavisa, \u00a0Lu\u00edsa Taveira e ainda de Ana Mendes Godinho, secret\u00e1ria de Estado do Turismo, Fernando Medina e Duarte Cordeiro, Presidente e Vice-Presidente da C\u00e2mara Municipal de Lisboa, Catarina Vaz Pinto, Vereadora da Cultura, Lu\u00eds Ara\u00fajo, presidente do Turismo de Portugal, Rui Vilar, Chairman da Caixa Geral de Dep\u00f3sitos e ainda, Najib Balala, Ministro do Turismo do Qu\u00e9nia e embaixadores da Rom\u00e9nia, da \u00ecndia, da Holanda e da B\u00e9lgica.<\/p>\n<p>A Valadas Coriel &amp; Associados esteve envolvida no projeto desde o in\u00edcio, in\u00edcio este que se apresentou muito pouco auspicioso.<\/p>\n<p>Em 2003, j\u00e1 depois de Contrato-promessa celebrado com a Caixa Geral de Dep\u00f3sitos, a C\u00e2mara Municipal de Lisboa veio exercer o direito de prefer\u00eancia sobre o im\u00f3vel, por raz\u00f5es obscuras e por meios ardilosos. Outra pessoa que n\u00e3o o Kees Eijrond teria baixado os bra\u00e7os perante a conjuga\u00e7\u00e3o de poderes f\u00e1ticos, manobras de bastidores e pura arrog\u00e2ncia que contra ele e este neg\u00f3cio se perfilaram, um verdadeiro roadmap de tudo quanto Portugal tinha de pior.<\/p>\n<p>Durante 10 anos arrastaram-se processos contra a C\u00e2mara Municipal de Lisboa nos Tribunais Administrativos e contra a Caixa Geral de Dep\u00f3sitos nos Tribunais Civis, com vit\u00f3rias sucessivas apesar da resist\u00eancia obstinada dos demandados. Ap\u00f3s muitos volte face e mudan\u00e7a de actores alcan\u00e7ou-se um acordo global e tripartido. \u00a0Embora tivesse j\u00e1 vencido na 1\u00aa inst\u00e2ncia, com mat\u00e9ria de facto assente \u00e0 prova de bala e direito a condizer, Kees Eijrond, preferiu ficar com o Palacete em vez da indemniza\u00e7\u00e3o, restaurando as rela\u00e7\u00f5es com a C\u00e2mara Municipal e a Caixa Geral de Dep\u00f3sitos.<\/p>\n<p>Desde a\u00ed, a Caixa Geral de Dep\u00f3sitos passou a financiadora do projecto e a C\u00e2mara Municipal de Lisboa a \u201cparceira\u201d do projeto nas diversas vicissitudes de licenciamento associadas a um projeto singular numa zona hist\u00f3rica da capital. Tal foi salientado por Kees Eijrond ao dirigir-se aos presidentes da C\u00e2mara e da Caixa, sentados \u00e0 sua mesa.<\/p>\n<p>Hoje, o Verride Pal\u00e1cio Santa Catarina \u00e9 uma realidade e um sucesso. A Valadas Coriel &amp; Associados est\u00e1 orgulhosa em ter contribu\u00eddo para este desfecho, por um lado em ter contribu\u00eddo para oferecer \u00e0 cidade de Lisboa este projeto monumental de recupera\u00e7\u00e3o do patrim\u00f3nio arquitet\u00f3nico e por outro, para n\u00f3s o mais importante, o da Justi\u00e7a ter prevalecido, do cidad\u00e3o comum ter enfrentado e vencido com lealdade a administra\u00e7\u00e3o e os personagens que a manipularam para as suas baixas besonhas.<\/p>\n<p><img loading=\"lazy\" decoding=\"async\" class=\"alignnone size-medium wp-image-6174\" src=\"https:\/\/www.valadascoriel.com\/wp-content\/uploads\/2018\/01\/Santa-Catarina-Verride-300x244.jpg\" alt=\"\" width=\"300\" height=\"244\" \/><\/p>\n","protected":false},"excerpt":{"rendered":"<p>O hotel Verride Pal\u00e1cio Santa Catarina abriu final e oficialmente no passado fim de semana. Dois dias de festa neste Pal\u00e1cio recuperado no Miradouro de Santa Catarina, com muitos amigos, entre outros Gisela Jo\u00e3o, M\u00edsia, Anne Therese de Kersmaeker, Jorge Salavisa, \u00a0Lu\u00edsa Taveira e ainda de Ana Mendes Godinho, secret\u00e1ria de Estado do Turismo, Fernando [&hellip;]<\/p>\n","protected":false},"author":2,"featured_media":0,"comment_status":"open","ping_status":"closed","sticky":false,"template":"","format":"standard","meta":{"content-type":"","footnotes":""},"categories":[24,26],"tags":[],"class_list":["post-8035","post","type-post","status-publish","format-standard","hentry","category-noticias-e-insights","category-a-sociedade"],"yoast_head":"<!-- This site is optimized with the Yoast SEO Premium plugin v21.3 (Yoast SEO v26.1.1) - https:\/\/yoast.com\/wordpress\/plugins\/seo\/ -->\n<title>Valadas Coriel desde 2003 na saga que levou \u00e0 abertura do Hotel Pal\u00e1cio de Verride Santa Catarina, o melhor pequeno hotel de Lisboa - VCA - Valadas Coriel e Associados<\/title>\n<meta name=\"robots\" content=\"index, follow, max-snippet:-1, max-image-preview:large, max-video-preview:-1\" \/>\n<link rel=\"canonical\" href=\"https:\/\/www.valadascoriel.com\/pt-pt\/valadas-coriel-desde-2003-na-saga-que-levou-a-abertura-do-hotel-palacio-de-verride-santa-catarina-o-melhor-pequeno-hotel-de-lisboa\/\" \/>\n<meta property=\"og:locale\" content=\"pt_PT\" \/>\n<meta property=\"og:type\" content=\"article\" \/>\n<meta property=\"og:title\" content=\"Valadas Coriel desde 2003 na saga que levou \u00e0 abertura do Hotel Pal\u00e1cio de Verride Santa Catarina, o melhor pequeno hotel de Lisboa\" \/>\n<meta property=\"og:description\" content=\"O hotel Verride Pal\u00e1cio Santa Catarina abriu final e oficialmente no passado fim de semana. Dois dias de festa neste Pal\u00e1cio recuperado no Miradouro de Santa Catarina, com muitos amigos, entre outros Gisela Jo\u00e3o, M\u00edsia, Anne Therese de Kersmaeker, Jorge Salavisa, \u00a0Lu\u00edsa Taveira e ainda de Ana Mendes Godinho, secret\u00e1ria de Estado do Turismo, Fernando [&hellip;]\" \/>\n<meta property=\"og:url\" content=\"https:\/\/www.valadascoriel.com\/pt-pt\/valadas-coriel-desde-2003-na-saga-que-levou-a-abertura-do-hotel-palacio-de-verride-santa-catarina-o-melhor-pequeno-hotel-de-lisboa\/\" \/>\n<meta property=\"og:site_name\" content=\"VCA - Valadas Coriel e Associados\" \/>\n<meta property=\"article:publisher\" content=\"https:\/\/www.facebook.com\/ValadasCoriel\/\" \/>\n<meta property=\"article:published_time\" content=\"2018-01-23T18:20:49+00:00\" \/>\n<meta property=\"og:image\" content=\"https:\/\/www.valadascoriel.com\/wp-content\/uploads\/2018\/01\/Santa-Catarina-Verride-300x244.jpg\" \/>\n<meta name=\"author\" content=\"Valadas\" \/>\n<meta name=\"twitter:card\" content=\"summary_large_image\" \/>\n<meta name=\"twitter:creator\" content=\"@valadascoriel\" \/>\n<meta name=\"twitter:site\" content=\"@valadascoriel\" \/>\n<meta name=\"twitter:label1\" content=\"Escrito por\" \/>\n\t<meta name=\"twitter:data1\" content=\"Valadas\" \/>\n\t<meta name=\"twitter:label2\" content=\"Tempo estimado de leitura\" \/>\n\t<meta name=\"twitter:data2\" content=\"2 minutos\" \/>\n<script type=\"application\/ld+json\" class=\"yoast-schema-graph\">{\"@context\":\"https:\/\/schema.org\",\"@graph\":[{\"@type\":\"Article\",\"@id\":\"https:\/\/www.valadascoriel.com\/pt-pt\/valadas-coriel-desde-2003-na-saga-que-levou-a-abertura-do-hotel-palacio-de-verride-santa-catarina-o-melhor-pequeno-hotel-de-lisboa\/#article\",\"isPartOf\":{\"@id\":\"https:\/\/www.valadascoriel.com\/pt-pt\/valadas-coriel-desde-2003-na-saga-que-levou-a-abertura-do-hotel-palacio-de-verride-santa-catarina-o-melhor-pequeno-hotel-de-lisboa\/\"},\"author\":{\"name\":\"Valadas\",\"@id\":\"https:\/\/www.valadascoriel.com\/#\/schema\/person\/6ba1827f709aa9af93f196dd3033f105\"},\"headline\":\"Valadas Coriel desde 2003 na saga que levou \u00e0 abertura do Hotel Pal\u00e1cio de Verride Santa Catarina, o melhor pequeno hotel de Lisboa\",\"datePublished\":\"2018-01-23T18:20:49+00:00\",\"mainEntityOfPage\":{\"@id\":\"https:\/\/www.valadascoriel.com\/pt-pt\/valadas-coriel-desde-2003-na-saga-que-levou-a-abertura-do-hotel-palacio-de-verride-santa-catarina-o-melhor-pequeno-hotel-de-lisboa\/\"},\"wordCount\":498,\"commentCount\":0,\"publisher\":{\"@id\":\"https:\/\/www.valadascoriel.com\/#organization\"},\"image\":{\"@id\":\"https:\/\/www.valadascoriel.com\/pt-pt\/valadas-coriel-desde-2003-na-saga-que-levou-a-abertura-do-hotel-palacio-de-verride-santa-catarina-o-melhor-pequeno-hotel-de-lisboa\/#primaryimage\"},\"thumbnailUrl\":\"https:\/\/www.valadascoriel.com\/wp-content\/uploads\/2018\/01\/Santa-Catarina-Verride-300x244.jpg\",\"articleSection\":[\"Not\u00edcias &amp; Insights\",\"A Sociedade\"],\"inLanguage\":\"pt-PT\",\"potentialAction\":[{\"@type\":\"CommentAction\",\"name\":\"Comment\",\"target\":[\"https:\/\/www.valadascoriel.com\/pt-pt\/valadas-coriel-desde-2003-na-saga-que-levou-a-abertura-do-hotel-palacio-de-verride-santa-catarina-o-melhor-pequeno-hotel-de-lisboa\/#respond\"]}]},{\"@type\":\"WebPage\",\"@id\":\"https:\/\/www.valadascoriel.com\/pt-pt\/valadas-coriel-desde-2003-na-saga-que-levou-a-abertura-do-hotel-palacio-de-verride-santa-catarina-o-melhor-pequeno-hotel-de-lisboa\/\",\"url\":\"https:\/\/www.valadascoriel.com\/pt-pt\/valadas-coriel-desde-2003-na-saga-que-levou-a-abertura-do-hotel-palacio-de-verride-santa-catarina-o-melhor-pequeno-hotel-de-lisboa\/\",\"name\":\"Valadas Coriel desde 2003 na saga que levou \u00e0 abertura do Hotel Pal\u00e1cio de Verride Santa Catarina, o melhor pequeno hotel de Lisboa - VCA - Valadas Coriel e Associados\",\"isPartOf\":{\"@id\":\"https:\/\/www.valadascoriel.com\/#website\"},\"primaryImageOfPage\":{\"@id\":\"https:\/\/www.valadascoriel.com\/pt-pt\/valadas-coriel-desde-2003-na-saga-que-levou-a-abertura-do-hotel-palacio-de-verride-santa-catarina-o-melhor-pequeno-hotel-de-lisboa\/#primaryimage\"},\"image\":{\"@id\":\"https:\/\/www.valadascoriel.com\/pt-pt\/valadas-coriel-desde-2003-na-saga-que-levou-a-abertura-do-hotel-palacio-de-verride-santa-catarina-o-melhor-pequeno-hotel-de-lisboa\/#primaryimage\"},\"thumbnailUrl\":\"https:\/\/www.valadascoriel.com\/wp-content\/uploads\/2018\/01\/Santa-Catarina-Verride-300x244.jpg\",\"datePublished\":\"2018-01-23T18:20:49+00:00\",\"breadcrumb\":{\"@id\":\"https:\/\/www.valadascoriel.com\/pt-pt\/valadas-coriel-desde-2003-na-saga-que-levou-a-abertura-do-hotel-palacio-de-verride-santa-catarina-o-melhor-pequeno-hotel-de-lisboa\/#breadcrumb\"},\"inLanguage\":\"pt-PT\",\"potentialAction\":[{\"@type\":\"ReadAction\",\"target\":[\"https:\/\/www.valadascoriel.com\/pt-pt\/valadas-coriel-desde-2003-na-saga-que-levou-a-abertura-do-hotel-palacio-de-verride-santa-catarina-o-melhor-pequeno-hotel-de-lisboa\/\"]}]},{\"@type\":\"ImageObject\",\"inLanguage\":\"pt-PT\",\"@id\":\"https:\/\/www.valadascoriel.com\/pt-pt\/valadas-coriel-desde-2003-na-saga-que-levou-a-abertura-do-hotel-palacio-de-verride-santa-catarina-o-melhor-pequeno-hotel-de-lisboa\/#primaryimage\",\"url\":\"https:\/\/www.valadascoriel.com\/wp-content\/uploads\/2018\/01\/Santa-Catarina-Verride-300x244.jpg\",\"contentUrl\":\"https:\/\/www.valadascoriel.com\/wp-content\/uploads\/2018\/01\/Santa-Catarina-Verride-300x244.jpg\"},{\"@type\":\"BreadcrumbList\",\"@id\":\"https:\/\/www.valadascoriel.com\/pt-pt\/valadas-coriel-desde-2003-na-saga-que-levou-a-abertura-do-hotel-palacio-de-verride-santa-catarina-o-melhor-pequeno-hotel-de-lisboa\/#breadcrumb\",\"itemListElement\":[{\"@type\":\"ListItem\",\"position\":1,\"name\":\"In\u00edcio\",\"item\":\"https:\/\/www.valadascoriel.com\/pt-pt\/\"},{\"@type\":\"ListItem\",\"position\":2,\"name\":\"Valadas Coriel desde 2003 na saga que levou \u00e0 abertura do Hotel Pal\u00e1cio de Verride Santa Catarina, o melhor pequeno hotel de Lisboa\"}]},{\"@type\":\"WebSite\",\"@id\":\"https:\/\/www.valadascoriel.com\/#website\",\"url\":\"https:\/\/www.valadascoriel.com\/\",\"name\":\"Valadas Coriel & Associados\",\"description\":\"A versatile legal firm combining experience, expertise &amp; creativity.\",\"publisher\":{\"@id\":\"https:\/\/www.valadascoriel.com\/#organization\"},\"potentialAction\":[{\"@type\":\"SearchAction\",\"target\":{\"@type\":\"EntryPoint\",\"urlTemplate\":\"https:\/\/www.valadascoriel.com\/?s={search_term_string}\"},\"query-input\":{\"@type\":\"PropertyValueSpecification\",\"valueRequired\":true,\"valueName\":\"search_term_string\"}}],\"inLanguage\":\"pt-PT\"},{\"@type\":\"Organization\",\"@id\":\"https:\/\/www.valadascoriel.com\/#organization\",\"name\":\"Valadas Coriel & Associados\",\"alternateName\":\"VCA\",\"url\":\"https:\/\/www.valadascoriel.com\/\",\"logo\":{\"@type\":\"ImageObject\",\"inLanguage\":\"pt-PT\",\"@id\":\"https:\/\/www.valadascoriel.com\/#\/schema\/logo\/image\/\",\"url\":\"https:\/\/www.valadascoriel.com\/wp-content\/uploads\/2023\/03\/cropped-favicon-1.png\",\"contentUrl\":\"https:\/\/www.valadascoriel.com\/wp-content\/uploads\/2023\/03\/cropped-favicon-1.png\",\"width\":512,\"height\":512,\"caption\":\"Valadas Coriel & Associados\"},\"image\":{\"@id\":\"https:\/\/www.valadascoriel.com\/#\/schema\/logo\/image\/\"},\"sameAs\":[\"https:\/\/www.facebook.com\/ValadasCoriel\/\",\"https:\/\/x.com\/valadascoriel\",\"https:\/\/pt.linkedin.com\/company\/vca-valadas-coriel-associados\",\"https:\/\/www.youtube.com\/channel\/UCic8dCFjoTtH5u890aEcW5Q\"]},{\"@type\":\"Person\",\"@id\":\"https:\/\/www.valadascoriel.com\/#\/schema\/person\/6ba1827f709aa9af93f196dd3033f105\",\"name\":\"Valadas\",\"image\":{\"@type\":\"ImageObject\",\"inLanguage\":\"pt-PT\",\"@id\":\"https:\/\/www.valadascoriel.com\/#\/schema\/person\/image\/\",\"url\":\"https:\/\/secure.gravatar.com\/avatar\/27e8efbc4ac63294d5dfdcb8755f8b498edda75901f3d068684f10f93bac11ce?s=96&d=mm&r=g\",\"contentUrl\":\"https:\/\/secure.gravatar.com\/avatar\/27e8efbc4ac63294d5dfdcb8755f8b498edda75901f3d068684f10f93bac11ce?s=96&d=mm&r=g\",\"caption\":\"Valadas\"},\"url\":\"https:\/\/www.valadascoriel.com\/pt-pt\/author\/tgadmin\/\"}]}<\/script>\n<!-- \/ Yoast SEO Premium plugin. -->","yoast_head_json":{"title":"Valadas Coriel desde 2003 na saga que levou \u00e0 abertura do Hotel Pal\u00e1cio de Verride Santa Catarina, o melhor pequeno hotel de Lisboa - VCA - Valadas Coriel e Associados","robots":{"index":"index","follow":"follow","max-snippet":"max-snippet:-1","max-image-preview":"max-image-preview:large","max-video-preview":"max-video-preview:-1"},"canonical":"https:\/\/www.valadascoriel.com\/pt-pt\/valadas-coriel-desde-2003-na-saga-que-levou-a-abertura-do-hotel-palacio-de-verride-santa-catarina-o-melhor-pequeno-hotel-de-lisboa\/","og_locale":"pt_PT","og_type":"article","og_title":"Valadas Coriel desde 2003 na saga que levou \u00e0 abertura do Hotel Pal\u00e1cio de Verride Santa Catarina, o melhor pequeno hotel de Lisboa","og_description":"O hotel Verride Pal\u00e1cio Santa Catarina abriu final e oficialmente no passado fim de semana. Dois dias de festa neste Pal\u00e1cio recuperado no Miradouro de Santa Catarina, com muitos amigos, entre outros Gisela Jo\u00e3o, M\u00edsia, Anne Therese de Kersmaeker, Jorge Salavisa, \u00a0Lu\u00edsa Taveira e ainda de Ana Mendes Godinho, secret\u00e1ria de Estado do Turismo, Fernando [&hellip;]","og_url":"https:\/\/www.valadascoriel.com\/pt-pt\/valadas-coriel-desde-2003-na-saga-que-levou-a-abertura-do-hotel-palacio-de-verride-santa-catarina-o-melhor-pequeno-hotel-de-lisboa\/","og_site_name":"VCA - Valadas Coriel e Associados","article_publisher":"https:\/\/www.facebook.com\/ValadasCoriel\/","article_published_time":"2018-01-23T18:20:49+00:00","og_image":[{"url":"https:\/\/www.valadascoriel.com\/wp-content\/uploads\/2018\/01\/Santa-Catarina-Verride-300x244.jpg","type":"","width":"","height":""}],"author":"Valadas","twitter_card":"summary_large_image","twitter_creator":"@valadascoriel","twitter_site":"@valadascoriel","twitter_misc":{"Escrito por":"Valadas","Tempo estimado de leitura":"2 minutos"},"schema":{"@context":"https:\/\/schema.org","@graph":[{"@type":"Article","@id":"https:\/\/www.valadascoriel.com\/pt-pt\/valadas-coriel-desde-2003-na-saga-que-levou-a-abertura-do-hotel-palacio-de-verride-santa-catarina-o-melhor-pequeno-hotel-de-lisboa\/#article","isPartOf":{"@id":"https:\/\/www.valadascoriel.com\/pt-pt\/valadas-coriel-desde-2003-na-saga-que-levou-a-abertura-do-hotel-palacio-de-verride-santa-catarina-o-melhor-pequeno-hotel-de-lisboa\/"},"author":{"name":"Valadas","@id":"https:\/\/www.valadascoriel.com\/#\/schema\/person\/6ba1827f709aa9af93f196dd3033f105"},"headline":"Valadas Coriel desde 2003 na saga que levou \u00e0 abertura do Hotel Pal\u00e1cio de Verride Santa Catarina, o melhor pequeno hotel de Lisboa","datePublished":"2018-01-23T18:20:49+00:00","mainEntityOfPage":{"@id":"https:\/\/www.valadascoriel.com\/pt-pt\/valadas-coriel-desde-2003-na-saga-que-levou-a-abertura-do-hotel-palacio-de-verride-santa-catarina-o-melhor-pequeno-hotel-de-lisboa\/"},"wordCount":498,"commentCount":0,"publisher":{"@id":"https:\/\/www.valadascoriel.com\/#organization"},"image":{"@id":"https:\/\/www.valadascoriel.com\/pt-pt\/valadas-coriel-desde-2003-na-saga-que-levou-a-abertura-do-hotel-palacio-de-verride-santa-catarina-o-melhor-pequeno-hotel-de-lisboa\/#primaryimage"},"thumbnailUrl":"https:\/\/www.valadascoriel.com\/wp-content\/uploads\/2018\/01\/Santa-Catarina-Verride-300x244.jpg","articleSection":["Not\u00edcias &amp; Insights","A Sociedade"],"inLanguage":"pt-PT","potentialAction":[{"@type":"CommentAction","name":"Comment","target":["https:\/\/www.valadascoriel.com\/pt-pt\/valadas-coriel-desde-2003-na-saga-que-levou-a-abertura-do-hotel-palacio-de-verride-santa-catarina-o-melhor-pequeno-hotel-de-lisboa\/#respond"]}]},{"@type":"WebPage","@id":"https:\/\/www.valadascoriel.com\/pt-pt\/valadas-coriel-desde-2003-na-saga-que-levou-a-abertura-do-hotel-palacio-de-verride-santa-catarina-o-melhor-pequeno-hotel-de-lisboa\/","url":"https:\/\/www.valadascoriel.com\/pt-pt\/valadas-coriel-desde-2003-na-saga-que-levou-a-abertura-do-hotel-palacio-de-verride-santa-catarina-o-melhor-pequeno-hotel-de-lisboa\/","name":"Valadas Coriel desde 2003 na saga que levou \u00e0 abertura do Hotel Pal\u00e1cio de Verride Santa Catarina, o melhor pequeno hotel de Lisboa - VCA - Valadas Coriel e Associados","isPartOf":{"@id":"https:\/\/www.valadascoriel.com\/#website"},"primaryImageOfPage":{"@id":"https:\/\/www.valadascoriel.com\/pt-pt\/valadas-coriel-desde-2003-na-saga-que-levou-a-abertura-do-hotel-palacio-de-verride-santa-catarina-o-melhor-pequeno-hotel-de-lisboa\/#primaryimage"},"image":{"@id":"https:\/\/www.valadascoriel.com\/pt-pt\/valadas-coriel-desde-2003-na-saga-que-levou-a-abertura-do-hotel-palacio-de-verride-santa-catarina-o-melhor-pequeno-hotel-de-lisboa\/#primaryimage"},"thumbnailUrl":"https:\/\/www.valadascoriel.com\/wp-content\/uploads\/2018\/01\/Santa-Catarina-Verride-300x244.jpg","datePublished":"2018-01-23T18:20:49+00:00","breadcrumb":{"@id":"https:\/\/www.valadascoriel.com\/pt-pt\/valadas-coriel-desde-2003-na-saga-que-levou-a-abertura-do-hotel-palacio-de-verride-santa-catarina-o-melhor-pequeno-hotel-de-lisboa\/#breadcrumb"},"inLanguage":"pt-PT","potentialAction":[{"@type":"ReadAction","target":["https:\/\/www.valadascoriel.com\/pt-pt\/valadas-coriel-desde-2003-na-saga-que-levou-a-abertura-do-hotel-palacio-de-verride-santa-catarina-o-melhor-pequeno-hotel-de-lisboa\/"]}]},{"@type":"ImageObject","inLanguage":"pt-PT","@id":"https:\/\/www.valadascoriel.com\/pt-pt\/valadas-coriel-desde-2003-na-saga-que-levou-a-abertura-do-hotel-palacio-de-verride-santa-catarina-o-melhor-pequeno-hotel-de-lisboa\/#primaryimage","url":"https:\/\/www.valadascoriel.com\/wp-content\/uploads\/2018\/01\/Santa-Catarina-Verride-300x244.jpg","contentUrl":"https:\/\/www.valadascoriel.com\/wp-content\/uploads\/2018\/01\/Santa-Catarina-Verride-300x244.jpg"},{"@type":"BreadcrumbList","@id":"https:\/\/www.valadascoriel.com\/pt-pt\/valadas-coriel-desde-2003-na-saga-que-levou-a-abertura-do-hotel-palacio-de-verride-santa-catarina-o-melhor-pequeno-hotel-de-lisboa\/#breadcrumb","itemListElement":[{"@type":"ListItem","position":1,"name":"In\u00edcio","item":"https:\/\/www.valadascoriel.com\/pt-pt\/"},{"@type":"ListItem","position":2,"name":"Valadas Coriel desde 2003 na saga que levou \u00e0 abertura do Hotel Pal\u00e1cio de Verride Santa Catarina, o melhor pequeno hotel de Lisboa"}]},{"@type":"WebSite","@id":"https:\/\/www.valadascoriel.com\/#website","url":"https:\/\/www.valadascoriel.com\/","name":"Valadas Coriel & Associados","description":"A versatile legal firm combining experience, expertise &amp; creativity.","publisher":{"@id":"https:\/\/www.valadascoriel.com\/#organization"},"potentialAction":[{"@type":"SearchAction","target":{"@type":"EntryPoint","urlTemplate":"https:\/\/www.valadascoriel.com\/?s={search_term_string}"},"query-input":{"@type":"PropertyValueSpecification","valueRequired":true,"valueName":"search_term_string"}}],"inLanguage":"pt-PT"},{"@type":"Organization","@id":"https:\/\/www.valadascoriel.com\/#organization","name":"Valadas Coriel & Associados","alternateName":"VCA","url":"https:\/\/www.valadascoriel.com\/","logo":{"@type":"ImageObject","inLanguage":"pt-PT","@id":"https:\/\/www.valadascoriel.com\/#\/schema\/logo\/image\/","url":"https:\/\/www.valadascoriel.com\/wp-content\/uploads\/2023\/03\/cropped-favicon-1.png","contentUrl":"https:\/\/www.valadascoriel.com\/wp-content\/uploads\/2023\/03\/cropped-favicon-1.png","width":512,"height":512,"caption":"Valadas Coriel & Associados"},"image":{"@id":"https:\/\/www.valadascoriel.com\/#\/schema\/logo\/image\/"},"sameAs":["https:\/\/www.facebook.com\/ValadasCoriel\/","https:\/\/x.com\/valadascoriel","https:\/\/pt.linkedin.com\/company\/vca-valadas-coriel-associados","https:\/\/www.youtube.com\/channel\/UCic8dCFjoTtH5u890aEcW5Q"]},{"@type":"Person","@id":"https:\/\/www.valadascoriel.com\/#\/schema\/person\/6ba1827f709aa9af93f196dd3033f105","name":"Valadas","image":{"@type":"ImageObject","inLanguage":"pt-PT","@id":"https:\/\/www.valadascoriel.com\/#\/schema\/person\/image\/","url":"https:\/\/secure.gravatar.com\/avatar\/27e8efbc4ac63294d5dfdcb8755f8b498edda75901f3d068684f10f93bac11ce?s=96&d=mm&r=g","contentUrl":"https:\/\/secure.gravatar.com\/avatar\/27e8efbc4ac63294d5dfdcb8755f8b498edda75901f3d068684f10f93bac11ce?s=96&d=mm&r=g","caption":"Valadas"},"url":"https:\/\/www.valadascoriel.com\/pt-pt\/author\/tgadmin\/"}]}},"_links":{"self":[{"href":"https:\/\/www.valadascoriel.com\/pt-pt\/wp-json\/wp\/v2\/posts\/8035","targetHints":{"allow":["GET"]}}],"collection":[{"href":"https:\/\/www.valadascoriel.com\/pt-pt\/wp-json\/wp\/v2\/posts"}],"about":[{"href":"https:\/\/www.valadascoriel.com\/pt-pt\/wp-json\/wp\/v2\/types\/post"}],"author":[{"embeddable":true,"href":"https:\/\/www.valadascoriel.com\/pt-pt\/wp-json\/wp\/v2\/users\/2"}],"replies":[{"embeddable":true,"href":"https:\/\/www.valadascoriel.com\/pt-pt\/wp-json\/wp\/v2\/comments?post=8035"}],"version-history":[{"count":0,"href":"https:\/\/www.valadascoriel.com\/pt-pt\/wp-json\/wp\/v2\/posts\/8035\/revisions"}],"wp:attachment":[{"href":"https:\/\/www.valadascoriel.com\/pt-pt\/wp-json\/wp\/v2\/media?parent=8035"}],"wp:term":[{"taxonomy":"category","embeddable":true,"href":"https:\/\/www.valadascoriel.com\/pt-pt\/wp-json\/wp\/v2\/categories?post=8035"},{"taxonomy":"post_tag","embeddable":true,"href":"https:\/\/www.valadascoriel.com\/pt-pt\/wp-json\/wp\/v2\/tags?post=8035"}],"curies":[{"name":"wp","href":"https:\/\/api.w.org\/{rel}","templated":true}]}}