{"id":8226,"date":"1970-01-01T00:00:00","date_gmt":"1970-01-01T00:00:00","guid":{"rendered":"https:\/\/odin.valadascoriel.com\/alerta-legal-medida-de-compensacao-ao-aumento-do-valor-da-retribuicao-minima-mensal-garantida\/"},"modified":"1970-01-01T00:00:00","modified_gmt":"1970-01-01T00:00:00","slug":"alerta-legal-medida-de-compensacao-ao-aumento-do-valor-da-retribuicao-minima-mensal-garantida","status":"publish","type":"post","link":"https:\/\/www.valadascoriel.com\/pt-pt\/alerta-legal-medida-de-compensacao-ao-aumento-do-valor-da-retribuicao-minima-mensal-garantida\/","title":{"rendered":"Alerta Legal &#8211; Medida de Compensa\u00e7\u00e3o ao Aumento do Valor da Retribui\u00e7\u00e3o M\u00ednima Mensal Garantida"},"content":{"rendered":"<p>Foi publicado no Di\u00e1rio da Rep\u00fablica o Decreto-Lei n.\u00ba 37\/2021, de 21 de Maio, que cria uma medida excepcional de compensa\u00e7\u00e3o ao aumento do valor da retribui\u00e7\u00e3o m\u00ednima mensal garantida.<\/p>\n<ol>\n<li><strong>Em que consiste a medida?<\/strong><\/li>\n<\/ol>\n<p>Um subs\u00eddio pecuni\u00e1rio atribu\u00eddo ao empregador (seja pessoa colectiva ou pessoa singular com um ou mais trabalhadores ao seu servi\u00e7o) de valor vari\u00e1vel consoante a retribui\u00e7\u00e3o auferia pelo trabalhador no m\u00eas de Dezembro de 2020:<\/p>\n<ul>\n<li><strong>Trabalhadores que na declara\u00e7\u00e3o de remunera\u00e7\u00f5es relativa ao m\u00eas de Dezembro de 2020 aufiram o valor de remunera\u00e7\u00e3o base declarada de \u20ac 635,00 \u2013 subs\u00eddio no montante de \u20ac 84,50 por trabalhador;<\/strong><\/li>\n<li><strong>Trabalhadores que na declara\u00e7\u00e3o de remunera\u00e7\u00f5es relativa ao m\u00eas de Dezembro de 2020 aufiram um valor de remunera\u00e7\u00e3o base declarada superior a \u20ac 635,00 mas inferior a \u20ac 665,00 \u2013 subs\u00eddio no montante de \u20ac 42,25 por trabalhador.<\/strong><\/li>\n<\/ul>\n<p>&nbsp;<\/p>\n<ol start=\"2\">\n<li><strong>Quais as condi\u00e7\u00f5es de acesso?<\/strong><\/li>\n<\/ol>\n<p>&nbsp;<\/p>\n<p>O empregador dever\u00e1 reunir as seguintes condi\u00e7\u00f5es:<\/p>\n<ul>\n<li>Apresentar, na declara\u00e7\u00e3o de remunera\u00e7\u00f5es relativa ao m\u00eas de Dezembro de 2020, um ou mais trabalhadores a tempo completo com valor de remunera\u00e7\u00e3o base declarada de montante igual ou superior a \u20ac 635,00 e inferior a \u20ac 665,00;<\/li>\n<li>Ter, no momento do pagamento do subs\u00eddio, as suas situa\u00e7\u00f5es tribut\u00e1ria e contributiva regularizadas perante a administra\u00e7\u00e3o fiscal e a seguran\u00e7a social.<\/li>\n<\/ul>\n<p>&nbsp;<\/p>\n<ol start=\"3\">\n<li><strong>Pode ser cumulado com outros apoios\/subs\u00eddios?<\/strong><\/li>\n<\/ol>\n<p>&nbsp;<\/p>\n<p>Sim, o subs\u00eddio pode ser cumulado com outros apoios aplic\u00e1veis ao mesmo posto de trabalho, incluindo os concedidos no \u00e2mbito da doen\u00e7a COVID-19.<\/p>\n<p>&nbsp;<\/p>\n<ol start=\"4\">\n<li><strong>Como aceder ao subs\u00eddio?<\/strong><\/li>\n<\/ol>\n<p><strong>\u00a0<\/strong><\/p>\n<p>O acesso ao subs\u00eddio \u00e9 feito atrav\u00e9s de registo dispon\u00edvel nos <em>sites <\/em>do IAPMEI, I.P. e do Turismo de Portugal, I.P..<\/p>\n<p>&nbsp;<\/p>\n<p>O registo dever\u00e1 ser feito na plataforma disponibilizada no <em>site <\/em>do Instituto do Turismo de Portugal, I.P. no caso de empregadores cujas actividades se enquadrem num dos CAE:<\/p>\n<p>&#8211; 551 \u2013 Estabelecimentos hoteleiros;<\/p>\n<p>&#8211; 55201 \u2013 Alojamento mobilado par turistas;<\/p>\n<p>&#8211; 55202 \u2013 Turismo no espa\u00e7o rural;<\/p>\n<p>&#8211; 55204 \u2013 Outros locais de alojamento de curta dura\u00e7\u00e3o;<\/p>\n<p>&#8211; 55300 \u2013 Parques de campismo e de caravanismo;<\/p>\n<p>&#8211; 561 \u2013 Restaurantes;<\/p>\n<p>&#8211; 563 \u2013 Estabelecimentos de bebidas;<\/p>\n<p>&#8211; 771 \u2013 Aluguer de ve\u00edculos autom\u00f3veis;<\/p>\n<p>&#8211; 79 \u2013 Ag\u00eancias de viagem, operadores tur\u00edsticos, outros servi\u00e7os d reservas;<\/p>\n<p>&#8211; 82300 \u2013 Organiza\u00e7\u00e3o de feiras, congressos e outros eventos similares;<\/p>\n<p>&#8211; 90040 \u2013 Explora\u00e7\u00e3o de salas de espect\u00e1culos e actividades conexas;<\/p>\n<p>&#8211; 91020 \u2013 Actividades de museus;<\/p>\n<p>&#8211; 91030 \u2013 Actividades de s\u00edtios e monumentos hist\u00f3ricos;<\/p>\n<p>&#8211; 91041 \u2013 Actividades dos jardins zool\u00f3gicos, bot\u00e2nicos e aqu\u00e1rios;<\/p>\n<p>&#8211; 91042 \u2013 Actividades dos parques e reservas naturais;<\/p>\n<p>&#8211; 93110 \u2013 Gest\u00e3o de instala\u00e7\u00f5es desportivas;<\/p>\n<p>&#8211; 93210 \u2013 Actividades de parques de divers\u00e3o tem\u00e1ticos;<\/p>\n<p>&#8211; 93211 \u2013 Actividades de parques de divers\u00e3o itinerantes;<\/p>\n<p>&#8211; 93292 \u2013 Actividades dos portos de recreio (marinas);<\/p>\n<p>&#8211; 93293 \u2013 Organiza\u00e7\u00e3o de actividades de anima\u00e7\u00e3o;<\/p>\n<p>&#8211; 93294 \u2013 Outras actividades de divers\u00e3o e recreativas;<\/p>\n<p>&#8211; 93295 \u2013 Outras actividades de divers\u00e3o itinerantes;<\/p>\n<p>&#8211; 96040 \u2013 Actividades de bem-estar f\u00edsico.<\/p>\n<p>&nbsp;<\/p>\n<p>Nos restantes casos, o registo dever\u00e1 ser feito na plataforma disponibilizada no <em>site <\/em>do IAPMEI, I.P..<\/p>\n<p>&nbsp;<\/p>\n<ol start=\"5\">\n<li><strong>Existem prazos para aceder ao apoio?<\/strong><\/li>\n<\/ol>\n<p>Sim, o registo electr\u00f3nico deve ser realizado no prazo de 30 dias a contar do dia 26 de Maio de 2021.<\/p>\n","protected":false},"excerpt":{"rendered":"<p>Foi publicado no Di\u00e1rio da Rep\u00fablica o Decreto-Lei n.\u00ba 37\/2021, de 21 de Maio, que cria uma medida excepcional de compensa\u00e7\u00e3o ao aumento do valor da retribui\u00e7\u00e3o m\u00ednima mensal garantida. Em que consiste a medida? Um subs\u00eddio pecuni\u00e1rio atribu\u00eddo ao empregador (seja pessoa colectiva ou pessoa singular com um ou mais trabalhadores ao seu servi\u00e7o) [&hellip;]<\/p>\n","protected":false},"author":2,"featured_media":0,"comment_status":"open","ping_status":"closed","sticky":false,"template":"","format":"standard","meta":{"content-type":"","footnotes":""},"categories":[24],"tags":[],"class_list":["post-8226","post","type-post","status-publish","format-standard","hentry","category-noticias-e-insights"],"yoast_head":"<!-- This site is optimized with the Yoast SEO Premium plugin v21.3 (Yoast SEO v26.1.1) - https:\/\/yoast.com\/wordpress\/plugins\/seo\/ -->\n<title>Alerta Legal - Medida de Compensa\u00e7\u00e3o ao Aumento do Valor da Retribui\u00e7\u00e3o M\u00ednima Mensal Garantida - VCA - Valadas Coriel e Associados<\/title>\n<meta name=\"robots\" content=\"index, follow, max-snippet:-1, max-image-preview:large, max-video-preview:-1\" \/>\n<link rel=\"canonical\" href=\"https:\/\/www.valadascoriel.com\/pt-pt\/alerta-legal-medida-de-compensacao-ao-aumento-do-valor-da-retribuicao-minima-mensal-garantida\/\" \/>\n<meta property=\"og:locale\" content=\"pt_PT\" \/>\n<meta property=\"og:type\" content=\"article\" \/>\n<meta property=\"og:title\" content=\"Alerta Legal - Medida de Compensa\u00e7\u00e3o ao Aumento do Valor da Retribui\u00e7\u00e3o M\u00ednima Mensal Garantida\" \/>\n<meta property=\"og:description\" content=\"Foi publicado no Di\u00e1rio da Rep\u00fablica o Decreto-Lei n.\u00ba 37\/2021, de 21 de Maio, que cria uma medida excepcional de compensa\u00e7\u00e3o ao aumento do valor da retribui\u00e7\u00e3o m\u00ednima mensal garantida. Em que consiste a medida? Um subs\u00eddio pecuni\u00e1rio atribu\u00eddo ao empregador (seja pessoa colectiva ou pessoa singular com um ou mais trabalhadores ao seu servi\u00e7o) [&hellip;]\" \/>\n<meta property=\"og:url\" content=\"https:\/\/www.valadascoriel.com\/pt-pt\/alerta-legal-medida-de-compensacao-ao-aumento-do-valor-da-retribuicao-minima-mensal-garantida\/\" \/>\n<meta property=\"og:site_name\" content=\"VCA - Valadas Coriel e Associados\" \/>\n<meta property=\"article:publisher\" content=\"https:\/\/www.facebook.com\/ValadasCoriel\/\" \/>\n<meta property=\"article:published_time\" content=\"1970-01-01T00:00:00+00:00\" \/>\n<meta name=\"author\" content=\"Valadas\" \/>\n<meta name=\"twitter:card\" content=\"summary_large_image\" \/>\n<meta name=\"twitter:creator\" content=\"@valadascoriel\" \/>\n<meta name=\"twitter:site\" content=\"@valadascoriel\" \/>\n<meta name=\"twitter:label1\" content=\"Escrito por\" \/>\n\t<meta name=\"twitter:data1\" content=\"Valadas\" \/>\n\t<meta name=\"twitter:label2\" content=\"Tempo estimado de leitura\" \/>\n\t<meta name=\"twitter:data2\" content=\"3 minutos\" \/>\n<script type=\"application\/ld+json\" class=\"yoast-schema-graph\">{\"@context\":\"https:\/\/schema.org\",\"@graph\":[{\"@type\":\"Article\",\"@id\":\"https:\/\/www.valadascoriel.com\/pt-pt\/alerta-legal-medida-de-compensacao-ao-aumento-do-valor-da-retribuicao-minima-mensal-garantida\/#article\",\"isPartOf\":{\"@id\":\"https:\/\/www.valadascoriel.com\/pt-pt\/alerta-legal-medida-de-compensacao-ao-aumento-do-valor-da-retribuicao-minima-mensal-garantida\/\"},\"author\":{\"name\":\"Valadas\",\"@id\":\"https:\/\/www.valadascoriel.com\/#\/schema\/person\/6ba1827f709aa9af93f196dd3033f105\"},\"headline\":\"Alerta Legal &#8211; Medida de Compensa\u00e7\u00e3o ao Aumento do Valor da Retribui\u00e7\u00e3o M\u00ednima Mensal Garantida\",\"datePublished\":\"1970-01-01T00:00:00+00:00\",\"mainEntityOfPage\":{\"@id\":\"https:\/\/www.valadascoriel.com\/pt-pt\/alerta-legal-medida-de-compensacao-ao-aumento-do-valor-da-retribuicao-minima-mensal-garantida\/\"},\"wordCount\":552,\"commentCount\":0,\"publisher\":{\"@id\":\"https:\/\/www.valadascoriel.com\/#organization\"},\"articleSection\":[\"Not\u00edcias &amp; Insights\"],\"inLanguage\":\"pt-PT\",\"potentialAction\":[{\"@type\":\"CommentAction\",\"name\":\"Comment\",\"target\":[\"https:\/\/www.valadascoriel.com\/pt-pt\/alerta-legal-medida-de-compensacao-ao-aumento-do-valor-da-retribuicao-minima-mensal-garantida\/#respond\"]}]},{\"@type\":\"WebPage\",\"@id\":\"https:\/\/www.valadascoriel.com\/pt-pt\/alerta-legal-medida-de-compensacao-ao-aumento-do-valor-da-retribuicao-minima-mensal-garantida\/\",\"url\":\"https:\/\/www.valadascoriel.com\/pt-pt\/alerta-legal-medida-de-compensacao-ao-aumento-do-valor-da-retribuicao-minima-mensal-garantida\/\",\"name\":\"Alerta Legal - Medida de Compensa\u00e7\u00e3o ao Aumento do Valor da Retribui\u00e7\u00e3o M\u00ednima Mensal Garantida - VCA - Valadas Coriel e Associados\",\"isPartOf\":{\"@id\":\"https:\/\/www.valadascoriel.com\/#website\"},\"datePublished\":\"1970-01-01T00:00:00+00:00\",\"breadcrumb\":{\"@id\":\"https:\/\/www.valadascoriel.com\/pt-pt\/alerta-legal-medida-de-compensacao-ao-aumento-do-valor-da-retribuicao-minima-mensal-garantida\/#breadcrumb\"},\"inLanguage\":\"pt-PT\",\"potentialAction\":[{\"@type\":\"ReadAction\",\"target\":[\"https:\/\/www.valadascoriel.com\/pt-pt\/alerta-legal-medida-de-compensacao-ao-aumento-do-valor-da-retribuicao-minima-mensal-garantida\/\"]}]},{\"@type\":\"BreadcrumbList\",\"@id\":\"https:\/\/www.valadascoriel.com\/pt-pt\/alerta-legal-medida-de-compensacao-ao-aumento-do-valor-da-retribuicao-minima-mensal-garantida\/#breadcrumb\",\"itemListElement\":[{\"@type\":\"ListItem\",\"position\":1,\"name\":\"In\u00edcio\",\"item\":\"https:\/\/www.valadascoriel.com\/pt-pt\/\"},{\"@type\":\"ListItem\",\"position\":2,\"name\":\"Alerta Legal &#8211; Medida de Compensa\u00e7\u00e3o ao Aumento do Valor da Retribui\u00e7\u00e3o M\u00ednima Mensal Garantida\"}]},{\"@type\":\"WebSite\",\"@id\":\"https:\/\/www.valadascoriel.com\/#website\",\"url\":\"https:\/\/www.valadascoriel.com\/\",\"name\":\"Valadas Coriel & Associados\",\"description\":\"A versatile legal firm combining experience, expertise &amp; creativity.\",\"publisher\":{\"@id\":\"https:\/\/www.valadascoriel.com\/#organization\"},\"potentialAction\":[{\"@type\":\"SearchAction\",\"target\":{\"@type\":\"EntryPoint\",\"urlTemplate\":\"https:\/\/www.valadascoriel.com\/?s={search_term_string}\"},\"query-input\":{\"@type\":\"PropertyValueSpecification\",\"valueRequired\":true,\"valueName\":\"search_term_string\"}}],\"inLanguage\":\"pt-PT\"},{\"@type\":\"Organization\",\"@id\":\"https:\/\/www.valadascoriel.com\/#organization\",\"name\":\"Valadas Coriel & Associados\",\"alternateName\":\"VCA\",\"url\":\"https:\/\/www.valadascoriel.com\/\",\"logo\":{\"@type\":\"ImageObject\",\"inLanguage\":\"pt-PT\",\"@id\":\"https:\/\/www.valadascoriel.com\/#\/schema\/logo\/image\/\",\"url\":\"https:\/\/www.valadascoriel.com\/wp-content\/uploads\/2023\/03\/cropped-favicon-1.png\",\"contentUrl\":\"https:\/\/www.valadascoriel.com\/wp-content\/uploads\/2023\/03\/cropped-favicon-1.png\",\"width\":512,\"height\":512,\"caption\":\"Valadas Coriel & Associados\"},\"image\":{\"@id\":\"https:\/\/www.valadascoriel.com\/#\/schema\/logo\/image\/\"},\"sameAs\":[\"https:\/\/www.facebook.com\/ValadasCoriel\/\",\"https:\/\/x.com\/valadascoriel\",\"https:\/\/pt.linkedin.com\/company\/vca-valadas-coriel-associados\",\"https:\/\/www.youtube.com\/channel\/UCic8dCFjoTtH5u890aEcW5Q\"]},{\"@type\":\"Person\",\"@id\":\"https:\/\/www.valadascoriel.com\/#\/schema\/person\/6ba1827f709aa9af93f196dd3033f105\",\"name\":\"Valadas\",\"image\":{\"@type\":\"ImageObject\",\"inLanguage\":\"pt-PT\",\"@id\":\"https:\/\/www.valadascoriel.com\/#\/schema\/person\/image\/\",\"url\":\"https:\/\/secure.gravatar.com\/avatar\/27e8efbc4ac63294d5dfdcb8755f8b498edda75901f3d068684f10f93bac11ce?s=96&d=mm&r=g\",\"contentUrl\":\"https:\/\/secure.gravatar.com\/avatar\/27e8efbc4ac63294d5dfdcb8755f8b498edda75901f3d068684f10f93bac11ce?s=96&d=mm&r=g\",\"caption\":\"Valadas\"},\"url\":\"https:\/\/www.valadascoriel.com\/pt-pt\/author\/tgadmin\/\"}]}<\/script>\n<!-- \/ Yoast SEO Premium plugin. -->","yoast_head_json":{"title":"Alerta Legal - Medida de Compensa\u00e7\u00e3o ao Aumento do Valor da Retribui\u00e7\u00e3o M\u00ednima Mensal Garantida - VCA - Valadas Coriel e Associados","robots":{"index":"index","follow":"follow","max-snippet":"max-snippet:-1","max-image-preview":"max-image-preview:large","max-video-preview":"max-video-preview:-1"},"canonical":"https:\/\/www.valadascoriel.com\/pt-pt\/alerta-legal-medida-de-compensacao-ao-aumento-do-valor-da-retribuicao-minima-mensal-garantida\/","og_locale":"pt_PT","og_type":"article","og_title":"Alerta Legal - Medida de Compensa\u00e7\u00e3o ao Aumento do Valor da Retribui\u00e7\u00e3o M\u00ednima Mensal Garantida","og_description":"Foi publicado no Di\u00e1rio da Rep\u00fablica o Decreto-Lei n.\u00ba 37\/2021, de 21 de Maio, que cria uma medida excepcional de compensa\u00e7\u00e3o ao aumento do valor da retribui\u00e7\u00e3o m\u00ednima mensal garantida. Em que consiste a medida? Um subs\u00eddio pecuni\u00e1rio atribu\u00eddo ao empregador (seja pessoa colectiva ou pessoa singular com um ou mais trabalhadores ao seu servi\u00e7o) [&hellip;]","og_url":"https:\/\/www.valadascoriel.com\/pt-pt\/alerta-legal-medida-de-compensacao-ao-aumento-do-valor-da-retribuicao-minima-mensal-garantida\/","og_site_name":"VCA - Valadas Coriel e Associados","article_publisher":"https:\/\/www.facebook.com\/ValadasCoriel\/","article_published_time":"1970-01-01T00:00:00+00:00","author":"Valadas","twitter_card":"summary_large_image","twitter_creator":"@valadascoriel","twitter_site":"@valadascoriel","twitter_misc":{"Escrito por":"Valadas","Tempo estimado de leitura":"3 minutos"},"schema":{"@context":"https:\/\/schema.org","@graph":[{"@type":"Article","@id":"https:\/\/www.valadascoriel.com\/pt-pt\/alerta-legal-medida-de-compensacao-ao-aumento-do-valor-da-retribuicao-minima-mensal-garantida\/#article","isPartOf":{"@id":"https:\/\/www.valadascoriel.com\/pt-pt\/alerta-legal-medida-de-compensacao-ao-aumento-do-valor-da-retribuicao-minima-mensal-garantida\/"},"author":{"name":"Valadas","@id":"https:\/\/www.valadascoriel.com\/#\/schema\/person\/6ba1827f709aa9af93f196dd3033f105"},"headline":"Alerta Legal &#8211; Medida de Compensa\u00e7\u00e3o ao Aumento do Valor da Retribui\u00e7\u00e3o M\u00ednima Mensal Garantida","datePublished":"1970-01-01T00:00:00+00:00","mainEntityOfPage":{"@id":"https:\/\/www.valadascoriel.com\/pt-pt\/alerta-legal-medida-de-compensacao-ao-aumento-do-valor-da-retribuicao-minima-mensal-garantida\/"},"wordCount":552,"commentCount":0,"publisher":{"@id":"https:\/\/www.valadascoriel.com\/#organization"},"articleSection":["Not\u00edcias &amp; Insights"],"inLanguage":"pt-PT","potentialAction":[{"@type":"CommentAction","name":"Comment","target":["https:\/\/www.valadascoriel.com\/pt-pt\/alerta-legal-medida-de-compensacao-ao-aumento-do-valor-da-retribuicao-minima-mensal-garantida\/#respond"]}]},{"@type":"WebPage","@id":"https:\/\/www.valadascoriel.com\/pt-pt\/alerta-legal-medida-de-compensacao-ao-aumento-do-valor-da-retribuicao-minima-mensal-garantida\/","url":"https:\/\/www.valadascoriel.com\/pt-pt\/alerta-legal-medida-de-compensacao-ao-aumento-do-valor-da-retribuicao-minima-mensal-garantida\/","name":"Alerta Legal - Medida de Compensa\u00e7\u00e3o ao Aumento do Valor da Retribui\u00e7\u00e3o M\u00ednima Mensal Garantida - VCA - Valadas Coriel e Associados","isPartOf":{"@id":"https:\/\/www.valadascoriel.com\/#website"},"datePublished":"1970-01-01T00:00:00+00:00","breadcrumb":{"@id":"https:\/\/www.valadascoriel.com\/pt-pt\/alerta-legal-medida-de-compensacao-ao-aumento-do-valor-da-retribuicao-minima-mensal-garantida\/#breadcrumb"},"inLanguage":"pt-PT","potentialAction":[{"@type":"ReadAction","target":["https:\/\/www.valadascoriel.com\/pt-pt\/alerta-legal-medida-de-compensacao-ao-aumento-do-valor-da-retribuicao-minima-mensal-garantida\/"]}]},{"@type":"BreadcrumbList","@id":"https:\/\/www.valadascoriel.com\/pt-pt\/alerta-legal-medida-de-compensacao-ao-aumento-do-valor-da-retribuicao-minima-mensal-garantida\/#breadcrumb","itemListElement":[{"@type":"ListItem","position":1,"name":"In\u00edcio","item":"https:\/\/www.valadascoriel.com\/pt-pt\/"},{"@type":"ListItem","position":2,"name":"Alerta Legal &#8211; Medida de Compensa\u00e7\u00e3o ao Aumento do Valor da Retribui\u00e7\u00e3o M\u00ednima Mensal Garantida"}]},{"@type":"WebSite","@id":"https:\/\/www.valadascoriel.com\/#website","url":"https:\/\/www.valadascoriel.com\/","name":"Valadas Coriel & Associados","description":"A versatile legal firm combining experience, expertise &amp; creativity.","publisher":{"@id":"https:\/\/www.valadascoriel.com\/#organization"},"potentialAction":[{"@type":"SearchAction","target":{"@type":"EntryPoint","urlTemplate":"https:\/\/www.valadascoriel.com\/?s={search_term_string}"},"query-input":{"@type":"PropertyValueSpecification","valueRequired":true,"valueName":"search_term_string"}}],"inLanguage":"pt-PT"},{"@type":"Organization","@id":"https:\/\/www.valadascoriel.com\/#organization","name":"Valadas Coriel & Associados","alternateName":"VCA","url":"https:\/\/www.valadascoriel.com\/","logo":{"@type":"ImageObject","inLanguage":"pt-PT","@id":"https:\/\/www.valadascoriel.com\/#\/schema\/logo\/image\/","url":"https:\/\/www.valadascoriel.com\/wp-content\/uploads\/2023\/03\/cropped-favicon-1.png","contentUrl":"https:\/\/www.valadascoriel.com\/wp-content\/uploads\/2023\/03\/cropped-favicon-1.png","width":512,"height":512,"caption":"Valadas Coriel & Associados"},"image":{"@id":"https:\/\/www.valadascoriel.com\/#\/schema\/logo\/image\/"},"sameAs":["https:\/\/www.facebook.com\/ValadasCoriel\/","https:\/\/x.com\/valadascoriel","https:\/\/pt.linkedin.com\/company\/vca-valadas-coriel-associados","https:\/\/www.youtube.com\/channel\/UCic8dCFjoTtH5u890aEcW5Q"]},{"@type":"Person","@id":"https:\/\/www.valadascoriel.com\/#\/schema\/person\/6ba1827f709aa9af93f196dd3033f105","name":"Valadas","image":{"@type":"ImageObject","inLanguage":"pt-PT","@id":"https:\/\/www.valadascoriel.com\/#\/schema\/person\/image\/","url":"https:\/\/secure.gravatar.com\/avatar\/27e8efbc4ac63294d5dfdcb8755f8b498edda75901f3d068684f10f93bac11ce?s=96&d=mm&r=g","contentUrl":"https:\/\/secure.gravatar.com\/avatar\/27e8efbc4ac63294d5dfdcb8755f8b498edda75901f3d068684f10f93bac11ce?s=96&d=mm&r=g","caption":"Valadas"},"url":"https:\/\/www.valadascoriel.com\/pt-pt\/author\/tgadmin\/"}]}},"_links":{"self":[{"href":"https:\/\/www.valadascoriel.com\/pt-pt\/wp-json\/wp\/v2\/posts\/8226","targetHints":{"allow":["GET"]}}],"collection":[{"href":"https:\/\/www.valadascoriel.com\/pt-pt\/wp-json\/wp\/v2\/posts"}],"about":[{"href":"https:\/\/www.valadascoriel.com\/pt-pt\/wp-json\/wp\/v2\/types\/post"}],"author":[{"embeddable":true,"href":"https:\/\/www.valadascoriel.com\/pt-pt\/wp-json\/wp\/v2\/users\/2"}],"replies":[{"embeddable":true,"href":"https:\/\/www.valadascoriel.com\/pt-pt\/wp-json\/wp\/v2\/comments?post=8226"}],"version-history":[{"count":0,"href":"https:\/\/www.valadascoriel.com\/pt-pt\/wp-json\/wp\/v2\/posts\/8226\/revisions"}],"wp:attachment":[{"href":"https:\/\/www.valadascoriel.com\/pt-pt\/wp-json\/wp\/v2\/media?parent=8226"}],"wp:term":[{"taxonomy":"category","embeddable":true,"href":"https:\/\/www.valadascoriel.com\/pt-pt\/wp-json\/wp\/v2\/categories?post=8226"},{"taxonomy":"post_tag","embeddable":true,"href":"https:\/\/www.valadascoriel.com\/pt-pt\/wp-json\/wp\/v2\/tags?post=8226"}],"curies":[{"name":"wp","href":"https:\/\/api.w.org\/{rel}","templated":true}]}}