{"id":8259,"date":"2021-11-03T17:48:43","date_gmt":"2021-11-03T17:48:43","guid":{"rendered":"https:\/\/odin.valadascoriel.com\/valadas-coriel-associados-na-10-year-celebration-annual-conference-da-ir-global\/"},"modified":"2023-07-14T08:28:38","modified_gmt":"2023-07-14T08:28:38","slug":"valadas-coriel-associados-na-10-year-celebration-annual-conference-da-ir-global","status":"publish","type":"post","link":"https:\/\/www.valadascoriel.com\/pt-pt\/valadas-coriel-associados-na-10-year-celebration-annual-conference-da-ir-global\/","title":{"rendered":"Valadas Coriel &#038; Associados na \u201910 Year Celebration\u2019 &#038; Annual Conference da IR Global"},"content":{"rendered":"<p><img loading=\"lazy\" decoding=\"async\" class=\"size-medium wp-image-12166 alignright\" src=\"https:\/\/www.valadascoriel.com\/wp-content\/uploads\/2021\/10\/Conf_IRGlobal_2021_6_edited-240x300.jpg\" alt=\"\" width=\"240\" height=\"300\" \/><\/p>\n<p>A <em>\u201910 Year Celebration\u2019 &amp; Annual Conference<\/em> do network de advogados e consultores financeiros IR Global decorreu de 23 a 26 de Outubro, em Londres. O encontro que congregou mais de 300 profissionais de quatro continentes foi patrocinado pela VCA e por outras sociedades de destaque. O evento contou com uma interven\u00e7\u00e3o em palco do <em>Managing Partner<\/em> <a href=\"https:\/\/www.valadascoriel.com\/sociedade\/equipa\/joao-valadas-coriel\/\" target=\"_blank\" rel=\"noopener\">Jo\u00e3o Valadas Coriel<\/a> que discutiu com a audi\u00eancia a sua experi\u00eancia de mais de sete anos com a organiza\u00e7\u00e3o, os impactos positivos que a IR Global tem tido na sua pr\u00e1tica e que concluiu com conselhos para os novos membros se afirmarem e tirarem o melhor partido da organiza\u00e7\u00e3o. Tamb\u00e9m estiveram presentes as respons\u00e1veis do Departamento de Imigra\u00e7\u00e3o <a href=\"https:\/\/www.valadascoriel.com\/sociedade\/equipa\/patricia-valadas-coriel\/\" target=\"_blank\" rel=\"noopener\">Patr\u00edcia Valadas Coriel<\/a> e <a href=\"https:\/\/www.valadascoriel.com\/sociedade\/equipa\/sandra-jardim-fernandes\/\" target=\"_blank\" rel=\"noopener\">Sandra Jardim Fernandes<\/a>.<\/p>\n<p>A Confer\u00eancia Anual proporciona a socializa\u00e7\u00e3o entre todos membros da rede IR Global, com oradores de classe mundial, sess\u00f5es pr\u00e1ticas e de networking. A IR Global congrega agora 1200 profissionais de mais de 150 jurisdi\u00e7\u00f5es.<\/p>\n<p>Descubra mais sobre o evento <a style=\"text-decoration: none;\" href=\"https:\/\/www.irglobal.com\/events\/10-year-celebration-annual-conference-london-2021\/\" target=\"_blank\" rel=\"noopener\">aqui<\/a>.<\/p>\n","protected":false},"excerpt":{"rendered":"<p>A \u201910 Year Celebration\u2019 &amp; Annual Conference do network de advogados e consultores financeiros IR Global decorreu de 23 a 26 de Outubro, em Londres. O encontro que congregou mais de 300 profissionais de quatro continentes foi patrocinado pela VCA e por outras sociedades de destaque. O evento contou com uma interven\u00e7\u00e3o em palco do [&hellip;]<\/p>\n","protected":false},"author":2,"featured_media":11984,"comment_status":"closed","ping_status":"closed","sticky":false,"template":"","format":"standard","meta":{"content-type":"","footnotes":""},"categories":[24,26],"tags":[],"class_list":["post-8259","post","type-post","status-publish","format-standard","has-post-thumbnail","hentry","category-noticias-e-insights","category-a-sociedade"],"yoast_head":"<!-- This site is optimized with the Yoast SEO Premium plugin v21.3 (Yoast SEO v26.1.1) - https:\/\/yoast.com\/wordpress\/plugins\/seo\/ -->\n<title>Valadas Coriel &amp; Associados na \u201910 Year Celebration\u2019 &amp; Annual Conference da IR Global - VCA - Valadas Coriel e Associados<\/title>\n<meta name=\"robots\" content=\"index, follow, max-snippet:-1, max-image-preview:large, max-video-preview:-1\" \/>\n<link rel=\"canonical\" href=\"https:\/\/www.valadascoriel.com\/pt-pt\/valadas-coriel-associados-na-10-year-celebration-annual-conference-da-ir-global\/\" \/>\n<meta property=\"og:locale\" content=\"pt_PT\" \/>\n<meta property=\"og:type\" content=\"article\" \/>\n<meta property=\"og:title\" content=\"Valadas Coriel &amp; Associados na \u201910 Year Celebration\u2019 &amp; Annual Conference da IR Global\" \/>\n<meta property=\"og:description\" content=\"A \u201910 Year Celebration\u2019 &amp; Annual Conference do network de advogados e consultores financeiros IR Global decorreu de 23 a 26 de Outubro, em Londres. O encontro que congregou mais de 300 profissionais de quatro continentes foi patrocinado pela VCA e por outras sociedades de destaque. O evento contou com uma interven\u00e7\u00e3o em palco do [&hellip;]\" \/>\n<meta property=\"og:url\" content=\"https:\/\/www.valadascoriel.com\/pt-pt\/valadas-coriel-associados-na-10-year-celebration-annual-conference-da-ir-global\/\" \/>\n<meta property=\"og:site_name\" content=\"VCA - Valadas Coriel e Associados\" \/>\n<meta property=\"article:publisher\" content=\"https:\/\/www.facebook.com\/ValadasCoriel\/\" \/>\n<meta property=\"article:published_time\" content=\"2021-11-03T17:48:43+00:00\" \/>\n<meta property=\"article:modified_time\" content=\"2023-07-14T08:28:38+00:00\" \/>\n<meta property=\"og:image\" content=\"https:\/\/www.valadascoriel.com\/wp-content\/uploads\/2021\/11\/2021.11.03_VALADAS-CORIEL-NA-CELEBRACAO-ANUAL-DO-IR-GLOBAL-EM-LONDRES-scaled.jpg\" \/>\n\t<meta property=\"og:image:width\" content=\"2560\" \/>\n\t<meta property=\"og:image:height\" content=\"1707\" \/>\n\t<meta property=\"og:image:type\" content=\"image\/jpeg\" \/>\n<meta name=\"author\" content=\"Valadas\" \/>\n<meta name=\"twitter:card\" content=\"summary_large_image\" \/>\n<meta name=\"twitter:creator\" content=\"@valadascoriel\" \/>\n<meta name=\"twitter:site\" content=\"@valadascoriel\" \/>\n<meta name=\"twitter:label1\" content=\"Escrito por\" \/>\n\t<meta name=\"twitter:data1\" content=\"Valadas\" \/>\n\t<meta name=\"twitter:label2\" content=\"Tempo estimado de leitura\" \/>\n\t<meta name=\"twitter:data2\" content=\"2 minutos\" \/>\n<script type=\"application\/ld+json\" class=\"yoast-schema-graph\">{\"@context\":\"https:\/\/schema.org\",\"@graph\":[{\"@type\":\"Article\",\"@id\":\"https:\/\/www.valadascoriel.com\/pt-pt\/valadas-coriel-associados-na-10-year-celebration-annual-conference-da-ir-global\/#article\",\"isPartOf\":{\"@id\":\"https:\/\/www.valadascoriel.com\/pt-pt\/valadas-coriel-associados-na-10-year-celebration-annual-conference-da-ir-global\/\"},\"author\":{\"name\":\"Valadas\",\"@id\":\"https:\/\/www.valadascoriel.com\/#\/schema\/person\/6ba1827f709aa9af93f196dd3033f105\"},\"headline\":\"Valadas Coriel &#038; Associados na \u201910 Year Celebration\u2019 &#038; Annual Conference da IR Global\",\"datePublished\":\"2021-11-03T17:48:43+00:00\",\"dateModified\":\"2023-07-14T08:28:38+00:00\",\"mainEntityOfPage\":{\"@id\":\"https:\/\/www.valadascoriel.com\/pt-pt\/valadas-coriel-associados-na-10-year-celebration-annual-conference-da-ir-global\/\"},\"wordCount\":184,\"publisher\":{\"@id\":\"https:\/\/www.valadascoriel.com\/#organization\"},\"image\":{\"@id\":\"https:\/\/www.valadascoriel.com\/pt-pt\/valadas-coriel-associados-na-10-year-celebration-annual-conference-da-ir-global\/#primaryimage\"},\"thumbnailUrl\":\"https:\/\/www.valadascoriel.com\/wp-content\/uploads\/2021\/11\/2021.11.03_VALADAS-CORIEL-NA-CELEBRACAO-ANUAL-DO-IR-GLOBAL-EM-LONDRES-scaled.jpg\",\"articleSection\":[\"Not\u00edcias &amp; Insights\",\"A Sociedade\"],\"inLanguage\":\"pt-PT\"},{\"@type\":\"WebPage\",\"@id\":\"https:\/\/www.valadascoriel.com\/pt-pt\/valadas-coriel-associados-na-10-year-celebration-annual-conference-da-ir-global\/\",\"url\":\"https:\/\/www.valadascoriel.com\/pt-pt\/valadas-coriel-associados-na-10-year-celebration-annual-conference-da-ir-global\/\",\"name\":\"Valadas Coriel & Associados na \u201910 Year Celebration\u2019 & Annual Conference da IR Global - VCA - Valadas Coriel e Associados\",\"isPartOf\":{\"@id\":\"https:\/\/www.valadascoriel.com\/#website\"},\"primaryImageOfPage\":{\"@id\":\"https:\/\/www.valadascoriel.com\/pt-pt\/valadas-coriel-associados-na-10-year-celebration-annual-conference-da-ir-global\/#primaryimage\"},\"image\":{\"@id\":\"https:\/\/www.valadascoriel.com\/pt-pt\/valadas-coriel-associados-na-10-year-celebration-annual-conference-da-ir-global\/#primaryimage\"},\"thumbnailUrl\":\"https:\/\/www.valadascoriel.com\/wp-content\/uploads\/2021\/11\/2021.11.03_VALADAS-CORIEL-NA-CELEBRACAO-ANUAL-DO-IR-GLOBAL-EM-LONDRES-scaled.jpg\",\"datePublished\":\"2021-11-03T17:48:43+00:00\",\"dateModified\":\"2023-07-14T08:28:38+00:00\",\"breadcrumb\":{\"@id\":\"https:\/\/www.valadascoriel.com\/pt-pt\/valadas-coriel-associados-na-10-year-celebration-annual-conference-da-ir-global\/#breadcrumb\"},\"inLanguage\":\"pt-PT\",\"potentialAction\":[{\"@type\":\"ReadAction\",\"target\":[\"https:\/\/www.valadascoriel.com\/pt-pt\/valadas-coriel-associados-na-10-year-celebration-annual-conference-da-ir-global\/\"]}]},{\"@type\":\"ImageObject\",\"inLanguage\":\"pt-PT\",\"@id\":\"https:\/\/www.valadascoriel.com\/pt-pt\/valadas-coriel-associados-na-10-year-celebration-annual-conference-da-ir-global\/#primaryimage\",\"url\":\"https:\/\/www.valadascoriel.com\/wp-content\/uploads\/2021\/11\/2021.11.03_VALADAS-CORIEL-NA-CELEBRACAO-ANUAL-DO-IR-GLOBAL-EM-LONDRES-scaled.jpg\",\"contentUrl\":\"https:\/\/www.valadascoriel.com\/wp-content\/uploads\/2021\/11\/2021.11.03_VALADAS-CORIEL-NA-CELEBRACAO-ANUAL-DO-IR-GLOBAL-EM-LONDRES-scaled.jpg\",\"width\":2560,\"height\":1707},{\"@type\":\"BreadcrumbList\",\"@id\":\"https:\/\/www.valadascoriel.com\/pt-pt\/valadas-coriel-associados-na-10-year-celebration-annual-conference-da-ir-global\/#breadcrumb\",\"itemListElement\":[{\"@type\":\"ListItem\",\"position\":1,\"name\":\"In\u00edcio\",\"item\":\"https:\/\/www.valadascoriel.com\/pt-pt\/\"},{\"@type\":\"ListItem\",\"position\":2,\"name\":\"Valadas Coriel &#038; Associados na \u201910 Year Celebration\u2019 &#038; Annual Conference da IR Global\"}]},{\"@type\":\"WebSite\",\"@id\":\"https:\/\/www.valadascoriel.com\/#website\",\"url\":\"https:\/\/www.valadascoriel.com\/\",\"name\":\"Valadas Coriel & Associados\",\"description\":\"A versatile legal firm combining experience, expertise &amp; creativity.\",\"publisher\":{\"@id\":\"https:\/\/www.valadascoriel.com\/#organization\"},\"potentialAction\":[{\"@type\":\"SearchAction\",\"target\":{\"@type\":\"EntryPoint\",\"urlTemplate\":\"https:\/\/www.valadascoriel.com\/?s={search_term_string}\"},\"query-input\":{\"@type\":\"PropertyValueSpecification\",\"valueRequired\":true,\"valueName\":\"search_term_string\"}}],\"inLanguage\":\"pt-PT\"},{\"@type\":\"Organization\",\"@id\":\"https:\/\/www.valadascoriel.com\/#organization\",\"name\":\"Valadas Coriel & Associados\",\"alternateName\":\"VCA\",\"url\":\"https:\/\/www.valadascoriel.com\/\",\"logo\":{\"@type\":\"ImageObject\",\"inLanguage\":\"pt-PT\",\"@id\":\"https:\/\/www.valadascoriel.com\/#\/schema\/logo\/image\/\",\"url\":\"https:\/\/www.valadascoriel.com\/wp-content\/uploads\/2023\/03\/cropped-favicon-1.png\",\"contentUrl\":\"https:\/\/www.valadascoriel.com\/wp-content\/uploads\/2023\/03\/cropped-favicon-1.png\",\"width\":512,\"height\":512,\"caption\":\"Valadas Coriel & Associados\"},\"image\":{\"@id\":\"https:\/\/www.valadascoriel.com\/#\/schema\/logo\/image\/\"},\"sameAs\":[\"https:\/\/www.facebook.com\/ValadasCoriel\/\",\"https:\/\/x.com\/valadascoriel\",\"https:\/\/pt.linkedin.com\/company\/vca-valadas-coriel-associados\",\"https:\/\/www.youtube.com\/channel\/UCic8dCFjoTtH5u890aEcW5Q\"]},{\"@type\":\"Person\",\"@id\":\"https:\/\/www.valadascoriel.com\/#\/schema\/person\/6ba1827f709aa9af93f196dd3033f105\",\"name\":\"Valadas\",\"image\":{\"@type\":\"ImageObject\",\"inLanguage\":\"pt-PT\",\"@id\":\"https:\/\/www.valadascoriel.com\/#\/schema\/person\/image\/\",\"url\":\"https:\/\/secure.gravatar.com\/avatar\/27e8efbc4ac63294d5dfdcb8755f8b498edda75901f3d068684f10f93bac11ce?s=96&d=mm&r=g\",\"contentUrl\":\"https:\/\/secure.gravatar.com\/avatar\/27e8efbc4ac63294d5dfdcb8755f8b498edda75901f3d068684f10f93bac11ce?s=96&d=mm&r=g\",\"caption\":\"Valadas\"},\"url\":\"https:\/\/www.valadascoriel.com\/pt-pt\/author\/tgadmin\/\"}]}<\/script>\n<!-- \/ Yoast SEO Premium plugin. -->","yoast_head_json":{"title":"Valadas Coriel & Associados na \u201910 Year Celebration\u2019 & Annual Conference da IR Global - VCA - Valadas Coriel e Associados","robots":{"index":"index","follow":"follow","max-snippet":"max-snippet:-1","max-image-preview":"max-image-preview:large","max-video-preview":"max-video-preview:-1"},"canonical":"https:\/\/www.valadascoriel.com\/pt-pt\/valadas-coriel-associados-na-10-year-celebration-annual-conference-da-ir-global\/","og_locale":"pt_PT","og_type":"article","og_title":"Valadas Coriel & Associados na \u201910 Year Celebration\u2019 & Annual Conference da IR Global","og_description":"A \u201910 Year Celebration\u2019 &amp; Annual Conference do network de advogados e consultores financeiros IR Global decorreu de 23 a 26 de Outubro, em Londres. O encontro que congregou mais de 300 profissionais de quatro continentes foi patrocinado pela VCA e por outras sociedades de destaque. O evento contou com uma interven\u00e7\u00e3o em palco do [&hellip;]","og_url":"https:\/\/www.valadascoriel.com\/pt-pt\/valadas-coriel-associados-na-10-year-celebration-annual-conference-da-ir-global\/","og_site_name":"VCA - Valadas Coriel e Associados","article_publisher":"https:\/\/www.facebook.com\/ValadasCoriel\/","article_published_time":"2021-11-03T17:48:43+00:00","article_modified_time":"2023-07-14T08:28:38+00:00","og_image":[{"width":2560,"height":1707,"url":"https:\/\/www.valadascoriel.com\/wp-content\/uploads\/2021\/11\/2021.11.03_VALADAS-CORIEL-NA-CELEBRACAO-ANUAL-DO-IR-GLOBAL-EM-LONDRES-scaled.jpg","type":"image\/jpeg"}],"author":"Valadas","twitter_card":"summary_large_image","twitter_creator":"@valadascoriel","twitter_site":"@valadascoriel","twitter_misc":{"Escrito por":"Valadas","Tempo estimado de leitura":"2 minutos"},"schema":{"@context":"https:\/\/schema.org","@graph":[{"@type":"Article","@id":"https:\/\/www.valadascoriel.com\/pt-pt\/valadas-coriel-associados-na-10-year-celebration-annual-conference-da-ir-global\/#article","isPartOf":{"@id":"https:\/\/www.valadascoriel.com\/pt-pt\/valadas-coriel-associados-na-10-year-celebration-annual-conference-da-ir-global\/"},"author":{"name":"Valadas","@id":"https:\/\/www.valadascoriel.com\/#\/schema\/person\/6ba1827f709aa9af93f196dd3033f105"},"headline":"Valadas Coriel &#038; Associados na \u201910 Year Celebration\u2019 &#038; Annual Conference da IR Global","datePublished":"2021-11-03T17:48:43+00:00","dateModified":"2023-07-14T08:28:38+00:00","mainEntityOfPage":{"@id":"https:\/\/www.valadascoriel.com\/pt-pt\/valadas-coriel-associados-na-10-year-celebration-annual-conference-da-ir-global\/"},"wordCount":184,"publisher":{"@id":"https:\/\/www.valadascoriel.com\/#organization"},"image":{"@id":"https:\/\/www.valadascoriel.com\/pt-pt\/valadas-coriel-associados-na-10-year-celebration-annual-conference-da-ir-global\/#primaryimage"},"thumbnailUrl":"https:\/\/www.valadascoriel.com\/wp-content\/uploads\/2021\/11\/2021.11.03_VALADAS-CORIEL-NA-CELEBRACAO-ANUAL-DO-IR-GLOBAL-EM-LONDRES-scaled.jpg","articleSection":["Not\u00edcias &amp; Insights","A Sociedade"],"inLanguage":"pt-PT"},{"@type":"WebPage","@id":"https:\/\/www.valadascoriel.com\/pt-pt\/valadas-coriel-associados-na-10-year-celebration-annual-conference-da-ir-global\/","url":"https:\/\/www.valadascoriel.com\/pt-pt\/valadas-coriel-associados-na-10-year-celebration-annual-conference-da-ir-global\/","name":"Valadas Coriel & Associados na \u201910 Year Celebration\u2019 & Annual Conference da IR Global - VCA - Valadas Coriel e Associados","isPartOf":{"@id":"https:\/\/www.valadascoriel.com\/#website"},"primaryImageOfPage":{"@id":"https:\/\/www.valadascoriel.com\/pt-pt\/valadas-coriel-associados-na-10-year-celebration-annual-conference-da-ir-global\/#primaryimage"},"image":{"@id":"https:\/\/www.valadascoriel.com\/pt-pt\/valadas-coriel-associados-na-10-year-celebration-annual-conference-da-ir-global\/#primaryimage"},"thumbnailUrl":"https:\/\/www.valadascoriel.com\/wp-content\/uploads\/2021\/11\/2021.11.03_VALADAS-CORIEL-NA-CELEBRACAO-ANUAL-DO-IR-GLOBAL-EM-LONDRES-scaled.jpg","datePublished":"2021-11-03T17:48:43+00:00","dateModified":"2023-07-14T08:28:38+00:00","breadcrumb":{"@id":"https:\/\/www.valadascoriel.com\/pt-pt\/valadas-coriel-associados-na-10-year-celebration-annual-conference-da-ir-global\/#breadcrumb"},"inLanguage":"pt-PT","potentialAction":[{"@type":"ReadAction","target":["https:\/\/www.valadascoriel.com\/pt-pt\/valadas-coriel-associados-na-10-year-celebration-annual-conference-da-ir-global\/"]}]},{"@type":"ImageObject","inLanguage":"pt-PT","@id":"https:\/\/www.valadascoriel.com\/pt-pt\/valadas-coriel-associados-na-10-year-celebration-annual-conference-da-ir-global\/#primaryimage","url":"https:\/\/www.valadascoriel.com\/wp-content\/uploads\/2021\/11\/2021.11.03_VALADAS-CORIEL-NA-CELEBRACAO-ANUAL-DO-IR-GLOBAL-EM-LONDRES-scaled.jpg","contentUrl":"https:\/\/www.valadascoriel.com\/wp-content\/uploads\/2021\/11\/2021.11.03_VALADAS-CORIEL-NA-CELEBRACAO-ANUAL-DO-IR-GLOBAL-EM-LONDRES-scaled.jpg","width":2560,"height":1707},{"@type":"BreadcrumbList","@id":"https:\/\/www.valadascoriel.com\/pt-pt\/valadas-coriel-associados-na-10-year-celebration-annual-conference-da-ir-global\/#breadcrumb","itemListElement":[{"@type":"ListItem","position":1,"name":"In\u00edcio","item":"https:\/\/www.valadascoriel.com\/pt-pt\/"},{"@type":"ListItem","position":2,"name":"Valadas Coriel &#038; Associados na \u201910 Year Celebration\u2019 &#038; Annual Conference da IR Global"}]},{"@type":"WebSite","@id":"https:\/\/www.valadascoriel.com\/#website","url":"https:\/\/www.valadascoriel.com\/","name":"Valadas Coriel & Associados","description":"A versatile legal firm combining experience, expertise &amp; creativity.","publisher":{"@id":"https:\/\/www.valadascoriel.com\/#organization"},"potentialAction":[{"@type":"SearchAction","target":{"@type":"EntryPoint","urlTemplate":"https:\/\/www.valadascoriel.com\/?s={search_term_string}"},"query-input":{"@type":"PropertyValueSpecification","valueRequired":true,"valueName":"search_term_string"}}],"inLanguage":"pt-PT"},{"@type":"Organization","@id":"https:\/\/www.valadascoriel.com\/#organization","name":"Valadas Coriel & Associados","alternateName":"VCA","url":"https:\/\/www.valadascoriel.com\/","logo":{"@type":"ImageObject","inLanguage":"pt-PT","@id":"https:\/\/www.valadascoriel.com\/#\/schema\/logo\/image\/","url":"https:\/\/www.valadascoriel.com\/wp-content\/uploads\/2023\/03\/cropped-favicon-1.png","contentUrl":"https:\/\/www.valadascoriel.com\/wp-content\/uploads\/2023\/03\/cropped-favicon-1.png","width":512,"height":512,"caption":"Valadas Coriel & Associados"},"image":{"@id":"https:\/\/www.valadascoriel.com\/#\/schema\/logo\/image\/"},"sameAs":["https:\/\/www.facebook.com\/ValadasCoriel\/","https:\/\/x.com\/valadascoriel","https:\/\/pt.linkedin.com\/company\/vca-valadas-coriel-associados","https:\/\/www.youtube.com\/channel\/UCic8dCFjoTtH5u890aEcW5Q"]},{"@type":"Person","@id":"https:\/\/www.valadascoriel.com\/#\/schema\/person\/6ba1827f709aa9af93f196dd3033f105","name":"Valadas","image":{"@type":"ImageObject","inLanguage":"pt-PT","@id":"https:\/\/www.valadascoriel.com\/#\/schema\/person\/image\/","url":"https:\/\/secure.gravatar.com\/avatar\/27e8efbc4ac63294d5dfdcb8755f8b498edda75901f3d068684f10f93bac11ce?s=96&d=mm&r=g","contentUrl":"https:\/\/secure.gravatar.com\/avatar\/27e8efbc4ac63294d5dfdcb8755f8b498edda75901f3d068684f10f93bac11ce?s=96&d=mm&r=g","caption":"Valadas"},"url":"https:\/\/www.valadascoriel.com\/pt-pt\/author\/tgadmin\/"}]}},"_links":{"self":[{"href":"https:\/\/www.valadascoriel.com\/pt-pt\/wp-json\/wp\/v2\/posts\/8259","targetHints":{"allow":["GET"]}}],"collection":[{"href":"https:\/\/www.valadascoriel.com\/pt-pt\/wp-json\/wp\/v2\/posts"}],"about":[{"href":"https:\/\/www.valadascoriel.com\/pt-pt\/wp-json\/wp\/v2\/types\/post"}],"author":[{"embeddable":true,"href":"https:\/\/www.valadascoriel.com\/pt-pt\/wp-json\/wp\/v2\/users\/2"}],"replies":[{"embeddable":true,"href":"https:\/\/www.valadascoriel.com\/pt-pt\/wp-json\/wp\/v2\/comments?post=8259"}],"version-history":[{"count":1,"href":"https:\/\/www.valadascoriel.com\/pt-pt\/wp-json\/wp\/v2\/posts\/8259\/revisions"}],"predecessor-version":[{"id":11986,"href":"https:\/\/www.valadascoriel.com\/pt-pt\/wp-json\/wp\/v2\/posts\/8259\/revisions\/11986"}],"wp:featuredmedia":[{"embeddable":true,"href":"https:\/\/www.valadascoriel.com\/pt-pt\/wp-json\/wp\/v2\/media\/11984"}],"wp:attachment":[{"href":"https:\/\/www.valadascoriel.com\/pt-pt\/wp-json\/wp\/v2\/media?parent=8259"}],"wp:term":[{"taxonomy":"category","embeddable":true,"href":"https:\/\/www.valadascoriel.com\/pt-pt\/wp-json\/wp\/v2\/categories?post=8259"},{"taxonomy":"post_tag","embeddable":true,"href":"https:\/\/www.valadascoriel.com\/pt-pt\/wp-json\/wp\/v2\/tags?post=8259"}],"curies":[{"name":"wp","href":"https:\/\/api.w.org\/{rel}","templated":true}]}}