{"id":8289,"date":"2022-03-03T09:46:04","date_gmt":"2022-03-03T09:46:04","guid":{"rendered":"https:\/\/odin.valadascoriel.com\/flash-imigracao-autorizacao-de-residencia-por-um-ano-a-deslocados-da-ucrania\/"},"modified":"2023-07-13T10:43:10","modified_gmt":"2023-07-13T10:43:10","slug":"flash-imigracao-autorizacao-de-residencia-por-um-ano-a-deslocados-da-ucrania","status":"publish","type":"post","link":"https:\/\/www.valadascoriel.com\/pt-pt\/flash-imigracao-autorizacao-de-residencia-por-um-ano-a-deslocados-da-ucrania\/","title":{"rendered":"Autoriza\u00e7\u00e3o de resid\u00eancia por um ano a deslocados da Ucr\u00e2nia"},"content":{"rendered":"<p><img loading=\"lazy\" decoding=\"async\" class=\"wp-image-12678 alignright\" src=\"https:\/\/www.valadascoriel.com\/wp-content\/uploads\/2022\/03\/bandeira-ucrania.png\" alt=\"\" width=\"349\" height=\"232\" \/><\/p>\n<p>Foi publicada na ter\u00e7a-feira, em Di\u00e1rio da Rep\u00fablica, a resolu\u00e7\u00e3o que concede prote\u00e7\u00e3o tempor\u00e1ria a pessoas deslocadas da Ucr\u00e2nia com a atribui\u00e7\u00e3o de autoriza\u00e7\u00e3o de resid\u00eancia pelo per\u00edodo de um ano com possibilidade de prorroga\u00e7\u00e3o.<\/p>\n<p>De acordo com a resolu\u00e7\u00e3o, \u00e9 atribu\u00edda automaticamente autoriza\u00e7\u00e3o de resid\u00eancia, pelo per\u00edodo de um ano, com possibilidade de prorroga\u00e7\u00e3o do respetivo t\u00edtulo, com as necess\u00e1rias adapta\u00e7\u00f5es, aos cidad\u00e3os nacionais da Ucr\u00e2nia e seus familiares, provenientes do seu pa\u00eds de origem.<\/p>\n<p>\u00c9 tamb\u00e9m estabelecido que os pedidos abrangidos pela resolu\u00e7\u00e3o podem ser feitos presencialmente ou por via digital, dentro ou fora do territ\u00f3rio nacional.<\/p>\n<p>Segundo a resolu\u00e7\u00e3o, a declara\u00e7\u00e3o comprovativa do pedido de prote\u00e7\u00e3o tempor\u00e1ria \u00e9 comunicada pelo SEF \u00e0 Seguran\u00e7a Social, \u00e0 Autoridade Tribut\u00e1ria e Aduaneira e aos Servi\u00e7os Partilhados do Minist\u00e9rio da Sa\u00fade para efeitos de atribui\u00e7\u00e3o autom\u00e1tica do n\u00famero de identifica\u00e7\u00e3o de seguran\u00e7a social, do n\u00famero de identifica\u00e7\u00e3o fiscal e n\u00famero nacional de utente, respetivamente. A declara\u00e7\u00e3o \u00e9 igualmente comunicada ao Instituto do Emprego e da Forma\u00e7\u00e3o Profissional para efeitos de inscri\u00e7\u00e3o.<\/p>\n<p>O SEF disponibiliza ainda a partir de hoje, nas suas delega\u00e7\u00f5es e CNAIM (Centro Nacional de Apoio \u00e0 Integra\u00e7\u00e3o de Migrantes), balc\u00f5es de atendimento exclusivos a cidad\u00e3os ucranianos, a funcionar entre as 8h30 e as 20h00.<\/p>\n<p><strong>Para mais informa\u00e7\u00f5es contacte:<\/strong><\/p>\n<p><a href=\"https:\/\/www.valadascoriel.com\/sociedade\/equipa\/sandra-jardim-fernandes\/\" target=\"_blank\" rel=\"noopener\"><strong>Sandra Jardim Fernandes<\/strong><\/a><br \/>\n<a href=\"mailto:sandrajfernandes@valadascoriel.com\" target=\"_blank\" rel=\"noopener\">sandrajfernandes@valadascoriel.com<\/a><br \/>\n&amp;<br \/>\n<a href=\"https:\/\/www.valadascoriel.com\/sociedade\/equipa\/viktoriya-petrova\/\" target=\"_blank\" rel=\"noopener\"><strong>Viktoriya Petrova<\/strong><\/a><br \/>\n<a href=\"mailto:viktoriya.petrova@valadascoriel.com\" target=\"_blank\" rel=\"noopener\">viktoriya.petrova@valadascoriel.com<\/a><\/p>\n","protected":false},"excerpt":{"rendered":"<p>Foi publicada na ter\u00e7a-feira, em Di\u00e1rio da Rep\u00fablica, a resolu\u00e7\u00e3o que concede prote\u00e7\u00e3o tempor\u00e1ria a pessoas deslocadas da Ucr\u00e2nia com a atribui\u00e7\u00e3o de autoriza\u00e7\u00e3o de resid\u00eancia pelo per\u00edodo de um ano com possibilidade de prorroga\u00e7\u00e3o. De acordo com a resolu\u00e7\u00e3o, \u00e9 atribu\u00edda automaticamente autoriza\u00e7\u00e3o de resid\u00eancia, pelo per\u00edodo de um ano, com possibilidade de prorroga\u00e7\u00e3o [&hellip;]<\/p>\n","protected":false},"author":2,"featured_media":11859,"comment_status":"closed","ping_status":"closed","sticky":false,"template":"","format":"standard","meta":{"content-type":"","footnotes":""},"categories":[24,47],"tags":[],"class_list":["post-8289","post","type-post","status-publish","format-standard","has-post-thumbnail","hentry","category-noticias-e-insights","category-noticias-legais"],"yoast_head":"<!-- This site is optimized with the Yoast SEO Premium plugin v21.3 (Yoast SEO v26.1.1) - https:\/\/yoast.com\/wordpress\/plugins\/seo\/ -->\n<title>Autoriza\u00e7\u00e3o de resid\u00eancia por um ano a deslocados da Ucr\u00e2nia - VCA - Valadas Coriel e Associados<\/title>\n<meta name=\"robots\" content=\"index, follow, max-snippet:-1, max-image-preview:large, max-video-preview:-1\" \/>\n<link rel=\"canonical\" href=\"https:\/\/www.valadascoriel.com\/pt-pt\/flash-imigracao-autorizacao-de-residencia-por-um-ano-a-deslocados-da-ucrania\/\" \/>\n<meta property=\"og:locale\" content=\"pt_PT\" \/>\n<meta property=\"og:type\" content=\"article\" \/>\n<meta property=\"og:title\" content=\"Autoriza\u00e7\u00e3o de resid\u00eancia por um ano a deslocados da Ucr\u00e2nia\" \/>\n<meta property=\"og:description\" content=\"Foi publicada na ter\u00e7a-feira, em Di\u00e1rio da Rep\u00fablica, a resolu\u00e7\u00e3o que concede prote\u00e7\u00e3o tempor\u00e1ria a pessoas deslocadas da Ucr\u00e2nia com a atribui\u00e7\u00e3o de autoriza\u00e7\u00e3o de resid\u00eancia pelo per\u00edodo de um ano com possibilidade de prorroga\u00e7\u00e3o. De acordo com a resolu\u00e7\u00e3o, \u00e9 atribu\u00edda automaticamente autoriza\u00e7\u00e3o de resid\u00eancia, pelo per\u00edodo de um ano, com possibilidade de prorroga\u00e7\u00e3o [&hellip;]\" \/>\n<meta property=\"og:url\" content=\"https:\/\/www.valadascoriel.com\/pt-pt\/flash-imigracao-autorizacao-de-residencia-por-um-ano-a-deslocados-da-ucrania\/\" \/>\n<meta property=\"og:site_name\" content=\"VCA - Valadas Coriel e Associados\" \/>\n<meta property=\"article:publisher\" content=\"https:\/\/www.facebook.com\/ValadasCoriel\/\" \/>\n<meta property=\"article:published_time\" content=\"2022-03-03T09:46:04+00:00\" \/>\n<meta property=\"article:modified_time\" content=\"2023-07-13T10:43:10+00:00\" \/>\n<meta property=\"og:image\" content=\"https:\/\/www.valadascoriel.com\/wp-content\/uploads\/2022\/03\/2022.03.03_AUTORIZACAO-DE-RESIDENCIA-PARA-UCRANIANOS-scaled.jpg\" \/>\n\t<meta property=\"og:image:width\" content=\"2560\" \/>\n\t<meta property=\"og:image:height\" content=\"1707\" \/>\n\t<meta property=\"og:image:type\" content=\"image\/jpeg\" \/>\n<meta name=\"author\" content=\"Valadas\" \/>\n<meta name=\"twitter:card\" content=\"summary_large_image\" \/>\n<meta name=\"twitter:creator\" content=\"@valadascoriel\" \/>\n<meta name=\"twitter:site\" content=\"@valadascoriel\" \/>\n<meta name=\"twitter:label1\" content=\"Escrito por\" \/>\n\t<meta name=\"twitter:data1\" content=\"Valadas\" \/>\n\t<meta name=\"twitter:label2\" content=\"Tempo estimado de leitura\" \/>\n\t<meta name=\"twitter:data2\" content=\"2 minutos\" \/>\n<script type=\"application\/ld+json\" class=\"yoast-schema-graph\">{\"@context\":\"https:\/\/schema.org\",\"@graph\":[{\"@type\":\"Article\",\"@id\":\"https:\/\/www.valadascoriel.com\/pt-pt\/flash-imigracao-autorizacao-de-residencia-por-um-ano-a-deslocados-da-ucrania\/#article\",\"isPartOf\":{\"@id\":\"https:\/\/www.valadascoriel.com\/pt-pt\/flash-imigracao-autorizacao-de-residencia-por-um-ano-a-deslocados-da-ucrania\/\"},\"author\":{\"name\":\"Valadas\",\"@id\":\"https:\/\/www.valadascoriel.com\/#\/schema\/person\/6ba1827f709aa9af93f196dd3033f105\"},\"headline\":\"Autoriza\u00e7\u00e3o de resid\u00eancia por um ano a deslocados da Ucr\u00e2nia\",\"datePublished\":\"2022-03-03T09:46:04+00:00\",\"dateModified\":\"2023-07-13T10:43:10+00:00\",\"mainEntityOfPage\":{\"@id\":\"https:\/\/www.valadascoriel.com\/pt-pt\/flash-imigracao-autorizacao-de-residencia-por-um-ano-a-deslocados-da-ucrania\/\"},\"wordCount\":281,\"publisher\":{\"@id\":\"https:\/\/www.valadascoriel.com\/#organization\"},\"image\":{\"@id\":\"https:\/\/www.valadascoriel.com\/pt-pt\/flash-imigracao-autorizacao-de-residencia-por-um-ano-a-deslocados-da-ucrania\/#primaryimage\"},\"thumbnailUrl\":\"https:\/\/www.valadascoriel.com\/wp-content\/uploads\/2022\/03\/2022.03.03_AUTORIZACAO-DE-RESIDENCIA-PARA-UCRANIANOS-scaled.jpg\",\"articleSection\":[\"Not\u00edcias &amp; Insights\",\"Not\u00edcias Legais\"],\"inLanguage\":\"pt-PT\"},{\"@type\":\"WebPage\",\"@id\":\"https:\/\/www.valadascoriel.com\/pt-pt\/flash-imigracao-autorizacao-de-residencia-por-um-ano-a-deslocados-da-ucrania\/\",\"url\":\"https:\/\/www.valadascoriel.com\/pt-pt\/flash-imigracao-autorizacao-de-residencia-por-um-ano-a-deslocados-da-ucrania\/\",\"name\":\"Autoriza\u00e7\u00e3o de resid\u00eancia por um ano a deslocados da Ucr\u00e2nia - VCA - Valadas Coriel e Associados\",\"isPartOf\":{\"@id\":\"https:\/\/www.valadascoriel.com\/#website\"},\"primaryImageOfPage\":{\"@id\":\"https:\/\/www.valadascoriel.com\/pt-pt\/flash-imigracao-autorizacao-de-residencia-por-um-ano-a-deslocados-da-ucrania\/#primaryimage\"},\"image\":{\"@id\":\"https:\/\/www.valadascoriel.com\/pt-pt\/flash-imigracao-autorizacao-de-residencia-por-um-ano-a-deslocados-da-ucrania\/#primaryimage\"},\"thumbnailUrl\":\"https:\/\/www.valadascoriel.com\/wp-content\/uploads\/2022\/03\/2022.03.03_AUTORIZACAO-DE-RESIDENCIA-PARA-UCRANIANOS-scaled.jpg\",\"datePublished\":\"2022-03-03T09:46:04+00:00\",\"dateModified\":\"2023-07-13T10:43:10+00:00\",\"breadcrumb\":{\"@id\":\"https:\/\/www.valadascoriel.com\/pt-pt\/flash-imigracao-autorizacao-de-residencia-por-um-ano-a-deslocados-da-ucrania\/#breadcrumb\"},\"inLanguage\":\"pt-PT\",\"potentialAction\":[{\"@type\":\"ReadAction\",\"target\":[\"https:\/\/www.valadascoriel.com\/pt-pt\/flash-imigracao-autorizacao-de-residencia-por-um-ano-a-deslocados-da-ucrania\/\"]}]},{\"@type\":\"ImageObject\",\"inLanguage\":\"pt-PT\",\"@id\":\"https:\/\/www.valadascoriel.com\/pt-pt\/flash-imigracao-autorizacao-de-residencia-por-um-ano-a-deslocados-da-ucrania\/#primaryimage\",\"url\":\"https:\/\/www.valadascoriel.com\/wp-content\/uploads\/2022\/03\/2022.03.03_AUTORIZACAO-DE-RESIDENCIA-PARA-UCRANIANOS-scaled.jpg\",\"contentUrl\":\"https:\/\/www.valadascoriel.com\/wp-content\/uploads\/2022\/03\/2022.03.03_AUTORIZACAO-DE-RESIDENCIA-PARA-UCRANIANOS-scaled.jpg\",\"width\":2560,\"height\":1707},{\"@type\":\"BreadcrumbList\",\"@id\":\"https:\/\/www.valadascoriel.com\/pt-pt\/flash-imigracao-autorizacao-de-residencia-por-um-ano-a-deslocados-da-ucrania\/#breadcrumb\",\"itemListElement\":[{\"@type\":\"ListItem\",\"position\":1,\"name\":\"In\u00edcio\",\"item\":\"https:\/\/www.valadascoriel.com\/pt-pt\/\"},{\"@type\":\"ListItem\",\"position\":2,\"name\":\"Autoriza\u00e7\u00e3o de resid\u00eancia por um ano a deslocados da Ucr\u00e2nia\"}]},{\"@type\":\"WebSite\",\"@id\":\"https:\/\/www.valadascoriel.com\/#website\",\"url\":\"https:\/\/www.valadascoriel.com\/\",\"name\":\"Valadas Coriel & Associados\",\"description\":\"A versatile legal firm combining experience, expertise &amp; creativity.\",\"publisher\":{\"@id\":\"https:\/\/www.valadascoriel.com\/#organization\"},\"potentialAction\":[{\"@type\":\"SearchAction\",\"target\":{\"@type\":\"EntryPoint\",\"urlTemplate\":\"https:\/\/www.valadascoriel.com\/?s={search_term_string}\"},\"query-input\":{\"@type\":\"PropertyValueSpecification\",\"valueRequired\":true,\"valueName\":\"search_term_string\"}}],\"inLanguage\":\"pt-PT\"},{\"@type\":\"Organization\",\"@id\":\"https:\/\/www.valadascoriel.com\/#organization\",\"name\":\"Valadas Coriel & Associados\",\"alternateName\":\"VCA\",\"url\":\"https:\/\/www.valadascoriel.com\/\",\"logo\":{\"@type\":\"ImageObject\",\"inLanguage\":\"pt-PT\",\"@id\":\"https:\/\/www.valadascoriel.com\/#\/schema\/logo\/image\/\",\"url\":\"https:\/\/www.valadascoriel.com\/wp-content\/uploads\/2023\/03\/cropped-favicon-1.png\",\"contentUrl\":\"https:\/\/www.valadascoriel.com\/wp-content\/uploads\/2023\/03\/cropped-favicon-1.png\",\"width\":512,\"height\":512,\"caption\":\"Valadas Coriel & Associados\"},\"image\":{\"@id\":\"https:\/\/www.valadascoriel.com\/#\/schema\/logo\/image\/\"},\"sameAs\":[\"https:\/\/www.facebook.com\/ValadasCoriel\/\",\"https:\/\/x.com\/valadascoriel\",\"https:\/\/pt.linkedin.com\/company\/vca-valadas-coriel-associados\",\"https:\/\/www.youtube.com\/channel\/UCic8dCFjoTtH5u890aEcW5Q\"]},{\"@type\":\"Person\",\"@id\":\"https:\/\/www.valadascoriel.com\/#\/schema\/person\/6ba1827f709aa9af93f196dd3033f105\",\"name\":\"Valadas\",\"image\":{\"@type\":\"ImageObject\",\"inLanguage\":\"pt-PT\",\"@id\":\"https:\/\/www.valadascoriel.com\/#\/schema\/person\/image\/\",\"url\":\"https:\/\/secure.gravatar.com\/avatar\/27e8efbc4ac63294d5dfdcb8755f8b498edda75901f3d068684f10f93bac11ce?s=96&d=mm&r=g\",\"contentUrl\":\"https:\/\/secure.gravatar.com\/avatar\/27e8efbc4ac63294d5dfdcb8755f8b498edda75901f3d068684f10f93bac11ce?s=96&d=mm&r=g\",\"caption\":\"Valadas\"},\"url\":\"https:\/\/www.valadascoriel.com\/pt-pt\/author\/tgadmin\/\"}]}<\/script>\n<!-- \/ Yoast SEO Premium plugin. -->","yoast_head_json":{"title":"Autoriza\u00e7\u00e3o de resid\u00eancia por um ano a deslocados da Ucr\u00e2nia - VCA - Valadas Coriel e Associados","robots":{"index":"index","follow":"follow","max-snippet":"max-snippet:-1","max-image-preview":"max-image-preview:large","max-video-preview":"max-video-preview:-1"},"canonical":"https:\/\/www.valadascoriel.com\/pt-pt\/flash-imigracao-autorizacao-de-residencia-por-um-ano-a-deslocados-da-ucrania\/","og_locale":"pt_PT","og_type":"article","og_title":"Autoriza\u00e7\u00e3o de resid\u00eancia por um ano a deslocados da Ucr\u00e2nia","og_description":"Foi publicada na ter\u00e7a-feira, em Di\u00e1rio da Rep\u00fablica, a resolu\u00e7\u00e3o que concede prote\u00e7\u00e3o tempor\u00e1ria a pessoas deslocadas da Ucr\u00e2nia com a atribui\u00e7\u00e3o de autoriza\u00e7\u00e3o de resid\u00eancia pelo per\u00edodo de um ano com possibilidade de prorroga\u00e7\u00e3o. De acordo com a resolu\u00e7\u00e3o, \u00e9 atribu\u00edda automaticamente autoriza\u00e7\u00e3o de resid\u00eancia, pelo per\u00edodo de um ano, com possibilidade de prorroga\u00e7\u00e3o [&hellip;]","og_url":"https:\/\/www.valadascoriel.com\/pt-pt\/flash-imigracao-autorizacao-de-residencia-por-um-ano-a-deslocados-da-ucrania\/","og_site_name":"VCA - Valadas Coriel e Associados","article_publisher":"https:\/\/www.facebook.com\/ValadasCoriel\/","article_published_time":"2022-03-03T09:46:04+00:00","article_modified_time":"2023-07-13T10:43:10+00:00","og_image":[{"width":2560,"height":1707,"url":"https:\/\/www.valadascoriel.com\/wp-content\/uploads\/2022\/03\/2022.03.03_AUTORIZACAO-DE-RESIDENCIA-PARA-UCRANIANOS-scaled.jpg","type":"image\/jpeg"}],"author":"Valadas","twitter_card":"summary_large_image","twitter_creator":"@valadascoriel","twitter_site":"@valadascoriel","twitter_misc":{"Escrito por":"Valadas","Tempo estimado de leitura":"2 minutos"},"schema":{"@context":"https:\/\/schema.org","@graph":[{"@type":"Article","@id":"https:\/\/www.valadascoriel.com\/pt-pt\/flash-imigracao-autorizacao-de-residencia-por-um-ano-a-deslocados-da-ucrania\/#article","isPartOf":{"@id":"https:\/\/www.valadascoriel.com\/pt-pt\/flash-imigracao-autorizacao-de-residencia-por-um-ano-a-deslocados-da-ucrania\/"},"author":{"name":"Valadas","@id":"https:\/\/www.valadascoriel.com\/#\/schema\/person\/6ba1827f709aa9af93f196dd3033f105"},"headline":"Autoriza\u00e7\u00e3o de resid\u00eancia por um ano a deslocados da Ucr\u00e2nia","datePublished":"2022-03-03T09:46:04+00:00","dateModified":"2023-07-13T10:43:10+00:00","mainEntityOfPage":{"@id":"https:\/\/www.valadascoriel.com\/pt-pt\/flash-imigracao-autorizacao-de-residencia-por-um-ano-a-deslocados-da-ucrania\/"},"wordCount":281,"publisher":{"@id":"https:\/\/www.valadascoriel.com\/#organization"},"image":{"@id":"https:\/\/www.valadascoriel.com\/pt-pt\/flash-imigracao-autorizacao-de-residencia-por-um-ano-a-deslocados-da-ucrania\/#primaryimage"},"thumbnailUrl":"https:\/\/www.valadascoriel.com\/wp-content\/uploads\/2022\/03\/2022.03.03_AUTORIZACAO-DE-RESIDENCIA-PARA-UCRANIANOS-scaled.jpg","articleSection":["Not\u00edcias &amp; Insights","Not\u00edcias Legais"],"inLanguage":"pt-PT"},{"@type":"WebPage","@id":"https:\/\/www.valadascoriel.com\/pt-pt\/flash-imigracao-autorizacao-de-residencia-por-um-ano-a-deslocados-da-ucrania\/","url":"https:\/\/www.valadascoriel.com\/pt-pt\/flash-imigracao-autorizacao-de-residencia-por-um-ano-a-deslocados-da-ucrania\/","name":"Autoriza\u00e7\u00e3o de resid\u00eancia por um ano a deslocados da Ucr\u00e2nia - VCA - Valadas Coriel e Associados","isPartOf":{"@id":"https:\/\/www.valadascoriel.com\/#website"},"primaryImageOfPage":{"@id":"https:\/\/www.valadascoriel.com\/pt-pt\/flash-imigracao-autorizacao-de-residencia-por-um-ano-a-deslocados-da-ucrania\/#primaryimage"},"image":{"@id":"https:\/\/www.valadascoriel.com\/pt-pt\/flash-imigracao-autorizacao-de-residencia-por-um-ano-a-deslocados-da-ucrania\/#primaryimage"},"thumbnailUrl":"https:\/\/www.valadascoriel.com\/wp-content\/uploads\/2022\/03\/2022.03.03_AUTORIZACAO-DE-RESIDENCIA-PARA-UCRANIANOS-scaled.jpg","datePublished":"2022-03-03T09:46:04+00:00","dateModified":"2023-07-13T10:43:10+00:00","breadcrumb":{"@id":"https:\/\/www.valadascoriel.com\/pt-pt\/flash-imigracao-autorizacao-de-residencia-por-um-ano-a-deslocados-da-ucrania\/#breadcrumb"},"inLanguage":"pt-PT","potentialAction":[{"@type":"ReadAction","target":["https:\/\/www.valadascoriel.com\/pt-pt\/flash-imigracao-autorizacao-de-residencia-por-um-ano-a-deslocados-da-ucrania\/"]}]},{"@type":"ImageObject","inLanguage":"pt-PT","@id":"https:\/\/www.valadascoriel.com\/pt-pt\/flash-imigracao-autorizacao-de-residencia-por-um-ano-a-deslocados-da-ucrania\/#primaryimage","url":"https:\/\/www.valadascoriel.com\/wp-content\/uploads\/2022\/03\/2022.03.03_AUTORIZACAO-DE-RESIDENCIA-PARA-UCRANIANOS-scaled.jpg","contentUrl":"https:\/\/www.valadascoriel.com\/wp-content\/uploads\/2022\/03\/2022.03.03_AUTORIZACAO-DE-RESIDENCIA-PARA-UCRANIANOS-scaled.jpg","width":2560,"height":1707},{"@type":"BreadcrumbList","@id":"https:\/\/www.valadascoriel.com\/pt-pt\/flash-imigracao-autorizacao-de-residencia-por-um-ano-a-deslocados-da-ucrania\/#breadcrumb","itemListElement":[{"@type":"ListItem","position":1,"name":"In\u00edcio","item":"https:\/\/www.valadascoriel.com\/pt-pt\/"},{"@type":"ListItem","position":2,"name":"Autoriza\u00e7\u00e3o de resid\u00eancia por um ano a deslocados da Ucr\u00e2nia"}]},{"@type":"WebSite","@id":"https:\/\/www.valadascoriel.com\/#website","url":"https:\/\/www.valadascoriel.com\/","name":"Valadas Coriel & Associados","description":"A versatile legal firm combining experience, expertise &amp; creativity.","publisher":{"@id":"https:\/\/www.valadascoriel.com\/#organization"},"potentialAction":[{"@type":"SearchAction","target":{"@type":"EntryPoint","urlTemplate":"https:\/\/www.valadascoriel.com\/?s={search_term_string}"},"query-input":{"@type":"PropertyValueSpecification","valueRequired":true,"valueName":"search_term_string"}}],"inLanguage":"pt-PT"},{"@type":"Organization","@id":"https:\/\/www.valadascoriel.com\/#organization","name":"Valadas Coriel & Associados","alternateName":"VCA","url":"https:\/\/www.valadascoriel.com\/","logo":{"@type":"ImageObject","inLanguage":"pt-PT","@id":"https:\/\/www.valadascoriel.com\/#\/schema\/logo\/image\/","url":"https:\/\/www.valadascoriel.com\/wp-content\/uploads\/2023\/03\/cropped-favicon-1.png","contentUrl":"https:\/\/www.valadascoriel.com\/wp-content\/uploads\/2023\/03\/cropped-favicon-1.png","width":512,"height":512,"caption":"Valadas Coriel & Associados"},"image":{"@id":"https:\/\/www.valadascoriel.com\/#\/schema\/logo\/image\/"},"sameAs":["https:\/\/www.facebook.com\/ValadasCoriel\/","https:\/\/x.com\/valadascoriel","https:\/\/pt.linkedin.com\/company\/vca-valadas-coriel-associados","https:\/\/www.youtube.com\/channel\/UCic8dCFjoTtH5u890aEcW5Q"]},{"@type":"Person","@id":"https:\/\/www.valadascoriel.com\/#\/schema\/person\/6ba1827f709aa9af93f196dd3033f105","name":"Valadas","image":{"@type":"ImageObject","inLanguage":"pt-PT","@id":"https:\/\/www.valadascoriel.com\/#\/schema\/person\/image\/","url":"https:\/\/secure.gravatar.com\/avatar\/27e8efbc4ac63294d5dfdcb8755f8b498edda75901f3d068684f10f93bac11ce?s=96&d=mm&r=g","contentUrl":"https:\/\/secure.gravatar.com\/avatar\/27e8efbc4ac63294d5dfdcb8755f8b498edda75901f3d068684f10f93bac11ce?s=96&d=mm&r=g","caption":"Valadas"},"url":"https:\/\/www.valadascoriel.com\/pt-pt\/author\/tgadmin\/"}]}},"_links":{"self":[{"href":"https:\/\/www.valadascoriel.com\/pt-pt\/wp-json\/wp\/v2\/posts\/8289","targetHints":{"allow":["GET"]}}],"collection":[{"href":"https:\/\/www.valadascoriel.com\/pt-pt\/wp-json\/wp\/v2\/posts"}],"about":[{"href":"https:\/\/www.valadascoriel.com\/pt-pt\/wp-json\/wp\/v2\/types\/post"}],"author":[{"embeddable":true,"href":"https:\/\/www.valadascoriel.com\/pt-pt\/wp-json\/wp\/v2\/users\/2"}],"replies":[{"embeddable":true,"href":"https:\/\/www.valadascoriel.com\/pt-pt\/wp-json\/wp\/v2\/comments?post=8289"}],"version-history":[{"count":1,"href":"https:\/\/www.valadascoriel.com\/pt-pt\/wp-json\/wp\/v2\/posts\/8289\/revisions"}],"predecessor-version":[{"id":11861,"href":"https:\/\/www.valadascoriel.com\/pt-pt\/wp-json\/wp\/v2\/posts\/8289\/revisions\/11861"}],"wp:featuredmedia":[{"embeddable":true,"href":"https:\/\/www.valadascoriel.com\/pt-pt\/wp-json\/wp\/v2\/media\/11859"}],"wp:attachment":[{"href":"https:\/\/www.valadascoriel.com\/pt-pt\/wp-json\/wp\/v2\/media?parent=8289"}],"wp:term":[{"taxonomy":"category","embeddable":true,"href":"https:\/\/www.valadascoriel.com\/pt-pt\/wp-json\/wp\/v2\/categories?post=8289"},{"taxonomy":"post_tag","embeddable":true,"href":"https:\/\/www.valadascoriel.com\/pt-pt\/wp-json\/wp\/v2\/tags?post=8289"}],"curies":[{"name":"wp","href":"https:\/\/api.w.org\/{rel}","templated":true}]}}