{"id":8343,"date":"2022-12-05T09:33:23","date_gmt":"2022-12-05T09:33:23","guid":{"rendered":"https:\/\/odin.valadascoriel.com\/legal-alert-plataforma-de-cessacao-de-contratos-de-comunicacoes-eletronicas\/"},"modified":"2023-06-27T10:21:33","modified_gmt":"2023-06-27T10:21:33","slug":"legal-alert-plataforma-de-cessacao-de-contratos-de-comunicacoes-eletronicas","status":"publish","type":"post","link":"https:\/\/www.valadascoriel.com\/pt-pt\/legal-alert-plataforma-de-cessacao-de-contratos-de-comunicacoes-eletronicas\/","title":{"rendered":"Plataforma de cessa\u00e7\u00e3o de contratos de comunica\u00e7\u00f5es eletr\u00f3nicas"},"content":{"rendered":"<p>Entrou em vigor no dia 29 de novembro de 2022 a portaria n.\u00ba 284\/2022 que aprova as funcionalidades da denominada \u201cPlataforma de cessa\u00e7\u00e3o de contratos\u201d cuja gest\u00e3o<br \/>\ncompete \u00e0 Direc\u00e7\u00e3o-Geral do Consumidor, que trar\u00e1 vantagens aos consumidores, nomeadamente quanto ao cancelamento dos contratos realizados com operadoras, que por diversas vezes levantam diversas quest\u00f5es quanto ao processamento da rescis\u00e3o contratual.<\/p>\n<p>Assim de acordo com a referida portaria, a plataforma permite apresentar pedidos de informa\u00e7\u00e3o contratual, bem como rescindir os contratos atrav\u00e9s da mesma sem preju\u00edzo da utiliza\u00e7\u00e3o das formas tradicionais.<\/p>\n<p>Alertamos para o facto de numa primeira fase ser apenas poss\u00edvel cessar contratos de comunica\u00e7\u00f5es eletr\u00f3nicas atrav\u00e9s de den\u00fancia estando prevista uma segunda fase (a implementar at\u00e9 30 de setembro de 2023) para exerc\u00edcio da suspens\u00e3o dos contratos ou para exerc\u00edcio do direito de cessa\u00e7\u00e3o dos contratos por caducidade ou resolu\u00e7\u00e3o, bem como ser\u00e1 poss\u00edvel proceder \u00e0 comunica\u00e7\u00e3o do \u00f3bito dos titulares do contrato.<\/p>\n<p>O acesso \u00e0 plataforma realiza-se atrav\u00e9s do endere\u00e7o www.cessacaodecontratos.pt, sendo necess\u00e1ria a autentica\u00e7\u00e3o atrav\u00e9s de chave m\u00f3vel digital, do cart\u00e3o de cidad\u00e3o ou dos dados de acesso ao portal das finan\u00e7as.<\/p>\n<p><strong>Para mais informa\u00e7\u00f5es por favor contacte:<\/strong><br \/>\n<a href=\"https:\/\/www.valadascoriel.com\/sociedade\/equipa\/ana-santos-fontes\/\" target=\"_blank\" rel=\"noopener\"><strong>Ana Santos Fontes<\/strong><\/a><br \/>\n<a href=\"mailto:ana.fontes@valadascoriel.com\">ana.fontes@valadascoriel.com<\/a><br \/>\n&amp;<br \/>\n<strong><a href=\"https:\/\/www.valadascoriel.com\/sociedade\/equipa\/ines-alvoeiro\/\" target=\"_blank\" rel=\"noopener\">In\u00eas Alvoeiro<\/a><\/strong><br \/>\n<a href=\"mailto:ines.alvoeiro@valadascoriel.com\">ines.alvoeiro@valadascoriel.com<\/a><\/p>\n","protected":false},"excerpt":{"rendered":"<p>Entrou em vigor no dia 29 de novembro de 2022 a portaria n.\u00ba 284\/2022 que aprova as funcionalidades da denominada \u201cPlataforma de cessa\u00e7\u00e3o de contratos\u201d cuja gest\u00e3o compete \u00e0 Direc\u00e7\u00e3o-Geral do Consumidor, que trar\u00e1 vantagens aos consumidores, nomeadamente quanto ao cancelamento dos contratos realizados com operadoras, que por diversas vezes levantam diversas quest\u00f5es quanto ao [&hellip;]<\/p>\n","protected":false},"author":2,"featured_media":11466,"comment_status":"closed","ping_status":"closed","sticky":false,"template":"","format":"standard","meta":{"content-type":"","footnotes":""},"categories":[24,47],"tags":[],"class_list":["post-8343","post","type-post","status-publish","format-standard","has-post-thumbnail","hentry","category-noticias-e-insights","category-noticias-legais"],"yoast_head":"<!-- This site is optimized with the Yoast SEO Premium plugin v21.3 (Yoast SEO v26.1.1) - https:\/\/yoast.com\/wordpress\/plugins\/seo\/ -->\n<title>Plataforma de cessa\u00e7\u00e3o de contratos de comunica\u00e7\u00f5es eletr\u00f3nicas - VCA - Valadas Coriel e Associados<\/title>\n<meta name=\"robots\" content=\"index, follow, max-snippet:-1, max-image-preview:large, max-video-preview:-1\" \/>\n<link rel=\"canonical\" href=\"https:\/\/www.valadascoriel.com\/pt-pt\/legal-alert-plataforma-de-cessacao-de-contratos-de-comunicacoes-eletronicas\/\" \/>\n<meta property=\"og:locale\" content=\"pt_PT\" \/>\n<meta property=\"og:type\" content=\"article\" \/>\n<meta property=\"og:title\" content=\"Plataforma de cessa\u00e7\u00e3o de contratos de comunica\u00e7\u00f5es eletr\u00f3nicas\" \/>\n<meta property=\"og:description\" content=\"Entrou em vigor no dia 29 de novembro de 2022 a portaria n.\u00ba 284\/2022 que aprova as funcionalidades da denominada \u201cPlataforma de cessa\u00e7\u00e3o de contratos\u201d cuja gest\u00e3o compete \u00e0 Direc\u00e7\u00e3o-Geral do Consumidor, que trar\u00e1 vantagens aos consumidores, nomeadamente quanto ao cancelamento dos contratos realizados com operadoras, que por diversas vezes levantam diversas quest\u00f5es quanto ao [&hellip;]\" \/>\n<meta property=\"og:url\" content=\"https:\/\/www.valadascoriel.com\/pt-pt\/legal-alert-plataforma-de-cessacao-de-contratos-de-comunicacoes-eletronicas\/\" \/>\n<meta property=\"og:site_name\" content=\"VCA - Valadas Coriel e Associados\" \/>\n<meta property=\"article:publisher\" content=\"https:\/\/www.facebook.com\/ValadasCoriel\/\" \/>\n<meta property=\"article:published_time\" content=\"2022-12-05T09:33:23+00:00\" \/>\n<meta property=\"article:modified_time\" content=\"2023-06-27T10:21:33+00:00\" \/>\n<meta property=\"og:image\" content=\"https:\/\/www.valadascoriel.com\/wp-content\/uploads\/2022\/12\/2022.12.05_CESSAO-DE-CONTRATOS-ELECTRONICAS-scaled.jpg\" \/>\n\t<meta property=\"og:image:width\" content=\"2560\" \/>\n\t<meta property=\"og:image:height\" content=\"1707\" \/>\n\t<meta property=\"og:image:type\" content=\"image\/jpeg\" \/>\n<meta name=\"author\" content=\"Valadas\" \/>\n<meta name=\"twitter:card\" content=\"summary_large_image\" \/>\n<meta name=\"twitter:creator\" content=\"@valadascoriel\" \/>\n<meta name=\"twitter:site\" content=\"@valadascoriel\" \/>\n<meta name=\"twitter:label1\" content=\"Escrito por\" \/>\n\t<meta name=\"twitter:data1\" content=\"Valadas\" \/>\n\t<meta name=\"twitter:label2\" content=\"Tempo estimado de leitura\" \/>\n\t<meta name=\"twitter:data2\" content=\"2 minutos\" \/>\n<script type=\"application\/ld+json\" class=\"yoast-schema-graph\">{\"@context\":\"https:\/\/schema.org\",\"@graph\":[{\"@type\":\"Article\",\"@id\":\"https:\/\/www.valadascoriel.com\/pt-pt\/legal-alert-plataforma-de-cessacao-de-contratos-de-comunicacoes-eletronicas\/#article\",\"isPartOf\":{\"@id\":\"https:\/\/www.valadascoriel.com\/pt-pt\/legal-alert-plataforma-de-cessacao-de-contratos-de-comunicacoes-eletronicas\/\"},\"author\":{\"name\":\"Valadas\",\"@id\":\"https:\/\/www.valadascoriel.com\/#\/schema\/person\/6ba1827f709aa9af93f196dd3033f105\"},\"headline\":\"Plataforma de cessa\u00e7\u00e3o de contratos de comunica\u00e7\u00f5es eletr\u00f3nicas\",\"datePublished\":\"2022-12-05T09:33:23+00:00\",\"dateModified\":\"2023-06-27T10:21:33+00:00\",\"mainEntityOfPage\":{\"@id\":\"https:\/\/www.valadascoriel.com\/pt-pt\/legal-alert-plataforma-de-cessacao-de-contratos-de-comunicacoes-eletronicas\/\"},\"wordCount\":241,\"publisher\":{\"@id\":\"https:\/\/www.valadascoriel.com\/#organization\"},\"image\":{\"@id\":\"https:\/\/www.valadascoriel.com\/pt-pt\/legal-alert-plataforma-de-cessacao-de-contratos-de-comunicacoes-eletronicas\/#primaryimage\"},\"thumbnailUrl\":\"https:\/\/www.valadascoriel.com\/wp-content\/uploads\/2022\/12\/2022.12.05_CESSAO-DE-CONTRATOS-ELECTRONICAS-scaled.jpg\",\"articleSection\":[\"Not\u00edcias &amp; Insights\",\"Not\u00edcias Legais\"],\"inLanguage\":\"pt-PT\"},{\"@type\":\"WebPage\",\"@id\":\"https:\/\/www.valadascoriel.com\/pt-pt\/legal-alert-plataforma-de-cessacao-de-contratos-de-comunicacoes-eletronicas\/\",\"url\":\"https:\/\/www.valadascoriel.com\/pt-pt\/legal-alert-plataforma-de-cessacao-de-contratos-de-comunicacoes-eletronicas\/\",\"name\":\"Plataforma de cessa\u00e7\u00e3o de contratos de comunica\u00e7\u00f5es eletr\u00f3nicas - VCA - Valadas Coriel e Associados\",\"isPartOf\":{\"@id\":\"https:\/\/www.valadascoriel.com\/#website\"},\"primaryImageOfPage\":{\"@id\":\"https:\/\/www.valadascoriel.com\/pt-pt\/legal-alert-plataforma-de-cessacao-de-contratos-de-comunicacoes-eletronicas\/#primaryimage\"},\"image\":{\"@id\":\"https:\/\/www.valadascoriel.com\/pt-pt\/legal-alert-plataforma-de-cessacao-de-contratos-de-comunicacoes-eletronicas\/#primaryimage\"},\"thumbnailUrl\":\"https:\/\/www.valadascoriel.com\/wp-content\/uploads\/2022\/12\/2022.12.05_CESSAO-DE-CONTRATOS-ELECTRONICAS-scaled.jpg\",\"datePublished\":\"2022-12-05T09:33:23+00:00\",\"dateModified\":\"2023-06-27T10:21:33+00:00\",\"breadcrumb\":{\"@id\":\"https:\/\/www.valadascoriel.com\/pt-pt\/legal-alert-plataforma-de-cessacao-de-contratos-de-comunicacoes-eletronicas\/#breadcrumb\"},\"inLanguage\":\"pt-PT\",\"potentialAction\":[{\"@type\":\"ReadAction\",\"target\":[\"https:\/\/www.valadascoriel.com\/pt-pt\/legal-alert-plataforma-de-cessacao-de-contratos-de-comunicacoes-eletronicas\/\"]}]},{\"@type\":\"ImageObject\",\"inLanguage\":\"pt-PT\",\"@id\":\"https:\/\/www.valadascoriel.com\/pt-pt\/legal-alert-plataforma-de-cessacao-de-contratos-de-comunicacoes-eletronicas\/#primaryimage\",\"url\":\"https:\/\/www.valadascoriel.com\/wp-content\/uploads\/2022\/12\/2022.12.05_CESSAO-DE-CONTRATOS-ELECTRONICAS-scaled.jpg\",\"contentUrl\":\"https:\/\/www.valadascoriel.com\/wp-content\/uploads\/2022\/12\/2022.12.05_CESSAO-DE-CONTRATOS-ELECTRONICAS-scaled.jpg\",\"width\":2560,\"height\":1707},{\"@type\":\"BreadcrumbList\",\"@id\":\"https:\/\/www.valadascoriel.com\/pt-pt\/legal-alert-plataforma-de-cessacao-de-contratos-de-comunicacoes-eletronicas\/#breadcrumb\",\"itemListElement\":[{\"@type\":\"ListItem\",\"position\":1,\"name\":\"In\u00edcio\",\"item\":\"https:\/\/www.valadascoriel.com\/pt-pt\/\"},{\"@type\":\"ListItem\",\"position\":2,\"name\":\"Plataforma de cessa\u00e7\u00e3o de contratos de comunica\u00e7\u00f5es eletr\u00f3nicas\"}]},{\"@type\":\"WebSite\",\"@id\":\"https:\/\/www.valadascoriel.com\/#website\",\"url\":\"https:\/\/www.valadascoriel.com\/\",\"name\":\"Valadas Coriel & Associados\",\"description\":\"A versatile legal firm combining experience, expertise &amp; creativity.\",\"publisher\":{\"@id\":\"https:\/\/www.valadascoriel.com\/#organization\"},\"potentialAction\":[{\"@type\":\"SearchAction\",\"target\":{\"@type\":\"EntryPoint\",\"urlTemplate\":\"https:\/\/www.valadascoriel.com\/?s={search_term_string}\"},\"query-input\":{\"@type\":\"PropertyValueSpecification\",\"valueRequired\":true,\"valueName\":\"search_term_string\"}}],\"inLanguage\":\"pt-PT\"},{\"@type\":\"Organization\",\"@id\":\"https:\/\/www.valadascoriel.com\/#organization\",\"name\":\"Valadas Coriel & Associados\",\"alternateName\":\"VCA\",\"url\":\"https:\/\/www.valadascoriel.com\/\",\"logo\":{\"@type\":\"ImageObject\",\"inLanguage\":\"pt-PT\",\"@id\":\"https:\/\/www.valadascoriel.com\/#\/schema\/logo\/image\/\",\"url\":\"https:\/\/www.valadascoriel.com\/wp-content\/uploads\/2023\/03\/cropped-favicon-1.png\",\"contentUrl\":\"https:\/\/www.valadascoriel.com\/wp-content\/uploads\/2023\/03\/cropped-favicon-1.png\",\"width\":512,\"height\":512,\"caption\":\"Valadas Coriel & Associados\"},\"image\":{\"@id\":\"https:\/\/www.valadascoriel.com\/#\/schema\/logo\/image\/\"},\"sameAs\":[\"https:\/\/www.facebook.com\/ValadasCoriel\/\",\"https:\/\/x.com\/valadascoriel\",\"https:\/\/pt.linkedin.com\/company\/vca-valadas-coriel-associados\",\"https:\/\/www.youtube.com\/channel\/UCic8dCFjoTtH5u890aEcW5Q\"]},{\"@type\":\"Person\",\"@id\":\"https:\/\/www.valadascoriel.com\/#\/schema\/person\/6ba1827f709aa9af93f196dd3033f105\",\"name\":\"Valadas\",\"image\":{\"@type\":\"ImageObject\",\"inLanguage\":\"pt-PT\",\"@id\":\"https:\/\/www.valadascoriel.com\/#\/schema\/person\/image\/\",\"url\":\"https:\/\/secure.gravatar.com\/avatar\/27e8efbc4ac63294d5dfdcb8755f8b498edda75901f3d068684f10f93bac11ce?s=96&d=mm&r=g\",\"contentUrl\":\"https:\/\/secure.gravatar.com\/avatar\/27e8efbc4ac63294d5dfdcb8755f8b498edda75901f3d068684f10f93bac11ce?s=96&d=mm&r=g\",\"caption\":\"Valadas\"},\"url\":\"https:\/\/www.valadascoriel.com\/pt-pt\/author\/tgadmin\/\"}]}<\/script>\n<!-- \/ Yoast SEO Premium plugin. -->","yoast_head_json":{"title":"Plataforma de cessa\u00e7\u00e3o de contratos de comunica\u00e7\u00f5es eletr\u00f3nicas - VCA - Valadas Coriel e Associados","robots":{"index":"index","follow":"follow","max-snippet":"max-snippet:-1","max-image-preview":"max-image-preview:large","max-video-preview":"max-video-preview:-1"},"canonical":"https:\/\/www.valadascoriel.com\/pt-pt\/legal-alert-plataforma-de-cessacao-de-contratos-de-comunicacoes-eletronicas\/","og_locale":"pt_PT","og_type":"article","og_title":"Plataforma de cessa\u00e7\u00e3o de contratos de comunica\u00e7\u00f5es eletr\u00f3nicas","og_description":"Entrou em vigor no dia 29 de novembro de 2022 a portaria n.\u00ba 284\/2022 que aprova as funcionalidades da denominada \u201cPlataforma de cessa\u00e7\u00e3o de contratos\u201d cuja gest\u00e3o compete \u00e0 Direc\u00e7\u00e3o-Geral do Consumidor, que trar\u00e1 vantagens aos consumidores, nomeadamente quanto ao cancelamento dos contratos realizados com operadoras, que por diversas vezes levantam diversas quest\u00f5es quanto ao [&hellip;]","og_url":"https:\/\/www.valadascoriel.com\/pt-pt\/legal-alert-plataforma-de-cessacao-de-contratos-de-comunicacoes-eletronicas\/","og_site_name":"VCA - Valadas Coriel e Associados","article_publisher":"https:\/\/www.facebook.com\/ValadasCoriel\/","article_published_time":"2022-12-05T09:33:23+00:00","article_modified_time":"2023-06-27T10:21:33+00:00","og_image":[{"width":2560,"height":1707,"url":"https:\/\/www.valadascoriel.com\/wp-content\/uploads\/2022\/12\/2022.12.05_CESSAO-DE-CONTRATOS-ELECTRONICAS-scaled.jpg","type":"image\/jpeg"}],"author":"Valadas","twitter_card":"summary_large_image","twitter_creator":"@valadascoriel","twitter_site":"@valadascoriel","twitter_misc":{"Escrito por":"Valadas","Tempo estimado de leitura":"2 minutos"},"schema":{"@context":"https:\/\/schema.org","@graph":[{"@type":"Article","@id":"https:\/\/www.valadascoriel.com\/pt-pt\/legal-alert-plataforma-de-cessacao-de-contratos-de-comunicacoes-eletronicas\/#article","isPartOf":{"@id":"https:\/\/www.valadascoriel.com\/pt-pt\/legal-alert-plataforma-de-cessacao-de-contratos-de-comunicacoes-eletronicas\/"},"author":{"name":"Valadas","@id":"https:\/\/www.valadascoriel.com\/#\/schema\/person\/6ba1827f709aa9af93f196dd3033f105"},"headline":"Plataforma de cessa\u00e7\u00e3o de contratos de comunica\u00e7\u00f5es eletr\u00f3nicas","datePublished":"2022-12-05T09:33:23+00:00","dateModified":"2023-06-27T10:21:33+00:00","mainEntityOfPage":{"@id":"https:\/\/www.valadascoriel.com\/pt-pt\/legal-alert-plataforma-de-cessacao-de-contratos-de-comunicacoes-eletronicas\/"},"wordCount":241,"publisher":{"@id":"https:\/\/www.valadascoriel.com\/#organization"},"image":{"@id":"https:\/\/www.valadascoriel.com\/pt-pt\/legal-alert-plataforma-de-cessacao-de-contratos-de-comunicacoes-eletronicas\/#primaryimage"},"thumbnailUrl":"https:\/\/www.valadascoriel.com\/wp-content\/uploads\/2022\/12\/2022.12.05_CESSAO-DE-CONTRATOS-ELECTRONICAS-scaled.jpg","articleSection":["Not\u00edcias &amp; Insights","Not\u00edcias Legais"],"inLanguage":"pt-PT"},{"@type":"WebPage","@id":"https:\/\/www.valadascoriel.com\/pt-pt\/legal-alert-plataforma-de-cessacao-de-contratos-de-comunicacoes-eletronicas\/","url":"https:\/\/www.valadascoriel.com\/pt-pt\/legal-alert-plataforma-de-cessacao-de-contratos-de-comunicacoes-eletronicas\/","name":"Plataforma de cessa\u00e7\u00e3o de contratos de comunica\u00e7\u00f5es eletr\u00f3nicas - VCA - Valadas Coriel e Associados","isPartOf":{"@id":"https:\/\/www.valadascoriel.com\/#website"},"primaryImageOfPage":{"@id":"https:\/\/www.valadascoriel.com\/pt-pt\/legal-alert-plataforma-de-cessacao-de-contratos-de-comunicacoes-eletronicas\/#primaryimage"},"image":{"@id":"https:\/\/www.valadascoriel.com\/pt-pt\/legal-alert-plataforma-de-cessacao-de-contratos-de-comunicacoes-eletronicas\/#primaryimage"},"thumbnailUrl":"https:\/\/www.valadascoriel.com\/wp-content\/uploads\/2022\/12\/2022.12.05_CESSAO-DE-CONTRATOS-ELECTRONICAS-scaled.jpg","datePublished":"2022-12-05T09:33:23+00:00","dateModified":"2023-06-27T10:21:33+00:00","breadcrumb":{"@id":"https:\/\/www.valadascoriel.com\/pt-pt\/legal-alert-plataforma-de-cessacao-de-contratos-de-comunicacoes-eletronicas\/#breadcrumb"},"inLanguage":"pt-PT","potentialAction":[{"@type":"ReadAction","target":["https:\/\/www.valadascoriel.com\/pt-pt\/legal-alert-plataforma-de-cessacao-de-contratos-de-comunicacoes-eletronicas\/"]}]},{"@type":"ImageObject","inLanguage":"pt-PT","@id":"https:\/\/www.valadascoriel.com\/pt-pt\/legal-alert-plataforma-de-cessacao-de-contratos-de-comunicacoes-eletronicas\/#primaryimage","url":"https:\/\/www.valadascoriel.com\/wp-content\/uploads\/2022\/12\/2022.12.05_CESSAO-DE-CONTRATOS-ELECTRONICAS-scaled.jpg","contentUrl":"https:\/\/www.valadascoriel.com\/wp-content\/uploads\/2022\/12\/2022.12.05_CESSAO-DE-CONTRATOS-ELECTRONICAS-scaled.jpg","width":2560,"height":1707},{"@type":"BreadcrumbList","@id":"https:\/\/www.valadascoriel.com\/pt-pt\/legal-alert-plataforma-de-cessacao-de-contratos-de-comunicacoes-eletronicas\/#breadcrumb","itemListElement":[{"@type":"ListItem","position":1,"name":"In\u00edcio","item":"https:\/\/www.valadascoriel.com\/pt-pt\/"},{"@type":"ListItem","position":2,"name":"Plataforma de cessa\u00e7\u00e3o de contratos de comunica\u00e7\u00f5es eletr\u00f3nicas"}]},{"@type":"WebSite","@id":"https:\/\/www.valadascoriel.com\/#website","url":"https:\/\/www.valadascoriel.com\/","name":"Valadas Coriel & Associados","description":"A versatile legal firm combining experience, expertise &amp; creativity.","publisher":{"@id":"https:\/\/www.valadascoriel.com\/#organization"},"potentialAction":[{"@type":"SearchAction","target":{"@type":"EntryPoint","urlTemplate":"https:\/\/www.valadascoriel.com\/?s={search_term_string}"},"query-input":{"@type":"PropertyValueSpecification","valueRequired":true,"valueName":"search_term_string"}}],"inLanguage":"pt-PT"},{"@type":"Organization","@id":"https:\/\/www.valadascoriel.com\/#organization","name":"Valadas Coriel & Associados","alternateName":"VCA","url":"https:\/\/www.valadascoriel.com\/","logo":{"@type":"ImageObject","inLanguage":"pt-PT","@id":"https:\/\/www.valadascoriel.com\/#\/schema\/logo\/image\/","url":"https:\/\/www.valadascoriel.com\/wp-content\/uploads\/2023\/03\/cropped-favicon-1.png","contentUrl":"https:\/\/www.valadascoriel.com\/wp-content\/uploads\/2023\/03\/cropped-favicon-1.png","width":512,"height":512,"caption":"Valadas Coriel & Associados"},"image":{"@id":"https:\/\/www.valadascoriel.com\/#\/schema\/logo\/image\/"},"sameAs":["https:\/\/www.facebook.com\/ValadasCoriel\/","https:\/\/x.com\/valadascoriel","https:\/\/pt.linkedin.com\/company\/vca-valadas-coriel-associados","https:\/\/www.youtube.com\/channel\/UCic8dCFjoTtH5u890aEcW5Q"]},{"@type":"Person","@id":"https:\/\/www.valadascoriel.com\/#\/schema\/person\/6ba1827f709aa9af93f196dd3033f105","name":"Valadas","image":{"@type":"ImageObject","inLanguage":"pt-PT","@id":"https:\/\/www.valadascoriel.com\/#\/schema\/person\/image\/","url":"https:\/\/secure.gravatar.com\/avatar\/27e8efbc4ac63294d5dfdcb8755f8b498edda75901f3d068684f10f93bac11ce?s=96&d=mm&r=g","contentUrl":"https:\/\/secure.gravatar.com\/avatar\/27e8efbc4ac63294d5dfdcb8755f8b498edda75901f3d068684f10f93bac11ce?s=96&d=mm&r=g","caption":"Valadas"},"url":"https:\/\/www.valadascoriel.com\/pt-pt\/author\/tgadmin\/"}]}},"_links":{"self":[{"href":"https:\/\/www.valadascoriel.com\/pt-pt\/wp-json\/wp\/v2\/posts\/8343","targetHints":{"allow":["GET"]}}],"collection":[{"href":"https:\/\/www.valadascoriel.com\/pt-pt\/wp-json\/wp\/v2\/posts"}],"about":[{"href":"https:\/\/www.valadascoriel.com\/pt-pt\/wp-json\/wp\/v2\/types\/post"}],"author":[{"embeddable":true,"href":"https:\/\/www.valadascoriel.com\/pt-pt\/wp-json\/wp\/v2\/users\/2"}],"replies":[{"embeddable":true,"href":"https:\/\/www.valadascoriel.com\/pt-pt\/wp-json\/wp\/v2\/comments?post=8343"}],"version-history":[{"count":1,"href":"https:\/\/www.valadascoriel.com\/pt-pt\/wp-json\/wp\/v2\/posts\/8343\/revisions"}],"predecessor-version":[{"id":11469,"href":"https:\/\/www.valadascoriel.com\/pt-pt\/wp-json\/wp\/v2\/posts\/8343\/revisions\/11469"}],"wp:featuredmedia":[{"embeddable":true,"href":"https:\/\/www.valadascoriel.com\/pt-pt\/wp-json\/wp\/v2\/media\/11466"}],"wp:attachment":[{"href":"https:\/\/www.valadascoriel.com\/pt-pt\/wp-json\/wp\/v2\/media?parent=8343"}],"wp:term":[{"taxonomy":"category","embeddable":true,"href":"https:\/\/www.valadascoriel.com\/pt-pt\/wp-json\/wp\/v2\/categories?post=8343"},{"taxonomy":"post_tag","embeddable":true,"href":"https:\/\/www.valadascoriel.com\/pt-pt\/wp-json\/wp\/v2\/tags?post=8343"}],"curies":[{"name":"wp","href":"https:\/\/api.w.org\/{rel}","templated":true}]}}