{"id":8348,"date":"2023-01-03T17:02:53","date_gmt":"2023-01-03T17:02:53","guid":{"rendered":"https:\/\/odin.valadascoriel.com\/a-legislacao-laboral-em-2023-o-que-vai-mudar\/"},"modified":"2023-07-10T15:47:29","modified_gmt":"2023-07-10T15:47:29","slug":"a-legislacao-laboral-em-2023-o-que-vai-mudar","status":"publish","type":"post","link":"https:\/\/www.valadascoriel.com\/pt-pt\/a-legislacao-laboral-em-2023-o-que-vai-mudar\/","title":{"rendered":"A legisla\u00e7\u00e3o laboral em 2023 &#8211; o que vai (?) mudar"},"content":{"rendered":"<blockquote>\n<h6><img loading=\"lazy\" decoding=\"async\" class=\"size-medium wp-image-10282 alignright\" src=\"https:\/\/www.valadascoriel.com\/wp-content\/uploads\/2021\/04\/ALTERACOES-CODIGO-DE-TRABALHO-300x200.jpg\" alt=\"\" width=\"300\" height=\"200\" srcset=\"https:\/\/www.valadascoriel.com\/wp-content\/uploads\/2021\/04\/ALTERACOES-CODIGO-DE-TRABALHO-300x200.jpg 300w, https:\/\/www.valadascoriel.com\/wp-content\/uploads\/2021\/04\/ALTERACOES-CODIGO-DE-TRABALHO-1024x684.jpg 1024w, https:\/\/www.valadascoriel.com\/wp-content\/uploads\/2021\/04\/ALTERACOES-CODIGO-DE-TRABALHO-768x513.jpg 768w, https:\/\/www.valadascoriel.com\/wp-content\/uploads\/2021\/04\/ALTERACOES-CODIGO-DE-TRABALHO-1536x1025.jpg 1536w, https:\/\/www.valadascoriel.com\/wp-content\/uploads\/2021\/04\/ALTERACOES-CODIGO-DE-TRABALHO-2048x1367.jpg 2048w, https:\/\/www.valadascoriel.com\/wp-content\/uploads\/2021\/04\/ALTERACOES-CODIGO-DE-TRABALHO-180x120.jpg 180w\" sizes=\"auto, (max-width: 300px) 100vw, 300px\" \/>Entre consider\u00e1veis n\u00edveis de incerteza e volatilidade nos mercados, elevadas press\u00f5es nos pre\u00e7os da energia, eros\u00e3o do poder de compra das fam\u00edlias e condi\u00e7\u00f5es de financiamento cada vez mais apertadas, o ano de 2023 avizinha-se como um de grandes desafios para empresas e trabalhadores. As previs\u00f5es mais optimistas apontam para um cen\u00e1rio de (fraco) crescimento econ\u00f3mico que apenas ter\u00e1 in\u00edcio no segundo semestre de 2023 e desde que a escalada da infla\u00e7\u00e3o diminua ao ritmo expect\u00e1vel (cen\u00e1rio, infelizmente, cada vez mais remoto).<br \/>\n\u00c9 neste contexto que se encontram em discuss\u00e3o na Assembleia da Rep\u00fablica altera\u00e7\u00f5es significativas \u00e0 legisla\u00e7\u00e3o laboral que, de acordo com os dados dispon\u00edveis \u00e0 data, implicar\u00e3o aumento dos custos para as empresas, nomeadamente ao n\u00edvel do pagamento do trabalho suplementar e das compensa\u00e7\u00f5es por caducidade de contractos de trabalho a termo.<br \/>\nO mercado de trabalho, ainda que com ligeira invers\u00e3o de tend\u00eancia, mant\u00e9m-se forte, com n\u00edveis de desemprego surpreendentemente baixos face \u00e0 realidade econ\u00f3mica subjacente.<br \/>\nTudo isto significa que o ano de 2023 ser\u00e1 particularmente desafiante no que respeita \u00e0 gest\u00e3o de recursos humanos, pelo que importa desde j\u00e1 levar em linha de conta os dados legislativos que se encontram dispon\u00edveis, assim como as altera\u00e7\u00f5es \u00e0 legisla\u00e7\u00e3o laboral que est\u00e3o em discuss\u00e3o mas que, face \u00e0 actual conjuntura pol\u00edtica, com grande n\u00edvel de seguran\u00e7a podemos afirmar ir\u00e3o em breve entrar em vigor.<\/h6>\n<\/blockquote>\n<p>Veja tudo sobre as altera\u00e7\u00f5es para 2023 <a href=\"https:\/\/www.valadascoriel.com\/wp-content\/uploads\/2023\/01\/Novidades_Laborais_2023.pdf\" target=\"_blank\" rel=\"noopener\">aqui<\/a>.<\/p>\n<p>Para mais informa\u00e7\u00f5es ou apoio, contacte o s\u00f3cio de laboral, <a href=\"https:\/\/www.valadascoriel.com\/sociedade\/equipa\/hugo-martins-braz\/\" target=\"_blank\" rel=\"noopener\"><strong>Hugo Martins Braz<\/strong><\/a> &#8211; <a href=\"mailto:hugomartinsbraz@valadascoriel.com\" target=\"_blank\" rel=\"noopener\">hugomartinsbraz@valadascoriel.com<\/a>, ou o <em>of counsel<\/em>\u00a0<a href=\"https:\/\/www.valadascoriel.com\/sociedade\/equipa\/tiago-lopes-fernandez\/\" target=\"_blank\" rel=\"noopener\"><strong>Tiago Lopes Fernandez<\/strong><\/a> &#8211; <a href=\"mailto:tiagolopesfernandez@valadascoriel.com\" target=\"_blank\" rel=\"noopener\">tiagolopesfernandez@valadascoriel.com<\/a>.<\/p>\n","protected":false},"excerpt":{"rendered":"<p>Entre consider\u00e1veis n\u00edveis de incerteza e volatilidade nos mercados, elevadas press\u00f5es nos pre\u00e7os da energia, eros\u00e3o do poder de compra das fam\u00edlias e condi\u00e7\u00f5es de financiamento cada vez mais apertadas, o ano de 2023 avizinha-se como um de grandes desafios para empresas e trabalhadores. As previs\u00f5es mais optimistas apontam para um cen\u00e1rio de (fraco) crescimento [&hellip;]<\/p>\n","protected":false},"author":2,"featured_media":10282,"comment_status":"closed","ping_status":"closed","sticky":false,"template":"","format":"standard","meta":{"content-type":"","footnotes":""},"categories":[24,31],"tags":[],"class_list":["post-8348","post","type-post","status-publish","format-standard","has-post-thumbnail","hentry","category-noticias-e-insights","category-publicacoes"],"yoast_head":"<!-- This site is optimized with the Yoast SEO Premium plugin v21.3 (Yoast SEO v26.1.1) - https:\/\/yoast.com\/wordpress\/plugins\/seo\/ -->\n<title>A legisla\u00e7\u00e3o laboral em 2023 - o que vai (?) mudar - VCA - Valadas Coriel e Associados<\/title>\n<meta name=\"robots\" content=\"index, follow, max-snippet:-1, max-image-preview:large, max-video-preview:-1\" \/>\n<link rel=\"canonical\" href=\"https:\/\/www.valadascoriel.com\/pt-pt\/a-legislacao-laboral-em-2023-o-que-vai-mudar\/\" \/>\n<meta property=\"og:locale\" content=\"pt_PT\" \/>\n<meta property=\"og:type\" content=\"article\" \/>\n<meta property=\"og:title\" content=\"A legisla\u00e7\u00e3o laboral em 2023 - o que vai (?) mudar\" \/>\n<meta property=\"og:description\" content=\"Entre consider\u00e1veis n\u00edveis de incerteza e volatilidade nos mercados, elevadas press\u00f5es nos pre\u00e7os da energia, eros\u00e3o do poder de compra das fam\u00edlias e condi\u00e7\u00f5es de financiamento cada vez mais apertadas, o ano de 2023 avizinha-se como um de grandes desafios para empresas e trabalhadores. As previs\u00f5es mais optimistas apontam para um cen\u00e1rio de (fraco) crescimento [&hellip;]\" \/>\n<meta property=\"og:url\" content=\"https:\/\/www.valadascoriel.com\/pt-pt\/a-legislacao-laboral-em-2023-o-que-vai-mudar\/\" \/>\n<meta property=\"og:site_name\" content=\"VCA - Valadas Coriel e Associados\" \/>\n<meta property=\"article:publisher\" content=\"https:\/\/www.facebook.com\/ValadasCoriel\/\" \/>\n<meta property=\"article:published_time\" content=\"2023-01-03T17:02:53+00:00\" \/>\n<meta property=\"article:modified_time\" content=\"2023-07-10T15:47:29+00:00\" \/>\n<meta property=\"og:image\" content=\"https:\/\/www.valadascoriel.com\/wp-content\/uploads\/2021\/04\/ALTERACOES-CODIGO-DE-TRABALHO.jpg\" \/>\n\t<meta property=\"og:image:width\" content=\"2301\" \/>\n\t<meta property=\"og:image:height\" content=\"1536\" \/>\n\t<meta property=\"og:image:type\" content=\"image\/jpeg\" \/>\n<meta name=\"author\" content=\"Valadas\" \/>\n<meta name=\"twitter:card\" content=\"summary_large_image\" \/>\n<meta name=\"twitter:creator\" content=\"@valadascoriel\" \/>\n<meta name=\"twitter:site\" content=\"@valadascoriel\" \/>\n<meta name=\"twitter:label1\" content=\"Escrito por\" \/>\n\t<meta name=\"twitter:data1\" content=\"Valadas\" \/>\n\t<meta name=\"twitter:label2\" content=\"Tempo estimado de leitura\" \/>\n\t<meta name=\"twitter:data2\" content=\"1 minuto\" \/>\n<script type=\"application\/ld+json\" class=\"yoast-schema-graph\">{\"@context\":\"https:\/\/schema.org\",\"@graph\":[{\"@type\":\"Article\",\"@id\":\"https:\/\/www.valadascoriel.com\/pt-pt\/a-legislacao-laboral-em-2023-o-que-vai-mudar\/#article\",\"isPartOf\":{\"@id\":\"https:\/\/www.valadascoriel.com\/pt-pt\/a-legislacao-laboral-em-2023-o-que-vai-mudar\/\"},\"author\":{\"name\":\"Valadas\",\"@id\":\"https:\/\/www.valadascoriel.com\/#\/schema\/person\/6ba1827f709aa9af93f196dd3033f105\"},\"headline\":\"A legisla\u00e7\u00e3o laboral em 2023 &#8211; o que vai (?) mudar\",\"datePublished\":\"2023-01-03T17:02:53+00:00\",\"dateModified\":\"2023-07-10T15:47:29+00:00\",\"mainEntityOfPage\":{\"@id\":\"https:\/\/www.valadascoriel.com\/pt-pt\/a-legislacao-laboral-em-2023-o-que-vai-mudar\/\"},\"wordCount\":300,\"publisher\":{\"@id\":\"https:\/\/www.valadascoriel.com\/#organization\"},\"image\":{\"@id\":\"https:\/\/www.valadascoriel.com\/pt-pt\/a-legislacao-laboral-em-2023-o-que-vai-mudar\/#primaryimage\"},\"thumbnailUrl\":\"https:\/\/www.valadascoriel.com\/wp-content\/uploads\/2021\/04\/ALTERACOES-CODIGO-DE-TRABALHO.jpg\",\"articleSection\":[\"Not\u00edcias &amp; Insights\",\"Publica\u00e7\u00f5es\"],\"inLanguage\":\"pt-PT\"},{\"@type\":\"WebPage\",\"@id\":\"https:\/\/www.valadascoriel.com\/pt-pt\/a-legislacao-laboral-em-2023-o-que-vai-mudar\/\",\"url\":\"https:\/\/www.valadascoriel.com\/pt-pt\/a-legislacao-laboral-em-2023-o-que-vai-mudar\/\",\"name\":\"A legisla\u00e7\u00e3o laboral em 2023 - o que vai (?) mudar - VCA - Valadas Coriel e Associados\",\"isPartOf\":{\"@id\":\"https:\/\/www.valadascoriel.com\/#website\"},\"primaryImageOfPage\":{\"@id\":\"https:\/\/www.valadascoriel.com\/pt-pt\/a-legislacao-laboral-em-2023-o-que-vai-mudar\/#primaryimage\"},\"image\":{\"@id\":\"https:\/\/www.valadascoriel.com\/pt-pt\/a-legislacao-laboral-em-2023-o-que-vai-mudar\/#primaryimage\"},\"thumbnailUrl\":\"https:\/\/www.valadascoriel.com\/wp-content\/uploads\/2021\/04\/ALTERACOES-CODIGO-DE-TRABALHO.jpg\",\"datePublished\":\"2023-01-03T17:02:53+00:00\",\"dateModified\":\"2023-07-10T15:47:29+00:00\",\"breadcrumb\":{\"@id\":\"https:\/\/www.valadascoriel.com\/pt-pt\/a-legislacao-laboral-em-2023-o-que-vai-mudar\/#breadcrumb\"},\"inLanguage\":\"pt-PT\",\"potentialAction\":[{\"@type\":\"ReadAction\",\"target\":[\"https:\/\/www.valadascoriel.com\/pt-pt\/a-legislacao-laboral-em-2023-o-que-vai-mudar\/\"]}]},{\"@type\":\"ImageObject\",\"inLanguage\":\"pt-PT\",\"@id\":\"https:\/\/www.valadascoriel.com\/pt-pt\/a-legislacao-laboral-em-2023-o-que-vai-mudar\/#primaryimage\",\"url\":\"https:\/\/www.valadascoriel.com\/wp-content\/uploads\/2021\/04\/ALTERACOES-CODIGO-DE-TRABALHO.jpg\",\"contentUrl\":\"https:\/\/www.valadascoriel.com\/wp-content\/uploads\/2021\/04\/ALTERACOES-CODIGO-DE-TRABALHO.jpg\",\"width\":2301,\"height\":1536},{\"@type\":\"BreadcrumbList\",\"@id\":\"https:\/\/www.valadascoriel.com\/pt-pt\/a-legislacao-laboral-em-2023-o-que-vai-mudar\/#breadcrumb\",\"itemListElement\":[{\"@type\":\"ListItem\",\"position\":1,\"name\":\"In\u00edcio\",\"item\":\"https:\/\/www.valadascoriel.com\/pt-pt\/\"},{\"@type\":\"ListItem\",\"position\":2,\"name\":\"A legisla\u00e7\u00e3o laboral em 2023 &#8211; o que vai (?) mudar\"}]},{\"@type\":\"WebSite\",\"@id\":\"https:\/\/www.valadascoriel.com\/#website\",\"url\":\"https:\/\/www.valadascoriel.com\/\",\"name\":\"Valadas Coriel & Associados\",\"description\":\"A versatile legal firm combining experience, expertise &amp; creativity.\",\"publisher\":{\"@id\":\"https:\/\/www.valadascoriel.com\/#organization\"},\"potentialAction\":[{\"@type\":\"SearchAction\",\"target\":{\"@type\":\"EntryPoint\",\"urlTemplate\":\"https:\/\/www.valadascoriel.com\/?s={search_term_string}\"},\"query-input\":{\"@type\":\"PropertyValueSpecification\",\"valueRequired\":true,\"valueName\":\"search_term_string\"}}],\"inLanguage\":\"pt-PT\"},{\"@type\":\"Organization\",\"@id\":\"https:\/\/www.valadascoriel.com\/#organization\",\"name\":\"Valadas Coriel & Associados\",\"alternateName\":\"VCA\",\"url\":\"https:\/\/www.valadascoriel.com\/\",\"logo\":{\"@type\":\"ImageObject\",\"inLanguage\":\"pt-PT\",\"@id\":\"https:\/\/www.valadascoriel.com\/#\/schema\/logo\/image\/\",\"url\":\"https:\/\/www.valadascoriel.com\/wp-content\/uploads\/2023\/03\/cropped-favicon-1.png\",\"contentUrl\":\"https:\/\/www.valadascoriel.com\/wp-content\/uploads\/2023\/03\/cropped-favicon-1.png\",\"width\":512,\"height\":512,\"caption\":\"Valadas Coriel & Associados\"},\"image\":{\"@id\":\"https:\/\/www.valadascoriel.com\/#\/schema\/logo\/image\/\"},\"sameAs\":[\"https:\/\/www.facebook.com\/ValadasCoriel\/\",\"https:\/\/x.com\/valadascoriel\",\"https:\/\/pt.linkedin.com\/company\/vca-valadas-coriel-associados\",\"https:\/\/www.youtube.com\/channel\/UCic8dCFjoTtH5u890aEcW5Q\"]},{\"@type\":\"Person\",\"@id\":\"https:\/\/www.valadascoriel.com\/#\/schema\/person\/6ba1827f709aa9af93f196dd3033f105\",\"name\":\"Valadas\",\"image\":{\"@type\":\"ImageObject\",\"inLanguage\":\"pt-PT\",\"@id\":\"https:\/\/www.valadascoriel.com\/#\/schema\/person\/image\/\",\"url\":\"https:\/\/secure.gravatar.com\/avatar\/27e8efbc4ac63294d5dfdcb8755f8b498edda75901f3d068684f10f93bac11ce?s=96&d=mm&r=g\",\"contentUrl\":\"https:\/\/secure.gravatar.com\/avatar\/27e8efbc4ac63294d5dfdcb8755f8b498edda75901f3d068684f10f93bac11ce?s=96&d=mm&r=g\",\"caption\":\"Valadas\"},\"url\":\"https:\/\/www.valadascoriel.com\/pt-pt\/author\/tgadmin\/\"}]}<\/script>\n<!-- \/ Yoast SEO Premium plugin. -->","yoast_head_json":{"title":"A legisla\u00e7\u00e3o laboral em 2023 - o que vai (?) mudar - VCA - Valadas Coriel e Associados","robots":{"index":"index","follow":"follow","max-snippet":"max-snippet:-1","max-image-preview":"max-image-preview:large","max-video-preview":"max-video-preview:-1"},"canonical":"https:\/\/www.valadascoriel.com\/pt-pt\/a-legislacao-laboral-em-2023-o-que-vai-mudar\/","og_locale":"pt_PT","og_type":"article","og_title":"A legisla\u00e7\u00e3o laboral em 2023 - o que vai (?) mudar","og_description":"Entre consider\u00e1veis n\u00edveis de incerteza e volatilidade nos mercados, elevadas press\u00f5es nos pre\u00e7os da energia, eros\u00e3o do poder de compra das fam\u00edlias e condi\u00e7\u00f5es de financiamento cada vez mais apertadas, o ano de 2023 avizinha-se como um de grandes desafios para empresas e trabalhadores. As previs\u00f5es mais optimistas apontam para um cen\u00e1rio de (fraco) crescimento [&hellip;]","og_url":"https:\/\/www.valadascoriel.com\/pt-pt\/a-legislacao-laboral-em-2023-o-que-vai-mudar\/","og_site_name":"VCA - Valadas Coriel e Associados","article_publisher":"https:\/\/www.facebook.com\/ValadasCoriel\/","article_published_time":"2023-01-03T17:02:53+00:00","article_modified_time":"2023-07-10T15:47:29+00:00","og_image":[{"width":2301,"height":1536,"url":"https:\/\/www.valadascoriel.com\/wp-content\/uploads\/2021\/04\/ALTERACOES-CODIGO-DE-TRABALHO.jpg","type":"image\/jpeg"}],"author":"Valadas","twitter_card":"summary_large_image","twitter_creator":"@valadascoriel","twitter_site":"@valadascoriel","twitter_misc":{"Escrito por":"Valadas","Tempo estimado de leitura":"1 minuto"},"schema":{"@context":"https:\/\/schema.org","@graph":[{"@type":"Article","@id":"https:\/\/www.valadascoriel.com\/pt-pt\/a-legislacao-laboral-em-2023-o-que-vai-mudar\/#article","isPartOf":{"@id":"https:\/\/www.valadascoriel.com\/pt-pt\/a-legislacao-laboral-em-2023-o-que-vai-mudar\/"},"author":{"name":"Valadas","@id":"https:\/\/www.valadascoriel.com\/#\/schema\/person\/6ba1827f709aa9af93f196dd3033f105"},"headline":"A legisla\u00e7\u00e3o laboral em 2023 &#8211; o que vai (?) mudar","datePublished":"2023-01-03T17:02:53+00:00","dateModified":"2023-07-10T15:47:29+00:00","mainEntityOfPage":{"@id":"https:\/\/www.valadascoriel.com\/pt-pt\/a-legislacao-laboral-em-2023-o-que-vai-mudar\/"},"wordCount":300,"publisher":{"@id":"https:\/\/www.valadascoriel.com\/#organization"},"image":{"@id":"https:\/\/www.valadascoriel.com\/pt-pt\/a-legislacao-laboral-em-2023-o-que-vai-mudar\/#primaryimage"},"thumbnailUrl":"https:\/\/www.valadascoriel.com\/wp-content\/uploads\/2021\/04\/ALTERACOES-CODIGO-DE-TRABALHO.jpg","articleSection":["Not\u00edcias &amp; Insights","Publica\u00e7\u00f5es"],"inLanguage":"pt-PT"},{"@type":"WebPage","@id":"https:\/\/www.valadascoriel.com\/pt-pt\/a-legislacao-laboral-em-2023-o-que-vai-mudar\/","url":"https:\/\/www.valadascoriel.com\/pt-pt\/a-legislacao-laboral-em-2023-o-que-vai-mudar\/","name":"A legisla\u00e7\u00e3o laboral em 2023 - o que vai (?) mudar - VCA - Valadas Coriel e Associados","isPartOf":{"@id":"https:\/\/www.valadascoriel.com\/#website"},"primaryImageOfPage":{"@id":"https:\/\/www.valadascoriel.com\/pt-pt\/a-legislacao-laboral-em-2023-o-que-vai-mudar\/#primaryimage"},"image":{"@id":"https:\/\/www.valadascoriel.com\/pt-pt\/a-legislacao-laboral-em-2023-o-que-vai-mudar\/#primaryimage"},"thumbnailUrl":"https:\/\/www.valadascoriel.com\/wp-content\/uploads\/2021\/04\/ALTERACOES-CODIGO-DE-TRABALHO.jpg","datePublished":"2023-01-03T17:02:53+00:00","dateModified":"2023-07-10T15:47:29+00:00","breadcrumb":{"@id":"https:\/\/www.valadascoriel.com\/pt-pt\/a-legislacao-laboral-em-2023-o-que-vai-mudar\/#breadcrumb"},"inLanguage":"pt-PT","potentialAction":[{"@type":"ReadAction","target":["https:\/\/www.valadascoriel.com\/pt-pt\/a-legislacao-laboral-em-2023-o-que-vai-mudar\/"]}]},{"@type":"ImageObject","inLanguage":"pt-PT","@id":"https:\/\/www.valadascoriel.com\/pt-pt\/a-legislacao-laboral-em-2023-o-que-vai-mudar\/#primaryimage","url":"https:\/\/www.valadascoriel.com\/wp-content\/uploads\/2021\/04\/ALTERACOES-CODIGO-DE-TRABALHO.jpg","contentUrl":"https:\/\/www.valadascoriel.com\/wp-content\/uploads\/2021\/04\/ALTERACOES-CODIGO-DE-TRABALHO.jpg","width":2301,"height":1536},{"@type":"BreadcrumbList","@id":"https:\/\/www.valadascoriel.com\/pt-pt\/a-legislacao-laboral-em-2023-o-que-vai-mudar\/#breadcrumb","itemListElement":[{"@type":"ListItem","position":1,"name":"In\u00edcio","item":"https:\/\/www.valadascoriel.com\/pt-pt\/"},{"@type":"ListItem","position":2,"name":"A legisla\u00e7\u00e3o laboral em 2023 &#8211; o que vai (?) mudar"}]},{"@type":"WebSite","@id":"https:\/\/www.valadascoriel.com\/#website","url":"https:\/\/www.valadascoriel.com\/","name":"Valadas Coriel & Associados","description":"A versatile legal firm combining experience, expertise &amp; creativity.","publisher":{"@id":"https:\/\/www.valadascoriel.com\/#organization"},"potentialAction":[{"@type":"SearchAction","target":{"@type":"EntryPoint","urlTemplate":"https:\/\/www.valadascoriel.com\/?s={search_term_string}"},"query-input":{"@type":"PropertyValueSpecification","valueRequired":true,"valueName":"search_term_string"}}],"inLanguage":"pt-PT"},{"@type":"Organization","@id":"https:\/\/www.valadascoriel.com\/#organization","name":"Valadas Coriel & Associados","alternateName":"VCA","url":"https:\/\/www.valadascoriel.com\/","logo":{"@type":"ImageObject","inLanguage":"pt-PT","@id":"https:\/\/www.valadascoriel.com\/#\/schema\/logo\/image\/","url":"https:\/\/www.valadascoriel.com\/wp-content\/uploads\/2023\/03\/cropped-favicon-1.png","contentUrl":"https:\/\/www.valadascoriel.com\/wp-content\/uploads\/2023\/03\/cropped-favicon-1.png","width":512,"height":512,"caption":"Valadas Coriel & Associados"},"image":{"@id":"https:\/\/www.valadascoriel.com\/#\/schema\/logo\/image\/"},"sameAs":["https:\/\/www.facebook.com\/ValadasCoriel\/","https:\/\/x.com\/valadascoriel","https:\/\/pt.linkedin.com\/company\/vca-valadas-coriel-associados","https:\/\/www.youtube.com\/channel\/UCic8dCFjoTtH5u890aEcW5Q"]},{"@type":"Person","@id":"https:\/\/www.valadascoriel.com\/#\/schema\/person\/6ba1827f709aa9af93f196dd3033f105","name":"Valadas","image":{"@type":"ImageObject","inLanguage":"pt-PT","@id":"https:\/\/www.valadascoriel.com\/#\/schema\/person\/image\/","url":"https:\/\/secure.gravatar.com\/avatar\/27e8efbc4ac63294d5dfdcb8755f8b498edda75901f3d068684f10f93bac11ce?s=96&d=mm&r=g","contentUrl":"https:\/\/secure.gravatar.com\/avatar\/27e8efbc4ac63294d5dfdcb8755f8b498edda75901f3d068684f10f93bac11ce?s=96&d=mm&r=g","caption":"Valadas"},"url":"https:\/\/www.valadascoriel.com\/pt-pt\/author\/tgadmin\/"}]}},"_links":{"self":[{"href":"https:\/\/www.valadascoriel.com\/pt-pt\/wp-json\/wp\/v2\/posts\/8348","targetHints":{"allow":["GET"]}}],"collection":[{"href":"https:\/\/www.valadascoriel.com\/pt-pt\/wp-json\/wp\/v2\/posts"}],"about":[{"href":"https:\/\/www.valadascoriel.com\/pt-pt\/wp-json\/wp\/v2\/types\/post"}],"author":[{"embeddable":true,"href":"https:\/\/www.valadascoriel.com\/pt-pt\/wp-json\/wp\/v2\/users\/2"}],"replies":[{"embeddable":true,"href":"https:\/\/www.valadascoriel.com\/pt-pt\/wp-json\/wp\/v2\/comments?post=8348"}],"version-history":[{"count":3,"href":"https:\/\/www.valadascoriel.com\/pt-pt\/wp-json\/wp\/v2\/posts\/8348\/revisions"}],"predecessor-version":[{"id":11587,"href":"https:\/\/www.valadascoriel.com\/pt-pt\/wp-json\/wp\/v2\/posts\/8348\/revisions\/11587"}],"wp:featuredmedia":[{"embeddable":true,"href":"https:\/\/www.valadascoriel.com\/pt-pt\/wp-json\/wp\/v2\/media\/10282"}],"wp:attachment":[{"href":"https:\/\/www.valadascoriel.com\/pt-pt\/wp-json\/wp\/v2\/media?parent=8348"}],"wp:term":[{"taxonomy":"category","embeddable":true,"href":"https:\/\/www.valadascoriel.com\/pt-pt\/wp-json\/wp\/v2\/categories?post=8348"},{"taxonomy":"post_tag","embeddable":true,"href":"https:\/\/www.valadascoriel.com\/pt-pt\/wp-json\/wp\/v2\/tags?post=8348"}],"curies":[{"name":"wp","href":"https:\/\/api.w.org\/{rel}","templated":true}]}}