{"id":8349,"date":"2023-01-11T12:18:50","date_gmt":"2023-01-11T12:18:50","guid":{"rendered":"https:\/\/odin.valadascoriel.com\/patricia-valadas-coriel-sera-oradora-na-2023-global-immigration-expo\/"},"modified":"2023-07-10T15:29:22","modified_gmt":"2023-07-10T15:29:22","slug":"patricia-valadas-coriel-sera-oradora-na-2023-global-immigration-expo","status":"publish","type":"post","link":"https:\/\/www.valadascoriel.com\/pt-pt\/patricia-valadas-coriel-sera-oradora-na-2023-global-immigration-expo\/","title":{"rendered":"Patricia Valadas Coriel ser\u00e1 oradora na 2023 Global Immigration Expo"},"content":{"rendered":"<p><img loading=\"lazy\" decoding=\"async\" class=\"size-medium wp-image-13769 alignright\" src=\"https:\/\/www.valadascoriel.com\/wp-content\/uploads\/2023\/01\/PVC_PATRICIA-VALADAS-CORIEL-SPEAKER-1-300x245.jpg\" alt=\"\" width=\"300\" height=\"245\" \/><strong><a href=\"https:\/\/www.valadascoriel.com\/sociedade\/equipa\/patricia-valadas-coriel\/\" target=\"_blank\" rel=\"noopener\">Patricia Valadas Coriel<\/a><\/strong>, s\u00f3cia da VCA e co-respons\u00e1vel do Departamento de Imigra\u00e7\u00e3o e Investimento, ser\u00e1 oradora na <strong>2023 Global Immigration Expo United states<\/strong>, a ter lugar a 12-13 de Janeiro, em Miami. O evento \u00e9 organizado pela<strong> <a href=\"https:\/\/www.uglobal.com\/en\/about\/\" target=\"_blank\" rel=\"noopener\">Uglobal<\/a><\/strong>, &#8220;uma plataforma din\u00e2mica de educa\u00e7\u00e3o, networking e marketing para qualquer pessoa que participe em transac\u00e7\u00f5es transfronteiras, cidadania por investimento e resid\u00eancia por programas de investimento em todo o mundo&#8221;.<\/p>\n<p>O evento ir\u00e1 oferecer educa\u00e7\u00e3o de alta qualidade por parte dos l\u00edderes da ind\u00fastria e espera-se que re\u00fana profissionais globais em imigra\u00e7\u00e3o de investimento e gest\u00e3o de riqueza. A confer\u00eancia contar\u00e1 com pain\u00e9is interactivos moderados por profissionais experientes em imigra\u00e7\u00e3o e migra\u00e7\u00e3o global. Os pain\u00e9is educacionais ir\u00e3o cobrir t\u00f3picos especificamente para indiv\u00edduos com elevado patrim\u00f3nio l\u00edquido, advogados fiscais e de imigra\u00e7\u00e3o, agentes de migra\u00e7\u00e3o, investidores e promotores de projectos.<\/p>\n<p>O evento ir\u00e1 tamb\u00e9m celebrar os distinguidos vencedores dos Top 25 lan\u00e7ados na Eb5 Investors Magazine e na Uglobal Immigration Magazine.<\/p>\n<p>A s\u00f3cia da VCA participar\u00e1 num painel sobre o tema &#8220;<strong>Global Mobility Trends<\/strong>&#8220;, que debater\u00e1 quest\u00f5es relacionadas com factores-chave e mercados a considerar para obter uma segunda cidadania ou resid\u00eancia, por onde come\u00e7ar, e quais os profissionais a consultar.<\/p>\n<p>Clique <strong><a href=\"https:\/\/www.uglobal.com\/en\/immigration\/conference\/2023-global-immigration-expo-united-states\/\" target=\"_blank\" rel=\"noopener\">aqui<\/a><\/strong> para ver o programa completo.<\/p>\n","protected":false},"excerpt":{"rendered":"<p>Patricia Valadas Coriel, s\u00f3cia da VCA e co-respons\u00e1vel do Departamento de Imigra\u00e7\u00e3o e Investimento, ser\u00e1 oradora na 2023 Global Immigration Expo United states, a ter lugar a 12-13 de Janeiro, em Miami. O evento \u00e9 organizado pela Uglobal, &#8220;uma plataforma din\u00e2mica de educa\u00e7\u00e3o, networking e marketing para qualquer pessoa que participe em transac\u00e7\u00f5es transfronteiras, cidadania [&hellip;]<\/p>\n","protected":false},"author":2,"featured_media":11400,"comment_status":"closed","ping_status":"closed","sticky":false,"template":"","format":"standard","meta":{"content-type":"","footnotes":""},"categories":[24,26],"tags":[],"class_list":["post-8349","post","type-post","status-publish","format-standard","has-post-thumbnail","hentry","category-noticias-e-insights","category-a-sociedade"],"yoast_head":"<!-- This site is optimized with the Yoast SEO Premium plugin v21.3 (Yoast SEO v26.1.1) - https:\/\/yoast.com\/wordpress\/plugins\/seo\/ -->\n<title>Patricia Valadas Coriel ser\u00e1 oradora na 2023 Global Immigration Expo - VCA - Valadas Coriel e Associados<\/title>\n<meta name=\"robots\" content=\"index, follow, max-snippet:-1, max-image-preview:large, max-video-preview:-1\" \/>\n<link rel=\"canonical\" href=\"https:\/\/www.valadascoriel.com\/pt-pt\/patricia-valadas-coriel-sera-oradora-na-2023-global-immigration-expo\/\" \/>\n<meta property=\"og:locale\" content=\"pt_PT\" \/>\n<meta property=\"og:type\" content=\"article\" \/>\n<meta property=\"og:title\" content=\"Patricia Valadas Coriel ser\u00e1 oradora na 2023 Global Immigration Expo\" \/>\n<meta property=\"og:description\" content=\"Patricia Valadas Coriel, s\u00f3cia da VCA e co-respons\u00e1vel do Departamento de Imigra\u00e7\u00e3o e Investimento, ser\u00e1 oradora na 2023 Global Immigration Expo United states, a ter lugar a 12-13 de Janeiro, em Miami. O evento \u00e9 organizado pela Uglobal, &#8220;uma plataforma din\u00e2mica de educa\u00e7\u00e3o, networking e marketing para qualquer pessoa que participe em transac\u00e7\u00f5es transfronteiras, cidadania [&hellip;]\" \/>\n<meta property=\"og:url\" content=\"https:\/\/www.valadascoriel.com\/pt-pt\/patricia-valadas-coriel-sera-oradora-na-2023-global-immigration-expo\/\" \/>\n<meta property=\"og:site_name\" content=\"VCA - Valadas Coriel e Associados\" \/>\n<meta property=\"article:publisher\" content=\"https:\/\/www.facebook.com\/ValadasCoriel\/\" \/>\n<meta property=\"article:published_time\" content=\"2023-01-11T12:18:50+00:00\" \/>\n<meta property=\"article:modified_time\" content=\"2023-07-10T15:29:22+00:00\" \/>\n<meta property=\"og:image\" content=\"https:\/\/www.valadascoriel.com\/wp-content\/uploads\/2023\/01\/IMI-EVENT-MAIAMI-PATRICIA-CORIEL-IMMIGRATION-VALADAS-CORIEL-scaled.jpg\" \/>\n\t<meta property=\"og:image:width\" content=\"2560\" \/>\n\t<meta property=\"og:image:height\" content=\"1707\" \/>\n\t<meta property=\"og:image:type\" content=\"image\/jpeg\" \/>\n<meta name=\"author\" content=\"Valadas\" \/>\n<meta name=\"twitter:card\" content=\"summary_large_image\" \/>\n<meta name=\"twitter:creator\" content=\"@valadascoriel\" \/>\n<meta name=\"twitter:site\" content=\"@valadascoriel\" \/>\n<meta name=\"twitter:label1\" content=\"Escrito por\" \/>\n\t<meta name=\"twitter:data1\" content=\"Valadas\" \/>\n\t<meta name=\"twitter:label2\" content=\"Tempo estimado de leitura\" \/>\n\t<meta name=\"twitter:data2\" content=\"2 minutos\" \/>\n<script type=\"application\/ld+json\" class=\"yoast-schema-graph\">{\"@context\":\"https:\/\/schema.org\",\"@graph\":[{\"@type\":\"Article\",\"@id\":\"https:\/\/www.valadascoriel.com\/pt-pt\/patricia-valadas-coriel-sera-oradora-na-2023-global-immigration-expo\/#article\",\"isPartOf\":{\"@id\":\"https:\/\/www.valadascoriel.com\/pt-pt\/patricia-valadas-coriel-sera-oradora-na-2023-global-immigration-expo\/\"},\"author\":{\"name\":\"Valadas\",\"@id\":\"https:\/\/www.valadascoriel.com\/#\/schema\/person\/6ba1827f709aa9af93f196dd3033f105\"},\"headline\":\"Patricia Valadas Coriel ser\u00e1 oradora na 2023 Global Immigration Expo\",\"datePublished\":\"2023-01-11T12:18:50+00:00\",\"dateModified\":\"2023-07-10T15:29:22+00:00\",\"mainEntityOfPage\":{\"@id\":\"https:\/\/www.valadascoriel.com\/pt-pt\/patricia-valadas-coriel-sera-oradora-na-2023-global-immigration-expo\/\"},\"wordCount\":240,\"publisher\":{\"@id\":\"https:\/\/www.valadascoriel.com\/#organization\"},\"image\":{\"@id\":\"https:\/\/www.valadascoriel.com\/pt-pt\/patricia-valadas-coriel-sera-oradora-na-2023-global-immigration-expo\/#primaryimage\"},\"thumbnailUrl\":\"https:\/\/www.valadascoriel.com\/wp-content\/uploads\/2023\/01\/IMI-EVENT-MAIAMI-PATRICIA-CORIEL-IMMIGRATION-VALADAS-CORIEL-scaled.jpg\",\"articleSection\":[\"Not\u00edcias &amp; Insights\",\"A Sociedade\"],\"inLanguage\":\"pt-PT\"},{\"@type\":\"WebPage\",\"@id\":\"https:\/\/www.valadascoriel.com\/pt-pt\/patricia-valadas-coriel-sera-oradora-na-2023-global-immigration-expo\/\",\"url\":\"https:\/\/www.valadascoriel.com\/pt-pt\/patricia-valadas-coriel-sera-oradora-na-2023-global-immigration-expo\/\",\"name\":\"Patricia Valadas Coriel ser\u00e1 oradora na 2023 Global Immigration Expo - VCA - Valadas Coriel e Associados\",\"isPartOf\":{\"@id\":\"https:\/\/www.valadascoriel.com\/#website\"},\"primaryImageOfPage\":{\"@id\":\"https:\/\/www.valadascoriel.com\/pt-pt\/patricia-valadas-coriel-sera-oradora-na-2023-global-immigration-expo\/#primaryimage\"},\"image\":{\"@id\":\"https:\/\/www.valadascoriel.com\/pt-pt\/patricia-valadas-coriel-sera-oradora-na-2023-global-immigration-expo\/#primaryimage\"},\"thumbnailUrl\":\"https:\/\/www.valadascoriel.com\/wp-content\/uploads\/2023\/01\/IMI-EVENT-MAIAMI-PATRICIA-CORIEL-IMMIGRATION-VALADAS-CORIEL-scaled.jpg\",\"datePublished\":\"2023-01-11T12:18:50+00:00\",\"dateModified\":\"2023-07-10T15:29:22+00:00\",\"breadcrumb\":{\"@id\":\"https:\/\/www.valadascoriel.com\/pt-pt\/patricia-valadas-coriel-sera-oradora-na-2023-global-immigration-expo\/#breadcrumb\"},\"inLanguage\":\"pt-PT\",\"potentialAction\":[{\"@type\":\"ReadAction\",\"target\":[\"https:\/\/www.valadascoriel.com\/pt-pt\/patricia-valadas-coriel-sera-oradora-na-2023-global-immigration-expo\/\"]}]},{\"@type\":\"ImageObject\",\"inLanguage\":\"pt-PT\",\"@id\":\"https:\/\/www.valadascoriel.com\/pt-pt\/patricia-valadas-coriel-sera-oradora-na-2023-global-immigration-expo\/#primaryimage\",\"url\":\"https:\/\/www.valadascoriel.com\/wp-content\/uploads\/2023\/01\/IMI-EVENT-MAIAMI-PATRICIA-CORIEL-IMMIGRATION-VALADAS-CORIEL-scaled.jpg\",\"contentUrl\":\"https:\/\/www.valadascoriel.com\/wp-content\/uploads\/2023\/01\/IMI-EVENT-MAIAMI-PATRICIA-CORIEL-IMMIGRATION-VALADAS-CORIEL-scaled.jpg\",\"width\":2560,\"height\":1707},{\"@type\":\"BreadcrumbList\",\"@id\":\"https:\/\/www.valadascoriel.com\/pt-pt\/patricia-valadas-coriel-sera-oradora-na-2023-global-immigration-expo\/#breadcrumb\",\"itemListElement\":[{\"@type\":\"ListItem\",\"position\":1,\"name\":\"In\u00edcio\",\"item\":\"https:\/\/www.valadascoriel.com\/pt-pt\/\"},{\"@type\":\"ListItem\",\"position\":2,\"name\":\"Patricia Valadas Coriel ser\u00e1 oradora na 2023 Global Immigration Expo\"}]},{\"@type\":\"WebSite\",\"@id\":\"https:\/\/www.valadascoriel.com\/#website\",\"url\":\"https:\/\/www.valadascoriel.com\/\",\"name\":\"Valadas Coriel & Associados\",\"description\":\"A versatile legal firm combining experience, expertise &amp; creativity.\",\"publisher\":{\"@id\":\"https:\/\/www.valadascoriel.com\/#organization\"},\"potentialAction\":[{\"@type\":\"SearchAction\",\"target\":{\"@type\":\"EntryPoint\",\"urlTemplate\":\"https:\/\/www.valadascoriel.com\/?s={search_term_string}\"},\"query-input\":{\"@type\":\"PropertyValueSpecification\",\"valueRequired\":true,\"valueName\":\"search_term_string\"}}],\"inLanguage\":\"pt-PT\"},{\"@type\":\"Organization\",\"@id\":\"https:\/\/www.valadascoriel.com\/#organization\",\"name\":\"Valadas Coriel & Associados\",\"alternateName\":\"VCA\",\"url\":\"https:\/\/www.valadascoriel.com\/\",\"logo\":{\"@type\":\"ImageObject\",\"inLanguage\":\"pt-PT\",\"@id\":\"https:\/\/www.valadascoriel.com\/#\/schema\/logo\/image\/\",\"url\":\"https:\/\/www.valadascoriel.com\/wp-content\/uploads\/2023\/03\/cropped-favicon-1.png\",\"contentUrl\":\"https:\/\/www.valadascoriel.com\/wp-content\/uploads\/2023\/03\/cropped-favicon-1.png\",\"width\":512,\"height\":512,\"caption\":\"Valadas Coriel & Associados\"},\"image\":{\"@id\":\"https:\/\/www.valadascoriel.com\/#\/schema\/logo\/image\/\"},\"sameAs\":[\"https:\/\/www.facebook.com\/ValadasCoriel\/\",\"https:\/\/x.com\/valadascoriel\",\"https:\/\/pt.linkedin.com\/company\/vca-valadas-coriel-associados\",\"https:\/\/www.youtube.com\/channel\/UCic8dCFjoTtH5u890aEcW5Q\"]},{\"@type\":\"Person\",\"@id\":\"https:\/\/www.valadascoriel.com\/#\/schema\/person\/6ba1827f709aa9af93f196dd3033f105\",\"name\":\"Valadas\",\"image\":{\"@type\":\"ImageObject\",\"inLanguage\":\"pt-PT\",\"@id\":\"https:\/\/www.valadascoriel.com\/#\/schema\/person\/image\/\",\"url\":\"https:\/\/secure.gravatar.com\/avatar\/27e8efbc4ac63294d5dfdcb8755f8b498edda75901f3d068684f10f93bac11ce?s=96&d=mm&r=g\",\"contentUrl\":\"https:\/\/secure.gravatar.com\/avatar\/27e8efbc4ac63294d5dfdcb8755f8b498edda75901f3d068684f10f93bac11ce?s=96&d=mm&r=g\",\"caption\":\"Valadas\"},\"url\":\"https:\/\/www.valadascoriel.com\/pt-pt\/author\/tgadmin\/\"}]}<\/script>\n<!-- \/ Yoast SEO Premium plugin. -->","yoast_head_json":{"title":"Patricia Valadas Coriel ser\u00e1 oradora na 2023 Global Immigration Expo - VCA - Valadas Coriel e Associados","robots":{"index":"index","follow":"follow","max-snippet":"max-snippet:-1","max-image-preview":"max-image-preview:large","max-video-preview":"max-video-preview:-1"},"canonical":"https:\/\/www.valadascoriel.com\/pt-pt\/patricia-valadas-coriel-sera-oradora-na-2023-global-immigration-expo\/","og_locale":"pt_PT","og_type":"article","og_title":"Patricia Valadas Coriel ser\u00e1 oradora na 2023 Global Immigration Expo","og_description":"Patricia Valadas Coriel, s\u00f3cia da VCA e co-respons\u00e1vel do Departamento de Imigra\u00e7\u00e3o e Investimento, ser\u00e1 oradora na 2023 Global Immigration Expo United states, a ter lugar a 12-13 de Janeiro, em Miami. O evento \u00e9 organizado pela Uglobal, &#8220;uma plataforma din\u00e2mica de educa\u00e7\u00e3o, networking e marketing para qualquer pessoa que participe em transac\u00e7\u00f5es transfronteiras, cidadania [&hellip;]","og_url":"https:\/\/www.valadascoriel.com\/pt-pt\/patricia-valadas-coriel-sera-oradora-na-2023-global-immigration-expo\/","og_site_name":"VCA - Valadas Coriel e Associados","article_publisher":"https:\/\/www.facebook.com\/ValadasCoriel\/","article_published_time":"2023-01-11T12:18:50+00:00","article_modified_time":"2023-07-10T15:29:22+00:00","og_image":[{"width":2560,"height":1707,"url":"https:\/\/www.valadascoriel.com\/wp-content\/uploads\/2023\/01\/IMI-EVENT-MAIAMI-PATRICIA-CORIEL-IMMIGRATION-VALADAS-CORIEL-scaled.jpg","type":"image\/jpeg"}],"author":"Valadas","twitter_card":"summary_large_image","twitter_creator":"@valadascoriel","twitter_site":"@valadascoriel","twitter_misc":{"Escrito por":"Valadas","Tempo estimado de leitura":"2 minutos"},"schema":{"@context":"https:\/\/schema.org","@graph":[{"@type":"Article","@id":"https:\/\/www.valadascoriel.com\/pt-pt\/patricia-valadas-coriel-sera-oradora-na-2023-global-immigration-expo\/#article","isPartOf":{"@id":"https:\/\/www.valadascoriel.com\/pt-pt\/patricia-valadas-coriel-sera-oradora-na-2023-global-immigration-expo\/"},"author":{"name":"Valadas","@id":"https:\/\/www.valadascoriel.com\/#\/schema\/person\/6ba1827f709aa9af93f196dd3033f105"},"headline":"Patricia Valadas Coriel ser\u00e1 oradora na 2023 Global Immigration Expo","datePublished":"2023-01-11T12:18:50+00:00","dateModified":"2023-07-10T15:29:22+00:00","mainEntityOfPage":{"@id":"https:\/\/www.valadascoriel.com\/pt-pt\/patricia-valadas-coriel-sera-oradora-na-2023-global-immigration-expo\/"},"wordCount":240,"publisher":{"@id":"https:\/\/www.valadascoriel.com\/#organization"},"image":{"@id":"https:\/\/www.valadascoriel.com\/pt-pt\/patricia-valadas-coriel-sera-oradora-na-2023-global-immigration-expo\/#primaryimage"},"thumbnailUrl":"https:\/\/www.valadascoriel.com\/wp-content\/uploads\/2023\/01\/IMI-EVENT-MAIAMI-PATRICIA-CORIEL-IMMIGRATION-VALADAS-CORIEL-scaled.jpg","articleSection":["Not\u00edcias &amp; Insights","A Sociedade"],"inLanguage":"pt-PT"},{"@type":"WebPage","@id":"https:\/\/www.valadascoriel.com\/pt-pt\/patricia-valadas-coriel-sera-oradora-na-2023-global-immigration-expo\/","url":"https:\/\/www.valadascoriel.com\/pt-pt\/patricia-valadas-coriel-sera-oradora-na-2023-global-immigration-expo\/","name":"Patricia Valadas Coriel ser\u00e1 oradora na 2023 Global Immigration Expo - VCA - Valadas Coriel e Associados","isPartOf":{"@id":"https:\/\/www.valadascoriel.com\/#website"},"primaryImageOfPage":{"@id":"https:\/\/www.valadascoriel.com\/pt-pt\/patricia-valadas-coriel-sera-oradora-na-2023-global-immigration-expo\/#primaryimage"},"image":{"@id":"https:\/\/www.valadascoriel.com\/pt-pt\/patricia-valadas-coriel-sera-oradora-na-2023-global-immigration-expo\/#primaryimage"},"thumbnailUrl":"https:\/\/www.valadascoriel.com\/wp-content\/uploads\/2023\/01\/IMI-EVENT-MAIAMI-PATRICIA-CORIEL-IMMIGRATION-VALADAS-CORIEL-scaled.jpg","datePublished":"2023-01-11T12:18:50+00:00","dateModified":"2023-07-10T15:29:22+00:00","breadcrumb":{"@id":"https:\/\/www.valadascoriel.com\/pt-pt\/patricia-valadas-coriel-sera-oradora-na-2023-global-immigration-expo\/#breadcrumb"},"inLanguage":"pt-PT","potentialAction":[{"@type":"ReadAction","target":["https:\/\/www.valadascoriel.com\/pt-pt\/patricia-valadas-coriel-sera-oradora-na-2023-global-immigration-expo\/"]}]},{"@type":"ImageObject","inLanguage":"pt-PT","@id":"https:\/\/www.valadascoriel.com\/pt-pt\/patricia-valadas-coriel-sera-oradora-na-2023-global-immigration-expo\/#primaryimage","url":"https:\/\/www.valadascoriel.com\/wp-content\/uploads\/2023\/01\/IMI-EVENT-MAIAMI-PATRICIA-CORIEL-IMMIGRATION-VALADAS-CORIEL-scaled.jpg","contentUrl":"https:\/\/www.valadascoriel.com\/wp-content\/uploads\/2023\/01\/IMI-EVENT-MAIAMI-PATRICIA-CORIEL-IMMIGRATION-VALADAS-CORIEL-scaled.jpg","width":2560,"height":1707},{"@type":"BreadcrumbList","@id":"https:\/\/www.valadascoriel.com\/pt-pt\/patricia-valadas-coriel-sera-oradora-na-2023-global-immigration-expo\/#breadcrumb","itemListElement":[{"@type":"ListItem","position":1,"name":"In\u00edcio","item":"https:\/\/www.valadascoriel.com\/pt-pt\/"},{"@type":"ListItem","position":2,"name":"Patricia Valadas Coriel ser\u00e1 oradora na 2023 Global Immigration Expo"}]},{"@type":"WebSite","@id":"https:\/\/www.valadascoriel.com\/#website","url":"https:\/\/www.valadascoriel.com\/","name":"Valadas Coriel & Associados","description":"A versatile legal firm combining experience, expertise &amp; creativity.","publisher":{"@id":"https:\/\/www.valadascoriel.com\/#organization"},"potentialAction":[{"@type":"SearchAction","target":{"@type":"EntryPoint","urlTemplate":"https:\/\/www.valadascoriel.com\/?s={search_term_string}"},"query-input":{"@type":"PropertyValueSpecification","valueRequired":true,"valueName":"search_term_string"}}],"inLanguage":"pt-PT"},{"@type":"Organization","@id":"https:\/\/www.valadascoriel.com\/#organization","name":"Valadas Coriel & Associados","alternateName":"VCA","url":"https:\/\/www.valadascoriel.com\/","logo":{"@type":"ImageObject","inLanguage":"pt-PT","@id":"https:\/\/www.valadascoriel.com\/#\/schema\/logo\/image\/","url":"https:\/\/www.valadascoriel.com\/wp-content\/uploads\/2023\/03\/cropped-favicon-1.png","contentUrl":"https:\/\/www.valadascoriel.com\/wp-content\/uploads\/2023\/03\/cropped-favicon-1.png","width":512,"height":512,"caption":"Valadas Coriel & Associados"},"image":{"@id":"https:\/\/www.valadascoriel.com\/#\/schema\/logo\/image\/"},"sameAs":["https:\/\/www.facebook.com\/ValadasCoriel\/","https:\/\/x.com\/valadascoriel","https:\/\/pt.linkedin.com\/company\/vca-valadas-coriel-associados","https:\/\/www.youtube.com\/channel\/UCic8dCFjoTtH5u890aEcW5Q"]},{"@type":"Person","@id":"https:\/\/www.valadascoriel.com\/#\/schema\/person\/6ba1827f709aa9af93f196dd3033f105","name":"Valadas","image":{"@type":"ImageObject","inLanguage":"pt-PT","@id":"https:\/\/www.valadascoriel.com\/#\/schema\/person\/image\/","url":"https:\/\/secure.gravatar.com\/avatar\/27e8efbc4ac63294d5dfdcb8755f8b498edda75901f3d068684f10f93bac11ce?s=96&d=mm&r=g","contentUrl":"https:\/\/secure.gravatar.com\/avatar\/27e8efbc4ac63294d5dfdcb8755f8b498edda75901f3d068684f10f93bac11ce?s=96&d=mm&r=g","caption":"Valadas"},"url":"https:\/\/www.valadascoriel.com\/pt-pt\/author\/tgadmin\/"}]}},"_links":{"self":[{"href":"https:\/\/www.valadascoriel.com\/pt-pt\/wp-json\/wp\/v2\/posts\/8349","targetHints":{"allow":["GET"]}}],"collection":[{"href":"https:\/\/www.valadascoriel.com\/pt-pt\/wp-json\/wp\/v2\/posts"}],"about":[{"href":"https:\/\/www.valadascoriel.com\/pt-pt\/wp-json\/wp\/v2\/types\/post"}],"author":[{"embeddable":true,"href":"https:\/\/www.valadascoriel.com\/pt-pt\/wp-json\/wp\/v2\/users\/2"}],"replies":[{"embeddable":true,"href":"https:\/\/www.valadascoriel.com\/pt-pt\/wp-json\/wp\/v2\/comments?post=8349"}],"version-history":[{"count":3,"href":"https:\/\/www.valadascoriel.com\/pt-pt\/wp-json\/wp\/v2\/posts\/8349\/revisions"}],"predecessor-version":[{"id":11584,"href":"https:\/\/www.valadascoriel.com\/pt-pt\/wp-json\/wp\/v2\/posts\/8349\/revisions\/11584"}],"wp:featuredmedia":[{"embeddable":true,"href":"https:\/\/www.valadascoriel.com\/pt-pt\/wp-json\/wp\/v2\/media\/11400"}],"wp:attachment":[{"href":"https:\/\/www.valadascoriel.com\/pt-pt\/wp-json\/wp\/v2\/media?parent=8349"}],"wp:term":[{"taxonomy":"category","embeddable":true,"href":"https:\/\/www.valadascoriel.com\/pt-pt\/wp-json\/wp\/v2\/categories?post=8349"},{"taxonomy":"post_tag","embeddable":true,"href":"https:\/\/www.valadascoriel.com\/pt-pt\/wp-json\/wp\/v2\/tags?post=8349"}],"curies":[{"name":"wp","href":"https:\/\/api.w.org\/{rel}","templated":true}]}}